{"id":47932,"date":"2024-11-13T15:14:00","date_gmt":"2024-11-13T18:14:00","guid":{"rendered":"https:\/\/radiorevelacionfm.cl\/?p=47932"},"modified":"2024-11-13T15:14:00","modified_gmt":"2024-11-13T18:14:00","slug":"hoy-segundo-dia-presencial-de-la-feria-laboral-mas-grande-de-chile-disponible-online-hasta-el-15-de-noviembre","status":"publish","type":"post","link":"https:\/\/radiorevelacionfm.cl\/?p=47932","title":{"rendered":"Hoy segundo d\u00eda presencial de la Feria Laboral m\u00e1s grande de Chile: Disponible online hasta el 15 de noviembre"},"content":{"rendered":"<div class=\"flex_column av_one_full  flex_column_div av-zero-column-padding first  avia-builder-el-0  el_before_av_one_full  avia-builder-el-first  \" style='border-radius:0px; '><div  class='avia-image-container  av-styling-    avia-builder-el-1  avia-builder-el-no-sibling  avia-align-center '  itemprop=\"image\" itemscope=\"itemscope\" itemtype=\"https:\/\/schema.org\/ImageObject\"  ><div class='avia-image-container-inner'><div class='avia-image-overlay-wrap'><img decoding=\"async\" class='wp-image-47933 avia-img-lazy-loading-not-47933 avia_image' src=\"https:\/\/radiorevelacionfm.cl\/wp-content\/uploads\/2024\/11\/whatsapp-image-2024-11-12-at-1_optimized.02.47-pm-1-1-1.jpeg\" alt='' title='whatsapp-image-2024-11-12-at-1_optimized.02.47-pm-(1)-(1) (1)' height=\"600\" width=\"800\"  itemprop=\"thumbnailUrl\" srcset=\"https:\/\/radiorevelacionfm.cl\/wp-content\/uploads\/2024\/11\/whatsapp-image-2024-11-12-at-1_optimized.02.47-pm-1-1-1.jpeg 800w, https:\/\/radiorevelacionfm.cl\/wp-content\/uploads\/2024\/11\/whatsapp-image-2024-11-12-at-1_optimized.02.47-pm-1-1-1-300x225.jpeg 300w, https:\/\/radiorevelacionfm.cl\/wp-content\/uploads\/2024\/11\/whatsapp-image-2024-11-12-at-1_optimized.02.47-pm-1-1-1-768x576.jpeg 768w, https:\/\/radiorevelacionfm.cl\/wp-content\/uploads\/2024\/11\/whatsapp-image-2024-11-12-at-1_optimized.02.47-pm-1-1-1-705x529.jpeg 705w, https:\/\/radiorevelacionfm.cl\/wp-content\/uploads\/2024\/11\/whatsapp-image-2024-11-12-at-1_optimized.02.47-pm-1-1-1-450x338.jpeg 450w, https:\/\/radiorevelacionfm.cl\/wp-content\/uploads\/2024\/11\/whatsapp-image-2024-11-12-at-1_optimized.02.47-pm-1-1-1-600x450.jpeg 600w\" sizes=\"(max-width: 800px) 100vw, 800px\" \/><\/div><\/div><\/div><\/div><div class=\"flex_column av_one_full  flex_column_div av-zero-column-padding first  avia-builder-el-2  el_after_av_one_full  el_before_av_one_full  column-top-margin\" style='border-radius:0px; '><section class=\"av_textblock_section \"  itemscope=\"itemscope\" itemtype=\"https:\/\/schema.org\/BlogPosting\" itemprop=\"blogPost\" ><div class='avia_textblock  '   itemprop=\"text\" ><p style=\"text-align: center;\"><span style=\"font-size: 18pt;\"><strong>Hoy segundo d\u00eda presencial de la Feria Laboral m\u00e1s grande de Chile: Disponible online hasta el 15 de noviembre<\/strong><\/span><\/p>\n<div id=\"gtx-trans\" style=\"position: absolute; left: -50px; top: 4.31534px;\">\n<div class=\"gtx-trans-icon\"><\/div>\n<\/div>\n<\/div><\/section><\/div><div class=\"flex_column av_one_full  flex_column_div av-zero-column-padding first  avia-builder-el-4  el_after_av_one_full  el_before_av_hr  column-top-margin\" style='border-radius:0px; '><section class=\"av_textblock_section \"  itemscope=\"itemscope\" itemtype=\"https:\/\/schema.org\/BlogPosting\" itemprop=\"blogPost\" ><div class='avia_textblock  '   itemprop=\"text\" ><p style=\"text-align: justify;\">La Feria Laboral INACAP-CPC 2024 contin\u00faa hoy con su segundo d\u00eda presencial en INACAP Sede Coyhaique y permanecer\u00e1 disponible de forma online hasta el viernes 15 de noviembre, ofreciendo m\u00e1s de 20 mil vacantes laborales para quienes deseen postular. Esta feria, que re\u00fane a 1.100 empresas de todo el pa\u00eds, es la m\u00e1s grande de su tipo en Chile.<\/p>\n<p style=\"text-align: justify;\">Con presencia simult\u00e1nea en todas las sedes de INACAP desde Arica hasta Punta Arenas, la feria ofrece una amplia gama de oportunidades laborales en sectores clave de la industria. La oferta incluye opciones para profesionales, t\u00e9cnicos, y estudiantes en busca de pr\u00e1cticas, con modalidades de jornada part-time, freelance, y tiempo completo. Adem\u00e1s, 2.000 de estos cupos son para empleos inclusivos y muchos no requieren experiencia previa.<\/p>\n<p style=\"text-align: justify;\">Manuel Olivares, Presidente del Consejo Directivo de INACAP, resalt\u00f3 la importancia de este evento afirmando que, \u00abuna vez m\u00e1s abrimos las puertas de INACAP en todo el pa\u00eds, de Arica a Punta Arenas, con un prop\u00f3sito claro: impulsar la empleabilidad. Esta feria es una gran noticia para las personas y para el pa\u00eds, en apoyo a la formaci\u00f3n de t\u00e9cnicos y profesionales que son el futuro de Chile\u00bb.<\/p>\n<p style=\"text-align: justify;\">En el contexto regional, Constanza Sep\u00falveda, Directora de Admisi\u00f3n, Comunicaciones y Estudiantes de INACAP Sede Coyhaique, destac\u00f3 el valor de la feria para la regi\u00f3n de Ays\u00e9n. \u201cPara INACAP Sede Coyhaique, esta feria es un espacio fundamental donde las empresas regionales pueden mostrar sus ofertas de trabajo directamente a la comunidad. Es una excelente oportunidad para quienes buscan empleo, y la invitaci\u00f3n sigue abierta para que toda la comunidad participe activamente\u00bb, coment\u00f3. La modalidad presencial permite una interacci\u00f3n m\u00e1s directa y personalizada entre asistentes y empleadores, facilitando el proceso de vinculaci\u00f3n laboral.<\/p>\n<p style=\"text-align: justify;\">Los asistentes a la feria pueden beneficiarse de tutor\u00edas y asesor\u00eda de expertos sobre c\u00f3mo elaborar curr\u00edculum y enfrentar entrevistas laborales. Hoy, el evento contin\u00faa en el auditorio de la sede Coyhaique, ubicada en Las Violetas #171, de 09:00 a 18:00 hrs.<\/p>\n<\/div><\/section><\/div><div  style='height:50px' class='hr hr-invisible   avia-builder-el-6  el_after_av_one_full  el_before_av_social_share '><span class='hr-inner ' ><span class='hr-inner-style'><\/span><\/span><\/div><\/p>\n<div  class='av-social-sharing-box  avia-builder-el-7  el_after_av_hr  el_before_av_hr  '><div class='av-share-box'><h5 class='av-share-link-description av-no-toc '>Compartir esta noticia<\/h5><ul class='av-share-box-list noLightbox'><li class='av-share-link av-social-link-facebook' ><a target=\"_blank\" aria-label=\"Compartir en Facebook\" href='https:\/\/www.facebook.com\/sharer.php?u=https:\/\/radiorevelacionfm.cl\/?p=47932&#038;t=Hoy%20segundo%20d%C3%ADa%20presencial%20de%20la%20Feria%20Laboral%20m%C3%A1s%20grande%20de%20Chile%3A%20Disponible%20online%20hasta%20el%2015%20de%20noviembre' aria-hidden='false' data-av_icon='\ue8f3' data-av_iconfont='entypo-fontello' title='' data-avia-related-tooltip='Compartir en Facebook' rel=\"noopener\"><span class='avia_hidden_link_text'>Compartir en Facebook<\/span><\/a><\/li><li class='av-share-link av-social-link-twitter' ><a target=\"_blank\" aria-label=\"Compartir en Twitter\" href='https:\/\/twitter.com\/share?text=Hoy%20segundo%20d%C3%ADa%20presencial%20de%20la%20Feria%20Laboral%20m%C3%A1s%20grande%20de%20Chile%3A%20Disponible%20online%20hasta%20el%2015%20de%20noviembre&#038;url=https:\/\/radiorevelacionfm.cl\/?p=47932' aria-hidden='false' data-av_icon='\ue8f1' data-av_iconfont='entypo-fontello' title='' data-avia-related-tooltip='Compartir en Twitter' rel=\"noopener\"><span class='avia_hidden_link_text'>Compartir en Twitter<\/span><\/a><\/li><li class='av-share-link av-social-link-whatsapp' ><a target=\"_blank\" aria-label=\"Compartir en Whatsapp\" href='https:\/\/api.whatsapp.com\/send?text=https:\/\/radiorevelacionfm.cl\/?p=47932' aria-hidden='false' data-av_icon='\uf232' data-av_iconfont='entypo-fontello' title='' data-avia-related-tooltip='Compartir en Whatsapp' rel=\"noopener\"><span class='avia_hidden_link_text'>Compartir en Whatsapp<\/span><\/a><\/li><li class='av-share-link av-social-link-linkedin' ><a target=\"_blank\" aria-label=\"Compartir en LinkedIn\" href='https:\/\/linkedin.com\/shareArticle?mini=true&#038;title=Hoy%20segundo%20d%C3%ADa%20presencial%20de%20la%20Feria%20Laboral%20m%C3%A1s%20grande%20de%20Chile%3A%20Disponible%20online%20hasta%20el%2015%20de%20noviembre&#038;url=https:\/\/radiorevelacionfm.cl\/?p=47932' aria-hidden='false' data-av_icon='\ue8fc' data-av_iconfont='entypo-fontello' title='' data-avia-related-tooltip='Compartir en LinkedIn' rel=\"noopener\"><span class='avia_hidden_link_text'>Compartir en LinkedIn<\/span><\/a><\/li><li class='av-share-link av-social-link-mail' ><a  aria-label=\"Compartir por correo\" href='mailto:?subject=Hoy%20segundo%20d%C3%ADa%20presencial%20de%20la%20Feria%20Laboral%20m%C3%A1s%20grande%20de%20Chile%3A%20Disponible%20online%20hasta%20el%2015%20de%20noviembre&#038;body=https:\/\/radiorevelacionfm.cl\/?p=47932' aria-hidden='false' data-av_icon='\ue805' data-av_iconfont='entypo-fontello' title='' data-avia-related-tooltip='Compartir por correo'><span class='avia_hidden_link_text'>Compartir por correo<\/span><\/a><\/li><\/ul><\/div><\/div>\n<div  style='height:50px' class='hr hr-invisible   avia-builder-el-8  el_after_av_social_share  el_before_av_comments_list '><span class='hr-inner ' ><span class='hr-inner-style'><\/span><\/span><\/div>\n<div  class='av-buildercomment  av-blog-meta-html-info-disabled av-blog-meta-tag-disabled  '><\/div>\n","protected":false},"excerpt":{"rendered":"","protected":false},"author":1,"featured_media":47933,"comment_status":"open","ping_status":"open","sticky":false,"template":"","format":"standard","meta":{"footnotes":""},"categories":[38],"tags":[],"class_list":["post-47932","post","type-post","status-publish","format-standard","has-post-thumbnail","hentry","category-regional"],"jetpack_featured_media_url":"https:\/\/radiorevelacionfm.cl\/wp-content\/uploads\/2024\/11\/whatsapp-image-2024-11-12-at-1_optimized.02.47-pm-1-1-1.jpeg","_links":{"self":[{"href":"https:\/\/radiorevelacionfm.cl\/index.php?rest_route=\/wp\/v2\/posts\/47932","targetHints":{"allow":["GET"]}}],"collection":[{"href":"https:\/\/radiorevelacionfm.cl\/index.php?rest_route=\/wp\/v2\/posts"}],"about":[{"href":"https:\/\/radiorevelacionfm.cl\/index.php?rest_route=\/wp\/v2\/types\/post"}],"author":[{"embeddable":true,"href":"https:\/\/radiorevelacionfm.cl\/index.php?rest_route=\/wp\/v2\/users\/1"}],"replies":[{"embeddable":true,"href":"https:\/\/radiorevelacionfm.cl\/index.php?rest_route=%2Fwp%2Fv2%2Fcomments&post=47932"}],"version-history":[{"count":1,"href":"https:\/\/radiorevelacionfm.cl\/index.php?rest_route=\/wp\/v2\/posts\/47932\/revisions"}],"predecessor-version":[{"id":47934,"href":"https:\/\/radiorevelacionfm.cl\/index.php?rest_route=\/wp\/v2\/posts\/47932\/revisions\/47934"}],"wp:featuredmedia":[{"embeddable":true,"href":"https:\/\/radiorevelacionfm.cl\/index.php?rest_route=\/wp\/v2\/media\/47933"}],"wp:attachment":[{"href":"https:\/\/radiorevelacionfm.cl\/index.php?rest_route=%2Fwp%2Fv2%2Fmedia&parent=47932"}],"wp:term":[{"taxonomy":"category","embeddable":true,"href":"https:\/\/radiorevelacionfm.cl\/index.php?rest_route=%2Fwp%2Fv2%2Fcategories&post=47932"},{"taxonomy":"post_tag","embeddable":true,"href":"https:\/\/radiorevelacionfm.cl\/index.php?rest_route=%2Fwp%2Fv2%2Ftags&post=47932"}],"curies":[{"name":"wp","href":"https:\/\/api.w.org\/{rel}","templated":true}]}}