{"id":4793,"date":"2021-06-02T10:18:03","date_gmt":"2021-06-02T13:18:03","guid":{"rendered":"https:\/\/radiorevelacionfm.cl\/?p=4793"},"modified":"2021-06-02T10:18:03","modified_gmt":"2021-06-02T13:18:03","slug":"asistentes-policiales-de-la-pdi-aysen-reciben-placa-de-servicio","status":"publish","type":"post","link":"https:\/\/radiorevelacionfm.cl\/?p=4793","title":{"rendered":"Asistentes policiales de la PDI Ays\u00e9n reciben placa de servicio"},"content":{"rendered":"<div class=\"flex_column av_one_full  flex_column_div av-zero-column-padding first  avia-builder-el-0  el_before_av_one_full  avia-builder-el-first  \" style='border-radius:0px; '><div  class='avia-image-container  av-styling-    avia-builder-el-1  avia-builder-el-no-sibling  avia-align-center '  itemprop=\"image\" itemscope=\"itemscope\" itemtype=\"https:\/\/schema.org\/ImageObject\"  ><div class='avia-image-container-inner'><div class='avia-image-overlay-wrap'><img decoding=\"async\" class='wp-image-4794 avia-img-lazy-loading-not-4794 avia_image' src=\"https:\/\/radiorevelacionfm.cl\/wp-content\/uploads\/2021\/06\/Entrega-Placas-de-Servicio-1-1-1.jpg\" alt='' title='Entrega Placas de Servicio 1 (1) (1)' height=\"600\" width=\"900\"  itemprop=\"thumbnailUrl\" srcset=\"https:\/\/radiorevelacionfm.cl\/wp-content\/uploads\/2021\/06\/Entrega-Placas-de-Servicio-1-1-1.jpg 900w, https:\/\/radiorevelacionfm.cl\/wp-content\/uploads\/2021\/06\/Entrega-Placas-de-Servicio-1-1-1-300x200.jpg 300w, https:\/\/radiorevelacionfm.cl\/wp-content\/uploads\/2021\/06\/Entrega-Placas-de-Servicio-1-1-1-768x512.jpg 768w, https:\/\/radiorevelacionfm.cl\/wp-content\/uploads\/2021\/06\/Entrega-Placas-de-Servicio-1-1-1-705x470.jpg 705w, https:\/\/radiorevelacionfm.cl\/wp-content\/uploads\/2021\/06\/Entrega-Placas-de-Servicio-1-1-1-600x400.jpg 600w\" sizes=\"(max-width: 900px) 100vw, 900px\" \/><\/div><\/div><\/div><\/div><div class=\"flex_column av_one_full  flex_column_div av-zero-column-padding first  avia-builder-el-2  el_after_av_one_full  el_before_av_one_full  column-top-margin\" style='border-radius:0px; '><section class=\"av_textblock_section \"  itemscope=\"itemscope\" itemtype=\"https:\/\/schema.org\/BlogPosting\" itemprop=\"blogPost\" ><div class='avia_textblock  '   itemprop=\"text\" ><p style=\"text-align: center;\"><strong><span style=\"font-size: 18pt;\">Asistentes policiales de la PDI Ays\u00e9n reciben placa de servicio<\/span><\/strong><\/p>\n<div id=\"gtx-trans\" style=\"position: absolute; left: -50px; top: 4.31534px;\">\n<div class=\"gtx-trans-icon\"><\/div>\n<\/div>\n<\/div><\/section><\/div><div class=\"flex_column av_one_full  flex_column_div av-zero-column-padding first  avia-builder-el-4  el_after_av_one_full  el_before_av_hr  column-top-margin\" style='border-radius:0px; '><section class=\"av_textblock_section \"  itemscope=\"itemscope\" itemtype=\"https:\/\/schema.org\/BlogPosting\" itemprop=\"blogPost\" ><div class='avia_textblock  '   itemprop=\"text\" ><p style=\"text-align: justify;\">Este martes 1 de junio de 2021, y en el marco del 88\u00b0 Aniversario de la Polic\u00eda de Investigaciones de Chile, se concret\u00f3 la entrega de la \u201cPlaca de Servicio\u201d a 1.120 hombres y mujeres que conforman el escalaf\u00f3n de Asistentes Policiales, distintivo que los identifica ante la ciudadan\u00eda como personal policial.<\/p>\n<p style=\"text-align: justify;\">En un simb\u00f3lico acto, acotado por los aforos y medidas sanitarias acordes al actual estado de la pandemia, siete asistentes policiales recibieron de parte del Director General H\u00e9ctor Espinosa, una nueva Placa de Servicio, en representaci\u00f3n de los 1.120 hombres y mujeres que cumplen con esta importante labor de apoyo a la funci\u00f3n principal de la PDI: la investigaci\u00f3n criminal.<\/p>\n<p style=\"text-align: justify;\">A nivel local, un total de 11 asistentes policiales de la Regi\u00f3n Policial de Ays\u00e9n de la Polic\u00eda de Investigaciones de Chile recibieron su placa de servicio, acto que simboliza el compromiso que han tenido durante su trayectoria institucional en las tareas de investigaci\u00f3n policial.<\/p>\n<p style=\"text-align: justify;\">Sobre este importante acontecimiento, el jefe regional, prefecto Jorge Vald\u00e9s, se\u00f1al\u00f3 que \u201cel d\u00eda de hoy, la Polic\u00eda de Investigaciones de Chile a lo largo de todo el pa\u00eds hizo entrega a nuestros asistentes policiales su Placa de Servicio. Creo que este es un hito importante en nuestra instituci\u00f3n, porque nos otorga la calidad de servidores p\u00fablicos. Este testimonio tiene una significancia muy importante y especial para nuestros asistentes policiales, ya que es un reconocimiento a su trayectoria, su aporte y a todo lo que hacen d\u00eda a d\u00eda, no solo por la polic\u00eda, sino que por la comunidad\u201d.<\/p>\n<p style=\"text-align: justify;\">Para llegar a este importante hito, a fines de 2020 se materializ\u00f3 la modificaci\u00f3n a la Ley Org\u00e1nica de la Polic\u00eda de Investigaciones y se puso en marcha un programa de \u201creentrenamiento y actualizaci\u00f3n operativa policial\u201d orientado a reforzar las competencias de los asistentes policiales. Este programa fue impartido por el Centro de Capacitaci\u00f3n Profesional (CECAPRO), dependiente de la Jefatura Nacional De Educaci\u00f3n y Doctrina de la PDI, plantel de instrucci\u00f3n policial de nivel t\u00e9cnico destinado a la formaci\u00f3n, capacitaci\u00f3n y perfeccionamiento de los funcionarios, cuyo principal objetivo es la entrega de habilidades y destrezas que califiquen a sus alumnos para el ejercicio de una actividad t\u00e9cnica o de apoyo a funci\u00f3n investigativa policial.<\/p>\n<p style=\"text-align: justify;\">En t\u00e9rminos legislativos, su origen se encuentra en el art\u00edculo de la Ley 21.306 del Ministerio de Hacienda, publicada en con fecha 31 de diciembre de 2020, que incorpora una modificaci\u00f3n al art\u00edculo 16 del Decreto Ley 2.460 de 1979, que dicta la Ley Org\u00e1nica de la PDI. En concreto, se\u00f1ala que \u201clos funcionarios que pertenezcan a los escalafones de Oficiales Policiales y Asistentes Policiales usar\u00e1n como distintivo una \u00abPlaca de Servicio\u00bb y una \u00abTarjeta de Identidad Policial\u00bb, que acreditar\u00e1n su cargo, funci\u00f3n e identidad\u201d.<\/p>\n<p style=\"text-align: justify;\">Esta nueva identificaci\u00f3n tiene el mismo dise\u00f1o que la placa que portan los detectives, pero se diferencia por el color dorado que le da su material, el bronce. Adem\u00e1s, posee una tarjeta de identificaci\u00f3n donde aparece la fotograf\u00eda y datos del funcionario policial.<\/p>\n<p style=\"text-align: justify;\">En este contexto, por primera vez se hizo entrega de la placa de servicio a los asistentes policiales que aprobaron el curso, enfatizando el prefecto Jorge Vald\u00e9s que \u201cnos sentimos muy orgullosos, muy contentos y estamos satisfechos por este acto en donde les entregamos este s\u00edmbolo muy preciado que es la placa de servicio institucional\u201d.<\/p>\n<p style=\"text-align: justify;\">En representaci\u00f3n de los funcionarios policiales de la Regi\u00f3n Policial de Ays\u00e9n, el asistente policial Patricio Tobar, de la Prefectura Provincial Ays\u00e9n, expres\u00f3 que este reconocimiento marca una nueva etapa para su escalaf\u00f3n y para las nuevas generaciones de asistentes policiales, donde la capacitaci\u00f3n constante, el constante apoyo a la labor policial y el compromiso con la ciudadan\u00eda son fundamentales para fortalecer el trabajo investigativo de la PDI. Cabe hacer presente, que el asistente policial Patricio Tobar continu\u00f3 la tradici\u00f3n familiar al igual que su padre, un destacado funcionario policial de anta\u00f1o, don Arturo Tobar G\u00f3mez, quien cumpliera labores en la misma funci\u00f3n.<\/p>\n<\/div><\/section><\/div><div  style='height:50px' class='hr hr-invisible   avia-builder-el-6  el_after_av_one_full  el_before_av_social_share '><span class='hr-inner ' ><span class='hr-inner-style'><\/span><\/span><\/div><\/p>\n<div  class='av-social-sharing-box  avia-builder-el-7  el_after_av_hr  el_before_av_hr  '><div class='av-share-box'><h5 class='av-share-link-description av-no-toc '>Compartir esta noticia<\/h5><ul class='av-share-box-list noLightbox'><li class='av-share-link av-social-link-facebook' ><a target=\"_blank\" aria-label=\"Compartir en Facebook\" href='https:\/\/www.facebook.com\/sharer.php?u=https:\/\/radiorevelacionfm.cl\/?p=4793&#038;t=Asistentes%20policiales%20de%20la%20PDI%20Ays%C3%A9n%20reciben%20placa%20de%20servicio' aria-hidden='false' data-av_icon='\ue8f3' data-av_iconfont='entypo-fontello' title='' data-avia-related-tooltip='Compartir en Facebook' rel=\"noopener\"><span class='avia_hidden_link_text'>Compartir en Facebook<\/span><\/a><\/li><li class='av-share-link av-social-link-twitter' ><a target=\"_blank\" aria-label=\"Compartir en Twitter\" href='https:\/\/twitter.com\/share?text=Asistentes%20policiales%20de%20la%20PDI%20Ays%C3%A9n%20reciben%20placa%20de%20servicio&#038;url=https:\/\/radiorevelacionfm.cl\/?p=4793' aria-hidden='false' data-av_icon='\ue8f1' data-av_iconfont='entypo-fontello' title='' data-avia-related-tooltip='Compartir en Twitter' rel=\"noopener\"><span class='avia_hidden_link_text'>Compartir en Twitter<\/span><\/a><\/li><li class='av-share-link av-social-link-whatsapp' ><a target=\"_blank\" aria-label=\"Compartir en Whatsapp\" href='https:\/\/api.whatsapp.com\/send?text=https:\/\/radiorevelacionfm.cl\/?p=4793' aria-hidden='false' data-av_icon='\uf232' data-av_iconfont='entypo-fontello' title='' data-avia-related-tooltip='Compartir en Whatsapp' rel=\"noopener\"><span class='avia_hidden_link_text'>Compartir en Whatsapp<\/span><\/a><\/li><li class='av-share-link av-social-link-linkedin' ><a target=\"_blank\" aria-label=\"Compartir en LinkedIn\" href='https:\/\/linkedin.com\/shareArticle?mini=true&#038;title=Asistentes%20policiales%20de%20la%20PDI%20Ays%C3%A9n%20reciben%20placa%20de%20servicio&#038;url=https:\/\/radiorevelacionfm.cl\/?p=4793' aria-hidden='false' data-av_icon='\ue8fc' data-av_iconfont='entypo-fontello' title='' data-avia-related-tooltip='Compartir en LinkedIn' rel=\"noopener\"><span class='avia_hidden_link_text'>Compartir en LinkedIn<\/span><\/a><\/li><li class='av-share-link av-social-link-mail' ><a  aria-label=\"Compartir por correo\" href='mailto:?subject=Asistentes%20policiales%20de%20la%20PDI%20Ays%C3%A9n%20reciben%20placa%20de%20servicio&#038;body=https:\/\/radiorevelacionfm.cl\/?p=4793' aria-hidden='false' data-av_icon='\ue805' data-av_iconfont='entypo-fontello' title='' data-avia-related-tooltip='Compartir por correo'><span class='avia_hidden_link_text'>Compartir por correo<\/span><\/a><\/li><\/ul><\/div><\/div>\n<div  style='height:50px' class='hr hr-invisible   avia-builder-el-8  el_after_av_social_share  el_before_av_comments_list '><span class='hr-inner ' ><span class='hr-inner-style'><\/span><\/span><\/div>\n<div  class='av-buildercomment  av-blog-meta-html-info-disabled av-blog-meta-tag-disabled  '><\/div>\n","protected":false},"excerpt":{"rendered":"","protected":false},"author":1,"featured_media":4794,"comment_status":"open","ping_status":"open","sticky":false,"template":"","format":"standard","meta":{"footnotes":""},"categories":[36],"tags":[],"class_list":["post-4793","post","type-post","status-publish","format-standard","has-post-thumbnail","hentry","category-policial"],"jetpack_featured_media_url":"https:\/\/radiorevelacionfm.cl\/wp-content\/uploads\/2021\/06\/Entrega-Placas-de-Servicio-1-1-1.jpg","_links":{"self":[{"href":"https:\/\/radiorevelacionfm.cl\/index.php?rest_route=\/wp\/v2\/posts\/4793","targetHints":{"allow":["GET"]}}],"collection":[{"href":"https:\/\/radiorevelacionfm.cl\/index.php?rest_route=\/wp\/v2\/posts"}],"about":[{"href":"https:\/\/radiorevelacionfm.cl\/index.php?rest_route=\/wp\/v2\/types\/post"}],"author":[{"embeddable":true,"href":"https:\/\/radiorevelacionfm.cl\/index.php?rest_route=\/wp\/v2\/users\/1"}],"replies":[{"embeddable":true,"href":"https:\/\/radiorevelacionfm.cl\/index.php?rest_route=%2Fwp%2Fv2%2Fcomments&post=4793"}],"version-history":[{"count":1,"href":"https:\/\/radiorevelacionfm.cl\/index.php?rest_route=\/wp\/v2\/posts\/4793\/revisions"}],"predecessor-version":[{"id":4795,"href":"https:\/\/radiorevelacionfm.cl\/index.php?rest_route=\/wp\/v2\/posts\/4793\/revisions\/4795"}],"wp:featuredmedia":[{"embeddable":true,"href":"https:\/\/radiorevelacionfm.cl\/index.php?rest_route=\/wp\/v2\/media\/4794"}],"wp:attachment":[{"href":"https:\/\/radiorevelacionfm.cl\/index.php?rest_route=%2Fwp%2Fv2%2Fmedia&parent=4793"}],"wp:term":[{"taxonomy":"category","embeddable":true,"href":"https:\/\/radiorevelacionfm.cl\/index.php?rest_route=%2Fwp%2Fv2%2Fcategories&post=4793"},{"taxonomy":"post_tag","embeddable":true,"href":"https:\/\/radiorevelacionfm.cl\/index.php?rest_route=%2Fwp%2Fv2%2Ftags&post=4793"}],"curies":[{"name":"wp","href":"https:\/\/api.w.org\/{rel}","templated":true}]}}