{"id":47929,"date":"2024-11-13T12:32:52","date_gmt":"2024-11-13T15:32:52","guid":{"rendered":"https:\/\/radiorevelacionfm.cl\/?p=47929"},"modified":"2024-11-13T12:32:52","modified_gmt":"2024-11-13T15:32:52","slug":"camara-de-la-construccion-insta-a-concretar-proyectos-que-mejoren-la-calidad-de-vida-de-los-coyhaiquinos","status":"publish","type":"post","link":"https:\/\/radiorevelacionfm.cl\/?p=47929","title":{"rendered":"C\u00e1mara de la Construcci\u00f3n insta a concretar proyectos que mejoren la calidad de vida de los Coyhaiquinos"},"content":{"rendered":"<div class=\"flex_column av_one_full  flex_column_div av-zero-column-padding first  avia-builder-el-0  el_before_av_one_full  avia-builder-el-first  \" style='border-radius:0px; '><div  class='avia-image-container  av-styling-    avia-builder-el-1  avia-builder-el-no-sibling  avia-align-center '  itemprop=\"image\" itemscope=\"itemscope\" itemtype=\"https:\/\/schema.org\/ImageObject\"  ><div class='avia-image-container-inner'><div class='avia-image-overlay-wrap'><img decoding=\"async\" class='wp-image-47930 avia-img-lazy-loading-not-47930 avia_image' src=\"https:\/\/radiorevelacionfm.cl\/wp-content\/uploads\/2024\/11\/Acuerdo-Vision-de-Ciudad-2023-1-1.jpg\" alt='' title='Acuerdo Visi\u00f3n de Ciudad 2023 (1) (1)' height=\"600\" width=\"1058\"  itemprop=\"thumbnailUrl\" srcset=\"https:\/\/radiorevelacionfm.cl\/wp-content\/uploads\/2024\/11\/Acuerdo-Vision-de-Ciudad-2023-1-1.jpg 1058w, https:\/\/radiorevelacionfm.cl\/wp-content\/uploads\/2024\/11\/Acuerdo-Vision-de-Ciudad-2023-1-1-300x170.jpg 300w, https:\/\/radiorevelacionfm.cl\/wp-content\/uploads\/2024\/11\/Acuerdo-Vision-de-Ciudad-2023-1-1-1030x584.jpg 1030w, https:\/\/radiorevelacionfm.cl\/wp-content\/uploads\/2024\/11\/Acuerdo-Vision-de-Ciudad-2023-1-1-768x436.jpg 768w, https:\/\/radiorevelacionfm.cl\/wp-content\/uploads\/2024\/11\/Acuerdo-Vision-de-Ciudad-2023-1-1-705x400.jpg 705w, https:\/\/radiorevelacionfm.cl\/wp-content\/uploads\/2024\/11\/Acuerdo-Vision-de-Ciudad-2023-1-1-450x255.jpg 450w, https:\/\/radiorevelacionfm.cl\/wp-content\/uploads\/2024\/11\/Acuerdo-Vision-de-Ciudad-2023-1-1-600x340.jpg 600w\" sizes=\"(max-width: 1058px) 100vw, 1058px\" \/><\/div><\/div><\/div><\/div><div class=\"flex_column av_one_full  flex_column_div av-zero-column-padding first  avia-builder-el-2  el_after_av_one_full  el_before_av_one_full  column-top-margin\" style='border-radius:0px; '><section class=\"av_textblock_section \"  itemscope=\"itemscope\" itemtype=\"https:\/\/schema.org\/BlogPosting\" itemprop=\"blogPost\" ><div class='avia_textblock  '   itemprop=\"text\" ><p style=\"text-align: center;\"><span style=\"font-size: 18pt;\"><b>C\u00e1mara de la Construcci\u00f3n insta a concretar proyectos que mejoren la calidad de vida de los Coyhaiquinos<\/b><\/span><\/p>\n<div id=\"gtx-trans\" style=\"position: absolute; left: -50px; top: 4.31534px;\">\n<div class=\"gtx-trans-icon\"><\/div>\n<\/div>\n<\/div><\/section><\/div><div class=\"flex_column av_one_full  flex_column_div av-zero-column-padding first  avia-builder-el-4  el_after_av_one_full  el_before_av_hr  column-top-margin\" style='border-radius:0px; '><section class=\"av_textblock_section \"  itemscope=\"itemscope\" itemtype=\"https:\/\/schema.org\/BlogPosting\" itemprop=\"blogPost\" ><div class='avia_textblock  '   itemprop=\"text\" ><p style=\"font-weight: 400; text-align: justify;\"><em>Se trata de 40 iniciativas de desarrollo urbano, medio ambiental y cultural, que son parte del proyecto \u201cVisi\u00f3n de Ciudad\u201d, desarrollado por la CChC, la comunidad y agrupaciones p\u00fablicas y privadas.<\/em><\/p>\n<p style=\"font-weight: 400; text-align: justify;\">La C\u00e1mara Chilena de la Construcci\u00f3n contin\u00faa trabajando en la implementaci\u00f3n de las 40 iniciativas, contempladas en el proyecto \u201cVisi\u00f3n de Ciudad\u201d, desarrollado entre 2019 y 2023, que buscan cambiar la imagen de la capital regional, otorg\u00e1ndole atributos que permitan su desarrollo arm\u00f3nico y mejorar la calidad de vida de sus habitantes.<\/p>\n<p style=\"font-weight: 400; text-align: justify;\">\u201cVisi\u00f3n de Ciudad\u201d es a juicio de la CChC, un insumo validado por la ciudadan\u00eda, pues, adem\u00e1s de contar con la participaci\u00f3n de actores p\u00fablicos y privados, consider\u00f3 un proceso de participaci\u00f3n ciudadana con m\u00e1s de mil vecinos y organizaciones de la ciudad, contando incluso, con un compromiso firmado por las autoridades regionales, para su ejecuci\u00f3n.<\/p>\n<p style=\"font-weight: 400; text-align: justify;\">Pedro Staudt, arquitecto y socio de la CChC sede Coyhaique, explic\u00f3 que el proyecto \u201cVisi\u00f3n de Ciudad\u201d implic\u00f3 un trabajo dedicado, con el esfuerzo de toda una comunidad. \u201cEstuvo involucrada la academia, los privados, el \u00e1mbito p\u00fablico, profesionales y fuimos dirigidos por la Corporaci\u00f3n Ciudades, que, con la C\u00e1mara, fueron las gu\u00edas que llevaron adelante este proyecto\u201d.<\/p>\n<p style=\"font-weight: 400; text-align: justify;\">M\u00e1s de dos mil personas participaron del proceso, que finaliz\u00f3 con la firma de un compromiso por parte de las autoridades, quienes seg\u00fan detalla Staudt, \u201cUna vez terminado el proceso, se dieron cuenta del valor que ten\u00eda el trabajo que se les estaba entregando\u201d, por ello, indica, es relevante que se le de cumplimiento.<\/p>\n<p style=\"font-weight: 400; text-align: justify;\">A un a\u00f1o de entregada la propuesta final, desde el gremio de los constructores han fijado como prioridad, agilizar la ejecuci\u00f3n de diez iniciativas consideradas claves en la implementaci\u00f3n de todo el plan \u201cVisi\u00f3n de Ciudad\u201d, que abordan materias como: Desarrollo Urbano, Equipamiento, Movilidad, Medio Ambiente; y Arte, Cultura y Patrimonio.<\/p>\n<p style=\"font-weight: 400; text-align: justify;\">Entre estas urgentes necesidades, est\u00e1n considerados la aprobaci\u00f3n del plan regulador comunal; El soterramiento del tendido el\u00e9ctrico y de comunicaciones; Implementar un subcentro en la intersecci\u00f3n de calles Err\u00e1zuriz con \u00d3scar del R\u00edo; Construir un polideportivo en villa Los Glaciares; Contar con transporte p\u00fablico sustentable e infraestructura para su funcionamiento; Construir 11,8 kil\u00f3metros de ciclov\u00edas; Impulsar proyectos de energ\u00edas renovables; Que el 100% de los edificios p\u00fablicos est\u00e9n certificados energ\u00e9ticamente; Un plan de arbolado urbano; Y un plan maestro que consolide la relaci\u00f3n del Museo Regional con su entorno.<\/p>\n<p style=\"font-weight: 400; text-align: justify;\">El pr\u00f3ximo 3 de diciembre, la C\u00e1mara Chilena de la Construcci\u00f3n, presentar\u00e1 la plataforma web de seguimiento del proyecto Visi\u00f3n de Ciudad, sitio donde toda la comunidad podr\u00e1 encontrar el detalle de las 40 iniciativas y el estado de avance de cada una.<\/p>\n<\/div><\/section><\/div><div  style='height:50px' class='hr hr-invisible   avia-builder-el-6  el_after_av_one_full  el_before_av_social_share '><span class='hr-inner ' ><span class='hr-inner-style'><\/span><\/span><\/div><\/p>\n<div  class='av-social-sharing-box  avia-builder-el-7  el_after_av_hr  el_before_av_hr  '><div class='av-share-box'><h5 class='av-share-link-description av-no-toc '>Compartir esta noticia<\/h5><ul class='av-share-box-list noLightbox'><li class='av-share-link av-social-link-facebook' ><a target=\"_blank\" aria-label=\"Compartir en Facebook\" href='https:\/\/www.facebook.com\/sharer.php?u=https:\/\/radiorevelacionfm.cl\/?p=47929&#038;t=C%C3%A1mara%20de%20la%20Construcci%C3%B3n%20insta%20a%20concretar%20proyectos%20que%20mejoren%20la%20calidad%20de%20vida%20de%20los%20Coyhaiquinos' aria-hidden='false' data-av_icon='\ue8f3' data-av_iconfont='entypo-fontello' title='' data-avia-related-tooltip='Compartir en Facebook' rel=\"noopener\"><span class='avia_hidden_link_text'>Compartir en Facebook<\/span><\/a><\/li><li class='av-share-link av-social-link-twitter' ><a target=\"_blank\" aria-label=\"Compartir en Twitter\" href='https:\/\/twitter.com\/share?text=C%C3%A1mara%20de%20la%20Construcci%C3%B3n%20insta%20a%20concretar%20proyectos%20que%20mejoren%20la%20calidad%20de%20vida%20de%20los%20Coyhaiquinos&#038;url=https:\/\/radiorevelacionfm.cl\/?p=47929' aria-hidden='false' data-av_icon='\ue8f1' data-av_iconfont='entypo-fontello' title='' data-avia-related-tooltip='Compartir en Twitter' rel=\"noopener\"><span class='avia_hidden_link_text'>Compartir en Twitter<\/span><\/a><\/li><li class='av-share-link av-social-link-whatsapp' ><a target=\"_blank\" aria-label=\"Compartir en Whatsapp\" href='https:\/\/api.whatsapp.com\/send?text=https:\/\/radiorevelacionfm.cl\/?p=47929' aria-hidden='false' data-av_icon='\uf232' data-av_iconfont='entypo-fontello' title='' data-avia-related-tooltip='Compartir en Whatsapp' rel=\"noopener\"><span class='avia_hidden_link_text'>Compartir en Whatsapp<\/span><\/a><\/li><li class='av-share-link av-social-link-linkedin' ><a target=\"_blank\" aria-label=\"Compartir en LinkedIn\" href='https:\/\/linkedin.com\/shareArticle?mini=true&#038;title=C%C3%A1mara%20de%20la%20Construcci%C3%B3n%20insta%20a%20concretar%20proyectos%20que%20mejoren%20la%20calidad%20de%20vida%20de%20los%20Coyhaiquinos&#038;url=https:\/\/radiorevelacionfm.cl\/?p=47929' aria-hidden='false' data-av_icon='\ue8fc' data-av_iconfont='entypo-fontello' title='' data-avia-related-tooltip='Compartir en LinkedIn' rel=\"noopener\"><span class='avia_hidden_link_text'>Compartir en LinkedIn<\/span><\/a><\/li><li class='av-share-link av-social-link-mail' ><a  aria-label=\"Compartir por correo\" href='mailto:?subject=C%C3%A1mara%20de%20la%20Construcci%C3%B3n%20insta%20a%20concretar%20proyectos%20que%20mejoren%20la%20calidad%20de%20vida%20de%20los%20Coyhaiquinos&#038;body=https:\/\/radiorevelacionfm.cl\/?p=47929' aria-hidden='false' data-av_icon='\ue805' data-av_iconfont='entypo-fontello' title='' data-avia-related-tooltip='Compartir por correo'><span class='avia_hidden_link_text'>Compartir por correo<\/span><\/a><\/li><\/ul><\/div><\/div>\n<div  style='height:50px' class='hr hr-invisible   avia-builder-el-8  el_after_av_social_share  el_before_av_comments_list '><span class='hr-inner ' ><span class='hr-inner-style'><\/span><\/span><\/div>\n<div  class='av-buildercomment  av-blog-meta-html-info-disabled av-blog-meta-tag-disabled  '><\/div>\n","protected":false},"excerpt":{"rendered":"","protected":false},"author":1,"featured_media":47930,"comment_status":"open","ping_status":"open","sticky":false,"template":"","format":"standard","meta":{"footnotes":""},"categories":[38],"tags":[],"class_list":["post-47929","post","type-post","status-publish","format-standard","has-post-thumbnail","hentry","category-regional"],"jetpack_featured_media_url":"https:\/\/radiorevelacionfm.cl\/wp-content\/uploads\/2024\/11\/Acuerdo-Vision-de-Ciudad-2023-1-1.jpg","_links":{"self":[{"href":"https:\/\/radiorevelacionfm.cl\/index.php?rest_route=\/wp\/v2\/posts\/47929","targetHints":{"allow":["GET"]}}],"collection":[{"href":"https:\/\/radiorevelacionfm.cl\/index.php?rest_route=\/wp\/v2\/posts"}],"about":[{"href":"https:\/\/radiorevelacionfm.cl\/index.php?rest_route=\/wp\/v2\/types\/post"}],"author":[{"embeddable":true,"href":"https:\/\/radiorevelacionfm.cl\/index.php?rest_route=\/wp\/v2\/users\/1"}],"replies":[{"embeddable":true,"href":"https:\/\/radiorevelacionfm.cl\/index.php?rest_route=%2Fwp%2Fv2%2Fcomments&post=47929"}],"version-history":[{"count":1,"href":"https:\/\/radiorevelacionfm.cl\/index.php?rest_route=\/wp\/v2\/posts\/47929\/revisions"}],"predecessor-version":[{"id":47931,"href":"https:\/\/radiorevelacionfm.cl\/index.php?rest_route=\/wp\/v2\/posts\/47929\/revisions\/47931"}],"wp:featuredmedia":[{"embeddable":true,"href":"https:\/\/radiorevelacionfm.cl\/index.php?rest_route=\/wp\/v2\/media\/47930"}],"wp:attachment":[{"href":"https:\/\/radiorevelacionfm.cl\/index.php?rest_route=%2Fwp%2Fv2%2Fmedia&parent=47929"}],"wp:term":[{"taxonomy":"category","embeddable":true,"href":"https:\/\/radiorevelacionfm.cl\/index.php?rest_route=%2Fwp%2Fv2%2Fcategories&post=47929"},{"taxonomy":"post_tag","embeddable":true,"href":"https:\/\/radiorevelacionfm.cl\/index.php?rest_route=%2Fwp%2Fv2%2Ftags&post=47929"}],"curies":[{"name":"wp","href":"https:\/\/api.w.org\/{rel}","templated":true}]}}