{"id":47927,"date":"2024-11-13T11:58:22","date_gmt":"2024-11-13T14:58:22","guid":{"rendered":"https:\/\/radiorevelacionfm.cl\/?p=47927"},"modified":"2024-11-13T11:58:22","modified_gmt":"2024-11-13T14:58:22","slug":"diputada-marcia-raphael-presenta-indicacion-para-suspender-aplicacion-de-ley-lafkenche-por-un-ano","status":"publish","type":"post","link":"https:\/\/radiorevelacionfm.cl\/?p=47927","title":{"rendered":"Diputada Marcia Raphael presenta indicaci\u00f3n para suspender aplicaci\u00f3n de Ley Lafkenche por un a\u00f1o"},"content":{"rendered":"<div class=\"flex_column av_one_full  flex_column_div av-zero-column-padding first  avia-builder-el-0  el_before_av_one_full  avia-builder-el-first  \" style='border-radius:0px; '><div  class='avia-image-container  av-styling-    avia-builder-el-1  avia-builder-el-no-sibling  avia-align-center '  itemprop=\"image\" itemscope=\"itemscope\" itemtype=\"https:\/\/schema.org\/ImageObject\"  ><div class='avia-image-container-inner'><div class='avia-image-overlay-wrap'><img decoding=\"async\" class='wp-image-37902 avia-img-lazy-loading-not-37902 avia_image' src=\"https:\/\/radiorevelacionfm.cl\/wp-content\/uploads\/2023\/12\/Foto-diputada-3-1-1.jpeg\" alt='' title='Foto diputada (3) (1) (1)' height=\"600\" width=\"901\"  itemprop=\"thumbnailUrl\" srcset=\"https:\/\/radiorevelacionfm.cl\/wp-content\/uploads\/2023\/12\/Foto-diputada-3-1-1.jpeg 901w, https:\/\/radiorevelacionfm.cl\/wp-content\/uploads\/2023\/12\/Foto-diputada-3-1-1-300x200.jpeg 300w, https:\/\/radiorevelacionfm.cl\/wp-content\/uploads\/2023\/12\/Foto-diputada-3-1-1-768x511.jpeg 768w, https:\/\/radiorevelacionfm.cl\/wp-content\/uploads\/2023\/12\/Foto-diputada-3-1-1-705x469.jpeg 705w, https:\/\/radiorevelacionfm.cl\/wp-content\/uploads\/2023\/12\/Foto-diputada-3-1-1-450x300.jpeg 450w, https:\/\/radiorevelacionfm.cl\/wp-content\/uploads\/2023\/12\/Foto-diputada-3-1-1-600x400.jpeg 600w\" sizes=\"(max-width: 901px) 100vw, 901px\" \/><\/div><\/div><\/div><\/div><div class=\"flex_column av_one_full  flex_column_div av-zero-column-padding first  avia-builder-el-2  el_after_av_one_full  el_before_av_one_full  column-top-margin\" style='border-radius:0px; '><section class=\"av_textblock_section \"  itemscope=\"itemscope\" itemtype=\"https:\/\/schema.org\/BlogPosting\" itemprop=\"blogPost\" ><div class='avia_textblock  '   itemprop=\"text\" ><p style=\"text-align: center;\"><strong><span style=\"font-size: 18pt;\">Diputada Marcia Raphael presenta indicaci\u00f3n para suspender aplicaci\u00f3n de Ley Lafkenche por un a\u00f1o<\/span><\/strong><\/p>\n<div id=\"gtx-trans\" style=\"position: absolute; left: -50px; top: 4.31534px;\">\n<div class=\"gtx-trans-icon\"><\/div>\n<\/div>\n<\/div><\/section><\/div><div class=\"flex_column av_one_full  flex_column_div av-zero-column-padding first  avia-builder-el-4  el_after_av_one_full  el_before_av_hr  column-top-margin\" style='border-radius:0px; '><section class=\"av_textblock_section \"  itemscope=\"itemscope\" itemtype=\"https:\/\/schema.org\/BlogPosting\" itemprop=\"blogPost\" ><div class='avia_textblock  '   itemprop=\"text\" ><p style=\"text-align: justify;\"><em>\u201cBuscamos terminar con la incertidumbre y traer certeza a todas las partes\u201d.<\/em><\/p>\n<p style=\"text-align: justify;\">La Diputada por la Regi\u00f3n de Ays\u00e9n Marcia Raphael junto a su colega, Mauro Gonz\u00e1lez, presentaron una indicaci\u00f3n en el marco de la Ley de Presupuesto 2025 que establece, durante el per\u00edodo de un a\u00f1o, la suspensi\u00f3n de nuevas solicitudes de Espacios Costeros Marinos de los Pueblos Originarios (ECMPO) y la agilizaci\u00f3n de los tr\u00e1mites pendientes a cargo de los servicios p\u00fablicos, con un plazo de seis meses para resolver estas solicitudes.<\/p>\n<p style=\"text-align: justify;\">En caso de no resolver en dicho plazo, las solicitudes se entender\u00e1n como rechazadas. Esta medida tambi\u00e9n permitir\u00e1 destinar recursos para mejorar \u00e1reas deficitarias en t\u00e9rminos econ\u00f3micos y de recursos humanos.<\/p>\n<p style=\"text-align: justify;\">As\u00ed lo explic\u00f3 la parlamentaria al asegurar que \u201cla aplicaci\u00f3n de la ley Lafkenche ha provocado graves problemas en todo el pa\u00eds y en Ays\u00e9n. Primero, por la gran cantidad de tr\u00e1mites pendientes que tenemos. Y segundo, por los recursos p\u00fablicos que est\u00e1n involucrados. Por eso, en la actual tramitaci\u00f3n de la Ley de Presupuesto, hemos presentado una indicaci\u00f3n para que durante un a\u00f1o se suspenda cualquier inicio de nuevas solicitudes de ECMPO y las tramitaciones que est\u00e1n hoy d\u00eda pendientes se puedan agilizar por parte de los servicios p\u00fablicos para terminar con la incertidumbre y traer certeza a todas las partes\u201d.<\/p>\n<p style=\"text-align: justify;\">Por su parte, la diputada destac\u00f3 la importancia de aprobar esta indicaci\u00f3n: \u201cEs fundamental que demos una se\u00f1al de organizaci\u00f3n y eficiencia. La gran cantidad de solicitudes pendientes crea un ambiente de incerteza para todos los involucrados, tanto para las comunidades como para el sector productivo. Con esta indicaci\u00f3n, buscamos facilitar la resoluci\u00f3n de las solicitudes en tr\u00e1mite y destinar recursos de manera eficiente, especialmente en zonas extremas donde los recursos son escasos y necesitamos priorizar\u201d.<\/p>\n<p style=\"text-align: justify;\">Finalmente, la parlamentaria hizo un llamado a que la sala pueda \u201caprobar esta indicaci\u00f3n y dar una se\u00f1al fuerte que estamos del lado del crecimiento, el empleo y la certidumbre econ\u00f3mica\u201d se\u00f1al\u00f3 Raphael.<\/p>\n<\/div><\/section><\/div><div  style='height:50px' class='hr hr-invisible   avia-builder-el-6  el_after_av_one_full  el_before_av_social_share '><span class='hr-inner ' ><span class='hr-inner-style'><\/span><\/span><\/div><\/p>\n<div  class='av-social-sharing-box  avia-builder-el-7  el_after_av_hr  el_before_av_hr  '><div class='av-share-box'><h5 class='av-share-link-description av-no-toc '>Compartir esta noticia<\/h5><ul class='av-share-box-list noLightbox'><li class='av-share-link av-social-link-facebook' ><a target=\"_blank\" aria-label=\"Compartir en Facebook\" href='https:\/\/www.facebook.com\/sharer.php?u=https:\/\/radiorevelacionfm.cl\/?p=47927&#038;t=Diputada%20Marcia%20Raphael%20presenta%20indicaci%C3%B3n%20para%20suspender%20aplicaci%C3%B3n%20de%20Ley%20Lafkenche%20por%20un%20a%C3%B1o' aria-hidden='false' data-av_icon='\ue8f3' data-av_iconfont='entypo-fontello' title='' data-avia-related-tooltip='Compartir en Facebook' rel=\"noopener\"><span class='avia_hidden_link_text'>Compartir en Facebook<\/span><\/a><\/li><li class='av-share-link av-social-link-twitter' ><a target=\"_blank\" aria-label=\"Compartir en Twitter\" href='https:\/\/twitter.com\/share?text=Diputada%20Marcia%20Raphael%20presenta%20indicaci%C3%B3n%20para%20suspender%20aplicaci%C3%B3n%20de%20Ley%20Lafkenche%20por%20un%20a%C3%B1o&#038;url=https:\/\/radiorevelacionfm.cl\/?p=47927' aria-hidden='false' data-av_icon='\ue8f1' data-av_iconfont='entypo-fontello' title='' data-avia-related-tooltip='Compartir en Twitter' rel=\"noopener\"><span class='avia_hidden_link_text'>Compartir en Twitter<\/span><\/a><\/li><li class='av-share-link av-social-link-whatsapp' ><a target=\"_blank\" aria-label=\"Compartir en Whatsapp\" href='https:\/\/api.whatsapp.com\/send?text=https:\/\/radiorevelacionfm.cl\/?p=47927' aria-hidden='false' data-av_icon='\uf232' data-av_iconfont='entypo-fontello' title='' data-avia-related-tooltip='Compartir en Whatsapp' rel=\"noopener\"><span class='avia_hidden_link_text'>Compartir en Whatsapp<\/span><\/a><\/li><li class='av-share-link av-social-link-linkedin' ><a target=\"_blank\" aria-label=\"Compartir en LinkedIn\" href='https:\/\/linkedin.com\/shareArticle?mini=true&#038;title=Diputada%20Marcia%20Raphael%20presenta%20indicaci%C3%B3n%20para%20suspender%20aplicaci%C3%B3n%20de%20Ley%20Lafkenche%20por%20un%20a%C3%B1o&#038;url=https:\/\/radiorevelacionfm.cl\/?p=47927' aria-hidden='false' data-av_icon='\ue8fc' data-av_iconfont='entypo-fontello' title='' data-avia-related-tooltip='Compartir en LinkedIn' rel=\"noopener\"><span class='avia_hidden_link_text'>Compartir en LinkedIn<\/span><\/a><\/li><li class='av-share-link av-social-link-mail' ><a  aria-label=\"Compartir por correo\" href='mailto:?subject=Diputada%20Marcia%20Raphael%20presenta%20indicaci%C3%B3n%20para%20suspender%20aplicaci%C3%B3n%20de%20Ley%20Lafkenche%20por%20un%20a%C3%B1o&#038;body=https:\/\/radiorevelacionfm.cl\/?p=47927' aria-hidden='false' data-av_icon='\ue805' data-av_iconfont='entypo-fontello' title='' data-avia-related-tooltip='Compartir por correo'><span class='avia_hidden_link_text'>Compartir por correo<\/span><\/a><\/li><\/ul><\/div><\/div>\n<div  style='height:50px' class='hr hr-invisible   avia-builder-el-8  el_after_av_social_share  el_before_av_comments_list '><span class='hr-inner ' ><span class='hr-inner-style'><\/span><\/span><\/div>\n<div  class='av-buildercomment  av-blog-meta-html-info-disabled av-blog-meta-tag-disabled  '><\/div>\n","protected":false},"excerpt":{"rendered":"","protected":false},"author":1,"featured_media":37902,"comment_status":"open","ping_status":"open","sticky":false,"template":"","format":"standard","meta":{"footnotes":""},"categories":[35],"tags":[],"class_list":["post-47927","post","type-post","status-publish","format-standard","has-post-thumbnail","hentry","category-politica"],"jetpack_featured_media_url":"https:\/\/radiorevelacionfm.cl\/wp-content\/uploads\/2023\/12\/Foto-diputada-3-1-1.jpeg","_links":{"self":[{"href":"https:\/\/radiorevelacionfm.cl\/index.php?rest_route=\/wp\/v2\/posts\/47927","targetHints":{"allow":["GET"]}}],"collection":[{"href":"https:\/\/radiorevelacionfm.cl\/index.php?rest_route=\/wp\/v2\/posts"}],"about":[{"href":"https:\/\/radiorevelacionfm.cl\/index.php?rest_route=\/wp\/v2\/types\/post"}],"author":[{"embeddable":true,"href":"https:\/\/radiorevelacionfm.cl\/index.php?rest_route=\/wp\/v2\/users\/1"}],"replies":[{"embeddable":true,"href":"https:\/\/radiorevelacionfm.cl\/index.php?rest_route=%2Fwp%2Fv2%2Fcomments&post=47927"}],"version-history":[{"count":1,"href":"https:\/\/radiorevelacionfm.cl\/index.php?rest_route=\/wp\/v2\/posts\/47927\/revisions"}],"predecessor-version":[{"id":47928,"href":"https:\/\/radiorevelacionfm.cl\/index.php?rest_route=\/wp\/v2\/posts\/47927\/revisions\/47928"}],"wp:featuredmedia":[{"embeddable":true,"href":"https:\/\/radiorevelacionfm.cl\/index.php?rest_route=\/wp\/v2\/media\/37902"}],"wp:attachment":[{"href":"https:\/\/radiorevelacionfm.cl\/index.php?rest_route=%2Fwp%2Fv2%2Fmedia&parent=47927"}],"wp:term":[{"taxonomy":"category","embeddable":true,"href":"https:\/\/radiorevelacionfm.cl\/index.php?rest_route=%2Fwp%2Fv2%2Fcategories&post=47927"},{"taxonomy":"post_tag","embeddable":true,"href":"https:\/\/radiorevelacionfm.cl\/index.php?rest_route=%2Fwp%2Fv2%2Ftags&post=47927"}],"curies":[{"name":"wp","href":"https:\/\/api.w.org\/{rel}","templated":true}]}}