{"id":47912,"date":"2024-11-13T10:09:12","date_gmt":"2024-11-13T13:09:12","guid":{"rendered":"https:\/\/radiorevelacionfm.cl\/?p=47912"},"modified":"2024-11-13T10:09:12","modified_gmt":"2024-11-13T13:09:12","slug":"en-coyhaique-realizaron-jornada-de-informacion-y-dialogo-ciudadano-sobre-nuevo-sistema-de-identificacion","status":"publish","type":"post","link":"https:\/\/radiorevelacionfm.cl\/?p=47912","title":{"rendered":"En Coyhaique realizaron jornada de informaci\u00f3n y di\u00e1logo ciudadano sobre nuevo sistema de identificaci\u00f3n"},"content":{"rendered":"<div class=\"flex_column av_one_full  flex_column_div av-zero-column-padding first  avia-builder-el-0  el_before_av_one_full  avia-builder-el-first  \" style='border-radius:0px; '><div  class='avia-image-container  av-styling-    avia-builder-el-1  avia-builder-el-no-sibling  avia-align-center '  itemprop=\"image\" itemscope=\"itemscope\" itemtype=\"https:\/\/schema.org\/ImageObject\"  ><div class='avia-image-container-inner'><div class='avia-image-overlay-wrap'><img decoding=\"async\" class='wp-image-47913 avia-img-lazy-loading-not-47913 avia_image' src=\"https:\/\/radiorevelacionfm.cl\/wp-content\/uploads\/2024\/11\/foto-registro-civil-1_optimized-1.jpg\" alt='' title='foto-registro-civil-(1)_optimized (1)' height=\"600\" width=\"1286\"  itemprop=\"thumbnailUrl\" srcset=\"https:\/\/radiorevelacionfm.cl\/wp-content\/uploads\/2024\/11\/foto-registro-civil-1_optimized-1.jpg 1286w, https:\/\/radiorevelacionfm.cl\/wp-content\/uploads\/2024\/11\/foto-registro-civil-1_optimized-1-300x140.jpg 300w, https:\/\/radiorevelacionfm.cl\/wp-content\/uploads\/2024\/11\/foto-registro-civil-1_optimized-1-1030x481.jpg 1030w, https:\/\/radiorevelacionfm.cl\/wp-content\/uploads\/2024\/11\/foto-registro-civil-1_optimized-1-768x358.jpg 768w, https:\/\/radiorevelacionfm.cl\/wp-content\/uploads\/2024\/11\/foto-registro-civil-1_optimized-1-705x329.jpg 705w, https:\/\/radiorevelacionfm.cl\/wp-content\/uploads\/2024\/11\/foto-registro-civil-1_optimized-1-450x210.jpg 450w, https:\/\/radiorevelacionfm.cl\/wp-content\/uploads\/2024\/11\/foto-registro-civil-1_optimized-1-600x280.jpg 600w\" sizes=\"(max-width: 1286px) 100vw, 1286px\" \/><\/div><\/div><\/div><\/div><div class=\"flex_column av_one_full  flex_column_div av-zero-column-padding first  avia-builder-el-2  el_after_av_one_full  el_before_av_one_full  column-top-margin\" style='border-radius:0px; '><section class=\"av_textblock_section \"  itemscope=\"itemscope\" itemtype=\"https:\/\/schema.org\/BlogPosting\" itemprop=\"blogPost\" ><div class='avia_textblock  '   itemprop=\"text\" ><p style=\"text-align: center;\"><span style=\"font-size: 18pt;\"><strong>En Coyhaique r<\/strong><strong>ealizaron <\/strong><strong>jornada de informaci\u00f3n y di\u00e1logo ciudadano sobre nuevo sistema de identificaci\u00f3n<\/strong><\/span><\/p>\n<div id=\"gtx-trans\" style=\"position: absolute; left: -50px; top: 4.31534px;\">\n<div class=\"gtx-trans-icon\"><\/div>\n<\/div>\n<\/div><\/section><\/div><div class=\"flex_column av_one_full  flex_column_div av-zero-column-padding first  avia-builder-el-4  el_after_av_one_full  el_before_av_hr  column-top-margin\" style='border-radius:0px; '><section class=\"av_textblock_section \"  itemscope=\"itemscope\" itemtype=\"https:\/\/schema.org\/BlogPosting\" itemprop=\"blogPost\" ><div class='avia_textblock  '   itemprop=\"text\" ><p style=\"text-align: justify;\">Con el fin de dar a conocer el nuevo sistema de identificaci\u00f3n que comenzar\u00e1 a implementarse a partir del 16 de diciembre pr\u00f3ximo, el Servicio de Registro Civil e Identificaci\u00f3n llev\u00f3 a cabo recientemente una jornada ciudadana, la que cont\u00f3 con la participaci\u00f3n de funcionarios \/as de distintos servicios p\u00fablicos y autoridades regionales.<\/p>\n<p style=\"text-align: justify;\">Cabe mencionar que el nuevo sistema de identificaci\u00f3n incluye tecnolog\u00eda de punta para cumplir est\u00e1ndares internacionales, a su vez es m\u00e1s inclusivo, puesto que tendr\u00e1 sistema braille, c\u00f3digo QR, entre otras, as\u00ed tambi\u00e9n la c\u00e9dula de identidad y el pasaporte contemplan procesos de producci\u00f3n y personalizaci\u00f3n que garantizan la seguridad en sus ciclos de vida, lo que permite contar con una identidad confiable.<\/p>\n<p style=\"text-align: justify;\">En este sentido, la directora del Servicio de Registro Civil e Identificaci\u00f3n Patricia Verdugo explic\u00f3 que \u201ca ra\u00edz de la implementaci\u00f3n de este nuevo sistema de identificaci\u00f3n, se ha hecho un despliegue a trav\u00e9s de toda la regi\u00f3n, personalmente acompa\u00f1\u00e9 en cada oficina al equipo que est\u00e1 a cargo de la implementaci\u00f3n en la regi\u00f3n para informar y capacitar a los funcionarios, nosotros no vamos a cerrar oficinas en ning\u00fan momento solo vamos a tener apoyo en las oficinas cuando generemos el cambio tecnol\u00f3gico, porque a partir del 16 de diciembre empezamos a atender con este nuevo formato, que considera mayores medidas de seguridad en c\u00e9dulas y pasaportes a nivel nacional, ahora pedirle a la comunidad cautela en cuanto a que si no tienen su c\u00e9dula de identidad vencida, no la renueven simplemente por tener el nuevo documento, ya que vamos a estar con un sistema nuevo, y que se est\u00e1 en proceso de aprendizaje, ahora el proceso de marcha blanca debiera iniciarse pr\u00f3ximamente y partir\u00e1 en la oficina de Coyhaique\u201d.<\/p>\n<p style=\"text-align: justify;\">En tanto, el encargado de la unidad de terreno del Servicio de Registro Civil e Identificaci\u00f3n Gerardo Silva se refiri\u00f3 a los cambios que posee la nueva c\u00e9dula de identidad se\u00f1alando que \u201c son diversos cambios los que trae la nueva c\u00e9dula de identidad, muchos tienen que ver con normas internacionales, en este momento la c\u00e9dula de identidad chilena es una de las m\u00e1s seguras a nivel mundial, puesto que la actual posee 15 medidas de seguridad, mientras que la nueva tiene 32, y en el pasaporte en este momento tenemos 25 medidas de seguridad las que en el nuevo documento se duplican, dichas medidas de seguridad se manifiestan en tres niveles, al tacto, visual y tambi\u00e9n auditiva, tiene sistema braile y c\u00f3digo QR, entre otras\u201d.<\/p>\n<p style=\"text-align: justify;\">Mientras que el seremi de Justicia y DDHH Samuel Navarro Castro explic\u00f3 que \u201cparticipamos de una actividad en que\u00a0 informamos a la ciudadan\u00eda el nuevo sistema de identificaci\u00f3n que comienza a regir pr\u00f3ximamente, y que se mantiene la vanguardia desde el punto de vista tecnol\u00f3gico, de seguridad que nos da nuestro sistema de identificaci\u00f3n tanto a nivel nacional como internacional, porque no solo se cambia la c\u00e9dula de identidad, sino que tambi\u00e9n el pasaporte que son elementos reconocidos \u00a0y que nos abren la puerta al mundo\u201d indic\u00f3.<\/p>\n<p style=\"text-align: justify;\">Finalmente, se\u00f1alar que el pasaporte y c\u00e9dula de identidad actuales seguir\u00e1n siendo v\u00e1lidos hasta su fecha de vencimiento, por lo que no es necesario renovarlos en diciembre, manteniendo los precios actuales $3.820 para c\u00e9dulas y $69.740 (50 p\u00e1ginas) para pasaporte.<\/p>\n<\/div><\/section><\/div><div  style='height:50px' class='hr hr-invisible   avia-builder-el-6  el_after_av_one_full  el_before_av_social_share '><span class='hr-inner ' ><span class='hr-inner-style'><\/span><\/span><\/div><\/p>\n<div  class='av-social-sharing-box  avia-builder-el-7  el_after_av_hr  el_before_av_hr  '><div class='av-share-box'><h5 class='av-share-link-description av-no-toc '>Compartir esta noticia<\/h5><ul class='av-share-box-list noLightbox'><li class='av-share-link av-social-link-facebook' ><a target=\"_blank\" aria-label=\"Compartir en Facebook\" href='https:\/\/www.facebook.com\/sharer.php?u=https:\/\/radiorevelacionfm.cl\/?p=47912&#038;t=En%20Coyhaique%20realizaron%20jornada%20de%20informaci%C3%B3n%20y%20di%C3%A1logo%20ciudadano%20sobre%20nuevo%20sistema%20de%20identificaci%C3%B3n' aria-hidden='false' data-av_icon='\ue8f3' data-av_iconfont='entypo-fontello' title='' data-avia-related-tooltip='Compartir en Facebook' rel=\"noopener\"><span class='avia_hidden_link_text'>Compartir en Facebook<\/span><\/a><\/li><li class='av-share-link av-social-link-twitter' ><a target=\"_blank\" aria-label=\"Compartir en Twitter\" href='https:\/\/twitter.com\/share?text=En%20Coyhaique%20realizaron%20jornada%20de%20informaci%C3%B3n%20y%20di%C3%A1logo%20ciudadano%20sobre%20nuevo%20sistema%20de%20identificaci%C3%B3n&#038;url=https:\/\/radiorevelacionfm.cl\/?p=47912' aria-hidden='false' data-av_icon='\ue8f1' data-av_iconfont='entypo-fontello' title='' data-avia-related-tooltip='Compartir en Twitter' rel=\"noopener\"><span class='avia_hidden_link_text'>Compartir en Twitter<\/span><\/a><\/li><li class='av-share-link av-social-link-whatsapp' ><a target=\"_blank\" aria-label=\"Compartir en Whatsapp\" href='https:\/\/api.whatsapp.com\/send?text=https:\/\/radiorevelacionfm.cl\/?p=47912' aria-hidden='false' data-av_icon='\uf232' data-av_iconfont='entypo-fontello' title='' data-avia-related-tooltip='Compartir en Whatsapp' rel=\"noopener\"><span class='avia_hidden_link_text'>Compartir en Whatsapp<\/span><\/a><\/li><li class='av-share-link av-social-link-linkedin' ><a target=\"_blank\" aria-label=\"Compartir en LinkedIn\" href='https:\/\/linkedin.com\/shareArticle?mini=true&#038;title=En%20Coyhaique%20realizaron%20jornada%20de%20informaci%C3%B3n%20y%20di%C3%A1logo%20ciudadano%20sobre%20nuevo%20sistema%20de%20identificaci%C3%B3n&#038;url=https:\/\/radiorevelacionfm.cl\/?p=47912' aria-hidden='false' data-av_icon='\ue8fc' data-av_iconfont='entypo-fontello' title='' data-avia-related-tooltip='Compartir en LinkedIn' rel=\"noopener\"><span class='avia_hidden_link_text'>Compartir en LinkedIn<\/span><\/a><\/li><li class='av-share-link av-social-link-mail' ><a  aria-label=\"Compartir por correo\" href='mailto:?subject=En%20Coyhaique%20realizaron%20jornada%20de%20informaci%C3%B3n%20y%20di%C3%A1logo%20ciudadano%20sobre%20nuevo%20sistema%20de%20identificaci%C3%B3n&#038;body=https:\/\/radiorevelacionfm.cl\/?p=47912' aria-hidden='false' data-av_icon='\ue805' data-av_iconfont='entypo-fontello' title='' data-avia-related-tooltip='Compartir por correo'><span class='avia_hidden_link_text'>Compartir por correo<\/span><\/a><\/li><\/ul><\/div><\/div>\n<div  style='height:50px' class='hr hr-invisible   avia-builder-el-8  el_after_av_social_share  el_before_av_comments_list '><span class='hr-inner ' ><span class='hr-inner-style'><\/span><\/span><\/div>\n<div  class='av-buildercomment  av-blog-meta-html-info-disabled av-blog-meta-tag-disabled  '><\/div>\n","protected":false},"excerpt":{"rendered":"","protected":false},"author":1,"featured_media":47913,"comment_status":"open","ping_status":"open","sticky":false,"template":"","format":"standard","meta":{"footnotes":""},"categories":[38],"tags":[],"class_list":["post-47912","post","type-post","status-publish","format-standard","has-post-thumbnail","hentry","category-regional"],"jetpack_featured_media_url":"https:\/\/radiorevelacionfm.cl\/wp-content\/uploads\/2024\/11\/foto-registro-civil-1_optimized-1.jpg","_links":{"self":[{"href":"https:\/\/radiorevelacionfm.cl\/index.php?rest_route=\/wp\/v2\/posts\/47912","targetHints":{"allow":["GET"]}}],"collection":[{"href":"https:\/\/radiorevelacionfm.cl\/index.php?rest_route=\/wp\/v2\/posts"}],"about":[{"href":"https:\/\/radiorevelacionfm.cl\/index.php?rest_route=\/wp\/v2\/types\/post"}],"author":[{"embeddable":true,"href":"https:\/\/radiorevelacionfm.cl\/index.php?rest_route=\/wp\/v2\/users\/1"}],"replies":[{"embeddable":true,"href":"https:\/\/radiorevelacionfm.cl\/index.php?rest_route=%2Fwp%2Fv2%2Fcomments&post=47912"}],"version-history":[{"count":1,"href":"https:\/\/radiorevelacionfm.cl\/index.php?rest_route=\/wp\/v2\/posts\/47912\/revisions"}],"predecessor-version":[{"id":47914,"href":"https:\/\/radiorevelacionfm.cl\/index.php?rest_route=\/wp\/v2\/posts\/47912\/revisions\/47914"}],"wp:featuredmedia":[{"embeddable":true,"href":"https:\/\/radiorevelacionfm.cl\/index.php?rest_route=\/wp\/v2\/media\/47913"}],"wp:attachment":[{"href":"https:\/\/radiorevelacionfm.cl\/index.php?rest_route=%2Fwp%2Fv2%2Fmedia&parent=47912"}],"wp:term":[{"taxonomy":"category","embeddable":true,"href":"https:\/\/radiorevelacionfm.cl\/index.php?rest_route=%2Fwp%2Fv2%2Fcategories&post=47912"},{"taxonomy":"post_tag","embeddable":true,"href":"https:\/\/radiorevelacionfm.cl\/index.php?rest_route=%2Fwp%2Fv2%2Ftags&post=47912"}],"curies":[{"name":"wp","href":"https:\/\/api.w.org\/{rel}","templated":true}]}}