{"id":47909,"date":"2024-11-12T19:00:44","date_gmt":"2024-11-12T22:00:44","guid":{"rendered":"https:\/\/radiorevelacionfm.cl\/?p=47909"},"modified":"2024-11-12T19:00:44","modified_gmt":"2024-11-12T22:00:44","slug":"equipo-de-movilizados-inicia-gira-del-infobus-por-la-region-de-aysen","status":"publish","type":"post","link":"https:\/\/radiorevelacionfm.cl\/?p=47909","title":{"rendered":"Equipo de MovilizaDOS inicia gira del Infobus por la regi\u00f3n de Ays\u00e9n"},"content":{"rendered":"<div class=\"flex_column av_one_full  flex_column_div av-zero-column-padding first  avia-builder-el-0  el_before_av_one_full  avia-builder-el-first  \" style='border-radius:0px; '><div  class='avia-image-container  av-styling-    avia-builder-el-1  avia-builder-el-no-sibling  avia-align-center '  itemprop=\"image\" itemscope=\"itemscope\" itemtype=\"https:\/\/schema.org\/ImageObject\"  ><div class='avia-image-container-inner'><div class='avia-image-overlay-wrap'><img decoding=\"async\" class='wp-image-47910 avia-img-lazy-loading-not-47910 avia_image' src=\"https:\/\/radiorevelacionfm.cl\/wp-content\/uploads\/2024\/11\/MovilizaDOS2-2-1-1.jpeg\" alt='' title='MovilizaDOS2 (2) (1) (1)' height=\"600\" width=\"800\"  itemprop=\"thumbnailUrl\" srcset=\"https:\/\/radiorevelacionfm.cl\/wp-content\/uploads\/2024\/11\/MovilizaDOS2-2-1-1.jpeg 800w, https:\/\/radiorevelacionfm.cl\/wp-content\/uploads\/2024\/11\/MovilizaDOS2-2-1-1-300x225.jpeg 300w, https:\/\/radiorevelacionfm.cl\/wp-content\/uploads\/2024\/11\/MovilizaDOS2-2-1-1-768x576.jpeg 768w, https:\/\/radiorevelacionfm.cl\/wp-content\/uploads\/2024\/11\/MovilizaDOS2-2-1-1-705x529.jpeg 705w, https:\/\/radiorevelacionfm.cl\/wp-content\/uploads\/2024\/11\/MovilizaDOS2-2-1-1-450x338.jpeg 450w, https:\/\/radiorevelacionfm.cl\/wp-content\/uploads\/2024\/11\/MovilizaDOS2-2-1-1-600x450.jpeg 600w\" sizes=\"(max-width: 800px) 100vw, 800px\" \/><\/div><\/div><\/div><\/div><div class=\"flex_column av_one_full  flex_column_div av-zero-column-padding first  avia-builder-el-2  el_after_av_one_full  el_before_av_one_full  column-top-margin\" style='border-radius:0px; '><section class=\"av_textblock_section \"  itemscope=\"itemscope\" itemtype=\"https:\/\/schema.org\/BlogPosting\" itemprop=\"blogPost\" ><div class='avia_textblock  '   itemprop=\"text\" ><p style=\"text-align: center;\"><strong><span style=\"font-size: 18pt;\">Equipo de MovilizaDOS inicia gira del Infobus por la regi\u00f3n de Ays\u00e9n<\/span><\/strong><\/p>\n<div id=\"gtx-trans\" style=\"position: absolute; left: -50px; top: 4.31534px;\">\n<div class=\"gtx-trans-icon\"><\/div>\n<\/div>\n<\/div><\/section><\/div><div class=\"flex_column av_one_full  flex_column_div av-zero-column-padding first  avia-builder-el-4  el_after_av_one_full  el_before_av_hr  column-top-margin\" style='border-radius:0px; '><section class=\"av_textblock_section \"  itemscope=\"itemscope\" itemtype=\"https:\/\/schema.org\/BlogPosting\" itemprop=\"blogPost\" ><div class='avia_textblock  '   itemprop=\"text\" ><p style=\"text-align: justify;\">Esta semana, el equipo de la Divisi\u00f3n de Organizaciones Sociales (DOS) del nivel central, se encuentra en la regi\u00f3n dando inicio a la gira del Infobus, que contempla la realizaci\u00f3n de actividades de difusi\u00f3n como MovilizaDOS y de Escuelas de Formaci\u00f3n Social para informar y capacitar a las comunidades.<\/p>\n<p style=\"text-align: justify;\">Puerto Cisnes fue una de las primeras localidades visitadas por la Divisi\u00f3n de Organizaciones Sociales en la regi\u00f3n, instalando una Feria de Servicios MovilizaDOS en la Plaza de Armas de la ciudad, junto a otros servicios p\u00fablicos, con el fin de entregar informaci\u00f3n relevante para las vecinas y vecinos de la comuna.<\/p>\n<p style=\"text-align: justify;\">El d\u00eda martes 12 de noviembre el equipo de la DOS central particip\u00f3 en la Feria de Servicios que se realiz\u00f3 en el Estadio Regional de Coyhaique, en el marco de los \u00a0Juegos Binacionales de la Araucan\u00eda Ays\u00e9n 2024, ocasi\u00f3n en la que entregaron informaci\u00f3n acerca de las capacitaciones y escuelas de formaci\u00f3n que realizan en todo el pa\u00eds para dirigentas y dirigentes sociales e informaci\u00f3n de servicios como Corporaci\u00f3n de Asistencia Judicial BioB\u00edo, Servicio de Salud, INJUV, Sernameg, entre otros.<\/p>\n<p style=\"text-align: justify;\">\u201cNuestro equipo de la DOS inici\u00f3 la semana pasada una gira por el Sur Austral, comenzando por la regi\u00f3n de Los Lagos. Desde esta semana, nos trasladamos a la regi\u00f3n de Ays\u00e9n, a las comunas de Cisnes, Coyhaique, Cochrane y Villa O\u2019Higgins, para llevar la Feria de Servicios MovilizaDOS, el Di\u00e1logo Ciudadano del Pago de Pensi\u00f3n de Alimentos, y nuestra Escuela de Formaci\u00f3n Social con el m\u00f3dulo \u00abFormaci\u00f3n, Rendici\u00f3n y Evaluaci\u00f3n de Proyectos\u00bb, se\u00f1al\u00f3 Ignacio Achurra D\u00edaz, Director de la Divisi\u00f3n de Organizaciones Sociales.<\/p>\n<p style=\"text-align: justify;\">La autoridad agreg\u00f3: \u201cEl objetivo de esta gira por el sur austral es informar, capacitar a dirigentes sociales y socializar importantes pol\u00edticas p\u00fablicas con las comunidades. Adem\u00e1s, como DOS tenemos el desaf\u00edo de poder dar respuesta a las distintas necesidades de las organizaciones sociales y es, justamente a trav\u00e9s de este tipo de giras, que podemos entregar herramientas para que ellos puedan cumplir con su rol, tan importante para los territorios y sus comunidades\u201d.<\/p>\n<p style=\"text-align: justify;\">Tras la participaci\u00f3n en la Feria de Servicios en Coyhaique, el Infobus continu\u00f3 la gira por el sur de la regi\u00f3n, cuyo destino es Cochrane y Villa O\u2019 Higgins y la pr\u00f3xima semana por Tortel y Chile Chico, donde desarrollar\u00e1n actividades de difusi\u00f3n y capacitaci\u00f3n. Estas iniciativas ser\u00e1n impartidas por el equipo de la Escuela de Formaci\u00f3n Social a vecinas y vecinos de dichas comunas.<\/p>\n<p style=\"text-align: justify;\">El seremi (s) de Gobierno de la regi\u00f3n de Ays\u00e9n, Tom\u00e1s Laibe S\u00e1ez, indic\u00f3: \u201cComo parte de la tarea del Ministerio Secretar\u00eda General de Gobierno estamos llevando a cabo esta iniciativa que es el Infobus, que lleva el Gobierno a terreno con distintas ofertas para acercarnos a la ciudadan\u00eda. Es un recorrido en terreno que hacemos con la Divisi\u00f3n de Organizaciones Sociales en distintas comunas del territorio, por distintas localidades. Estuvimos en Puerto Cisnes, en Cochrane, en Coyhaique, Villa O\u2019 Higgins, Chile Chico, Puerto Ays\u00e9n. Vamos a tener escuelas de formaci\u00f3n social en Chile Chico, Villa O\u2019 Higgins y en Puerto Ays\u00e9n y tambi\u00e9n di\u00e1logos de materias que le importan a la ciudadan\u00eda como Pensiones de Alimentos, que es uno de los di\u00e1logos que hemos llevado desde hace meses a diversos lugares, una tarea que llevamos en conjunto con el Ministerio de la Mujer y Equidad de G\u00e9nero. As\u00ed que el llamado a la gente es a participar, a que utilice esta informaci\u00f3n, para poder hacer correcto uso de las pol\u00edticas del Estado\u201d, asever\u00f3.<\/p>\n<p style=\"text-align: justify;\">Cabe se\u00f1alar, que en Cochrane y Villa O\u2019Higgins el equipo de la DOS central conversar\u00e1 con medios locales -radio C\u00f3ndores del Baker de Cochrane y radio Rio Pascua de Villa O\u2019 Higgins- para detallar el despliegue del Infobus por la zona austral, para, posteriormente, continuar el recorrido hacia la regi\u00f3n de Magallanes.<\/p>\n<\/div><\/section><\/div><div  style='height:50px' class='hr hr-invisible   avia-builder-el-6  el_after_av_one_full  el_before_av_social_share '><span class='hr-inner ' ><span class='hr-inner-style'><\/span><\/span><\/div><\/p>\n<div  class='av-social-sharing-box  avia-builder-el-7  el_after_av_hr  el_before_av_hr  '><div class='av-share-box'><h5 class='av-share-link-description av-no-toc '>Compartir esta noticia<\/h5><ul class='av-share-box-list noLightbox'><li class='av-share-link av-social-link-facebook' ><a target=\"_blank\" aria-label=\"Compartir en Facebook\" href='https:\/\/www.facebook.com\/sharer.php?u=https:\/\/radiorevelacionfm.cl\/?p=47909&#038;t=Equipo%20de%20MovilizaDOS%20inicia%20gira%20del%20Infobus%20por%20la%20regi%C3%B3n%20de%20Ays%C3%A9n' aria-hidden='false' data-av_icon='\ue8f3' data-av_iconfont='entypo-fontello' title='' data-avia-related-tooltip='Compartir en Facebook' rel=\"noopener\"><span class='avia_hidden_link_text'>Compartir en Facebook<\/span><\/a><\/li><li class='av-share-link av-social-link-twitter' ><a target=\"_blank\" aria-label=\"Compartir en Twitter\" href='https:\/\/twitter.com\/share?text=Equipo%20de%20MovilizaDOS%20inicia%20gira%20del%20Infobus%20por%20la%20regi%C3%B3n%20de%20Ays%C3%A9n&#038;url=https:\/\/radiorevelacionfm.cl\/?p=47909' aria-hidden='false' data-av_icon='\ue8f1' data-av_iconfont='entypo-fontello' title='' data-avia-related-tooltip='Compartir en Twitter' rel=\"noopener\"><span class='avia_hidden_link_text'>Compartir en Twitter<\/span><\/a><\/li><li class='av-share-link av-social-link-whatsapp' ><a target=\"_blank\" aria-label=\"Compartir en Whatsapp\" href='https:\/\/api.whatsapp.com\/send?text=https:\/\/radiorevelacionfm.cl\/?p=47909' aria-hidden='false' data-av_icon='\uf232' data-av_iconfont='entypo-fontello' title='' data-avia-related-tooltip='Compartir en Whatsapp' rel=\"noopener\"><span class='avia_hidden_link_text'>Compartir en Whatsapp<\/span><\/a><\/li><li class='av-share-link av-social-link-linkedin' ><a target=\"_blank\" aria-label=\"Compartir en LinkedIn\" href='https:\/\/linkedin.com\/shareArticle?mini=true&#038;title=Equipo%20de%20MovilizaDOS%20inicia%20gira%20del%20Infobus%20por%20la%20regi%C3%B3n%20de%20Ays%C3%A9n&#038;url=https:\/\/radiorevelacionfm.cl\/?p=47909' aria-hidden='false' data-av_icon='\ue8fc' data-av_iconfont='entypo-fontello' title='' data-avia-related-tooltip='Compartir en LinkedIn' rel=\"noopener\"><span class='avia_hidden_link_text'>Compartir en LinkedIn<\/span><\/a><\/li><li class='av-share-link av-social-link-mail' ><a  aria-label=\"Compartir por correo\" href='mailto:?subject=Equipo%20de%20MovilizaDOS%20inicia%20gira%20del%20Infobus%20por%20la%20regi%C3%B3n%20de%20Ays%C3%A9n&#038;body=https:\/\/radiorevelacionfm.cl\/?p=47909' aria-hidden='false' data-av_icon='\ue805' data-av_iconfont='entypo-fontello' title='' data-avia-related-tooltip='Compartir por correo'><span class='avia_hidden_link_text'>Compartir por correo<\/span><\/a><\/li><\/ul><\/div><\/div>\n<div  style='height:50px' class='hr hr-invisible   avia-builder-el-8  el_after_av_social_share  el_before_av_comments_list '><span class='hr-inner ' ><span class='hr-inner-style'><\/span><\/span><\/div>\n<div  class='av-buildercomment  av-blog-meta-html-info-disabled av-blog-meta-tag-disabled  '><\/div>\n","protected":false},"excerpt":{"rendered":"","protected":false},"author":1,"featured_media":47910,"comment_status":"open","ping_status":"open","sticky":false,"template":"","format":"standard","meta":{"footnotes":""},"categories":[38],"tags":[],"class_list":["post-47909","post","type-post","status-publish","format-standard","has-post-thumbnail","hentry","category-regional"],"jetpack_featured_media_url":"https:\/\/radiorevelacionfm.cl\/wp-content\/uploads\/2024\/11\/MovilizaDOS2-2-1-1.jpeg","_links":{"self":[{"href":"https:\/\/radiorevelacionfm.cl\/index.php?rest_route=\/wp\/v2\/posts\/47909","targetHints":{"allow":["GET"]}}],"collection":[{"href":"https:\/\/radiorevelacionfm.cl\/index.php?rest_route=\/wp\/v2\/posts"}],"about":[{"href":"https:\/\/radiorevelacionfm.cl\/index.php?rest_route=\/wp\/v2\/types\/post"}],"author":[{"embeddable":true,"href":"https:\/\/radiorevelacionfm.cl\/index.php?rest_route=\/wp\/v2\/users\/1"}],"replies":[{"embeddable":true,"href":"https:\/\/radiorevelacionfm.cl\/index.php?rest_route=%2Fwp%2Fv2%2Fcomments&post=47909"}],"version-history":[{"count":1,"href":"https:\/\/radiorevelacionfm.cl\/index.php?rest_route=\/wp\/v2\/posts\/47909\/revisions"}],"predecessor-version":[{"id":47911,"href":"https:\/\/radiorevelacionfm.cl\/index.php?rest_route=\/wp\/v2\/posts\/47909\/revisions\/47911"}],"wp:featuredmedia":[{"embeddable":true,"href":"https:\/\/radiorevelacionfm.cl\/index.php?rest_route=\/wp\/v2\/media\/47910"}],"wp:attachment":[{"href":"https:\/\/radiorevelacionfm.cl\/index.php?rest_route=%2Fwp%2Fv2%2Fmedia&parent=47909"}],"wp:term":[{"taxonomy":"category","embeddable":true,"href":"https:\/\/radiorevelacionfm.cl\/index.php?rest_route=%2Fwp%2Fv2%2Fcategories&post=47909"},{"taxonomy":"post_tag","embeddable":true,"href":"https:\/\/radiorevelacionfm.cl\/index.php?rest_route=%2Fwp%2Fv2%2Ftags&post=47909"}],"curies":[{"name":"wp","href":"https:\/\/api.w.org\/{rel}","templated":true}]}}