{"id":47906,"date":"2024-11-14T10:00:07","date_gmt":"2024-11-14T13:00:07","guid":{"rendered":"https:\/\/radiorevelacionfm.cl\/?p=47906"},"modified":"2024-11-14T10:00:07","modified_gmt":"2024-11-14T13:00:07","slug":"termometro-laboral-region-de-aysen-sigue-liderando-la-tasa-de-ocupacion-laboral-nacional","status":"publish","type":"post","link":"https:\/\/radiorevelacionfm.cl\/?p=47906","title":{"rendered":"Term\u00f3metro laboral: Regi\u00f3n de Ays\u00e9n sigue liderando la tasa de ocupaci\u00f3n laboral nacional"},"content":{"rendered":"<div class=\"flex_column av_one_full  flex_column_div av-zero-column-padding first  avia-builder-el-0  el_before_av_one_full  avia-builder-el-first  \" style='border-radius:0px; '><div  class='avia-image-container  av-styling-    avia-builder-el-1  avia-builder-el-no-sibling  avia-align-center '  itemprop=\"image\" itemscope=\"itemscope\" itemtype=\"https:\/\/schema.org\/ImageObject\"  ><div class='avia-image-container-inner'><div class='avia-image-overlay-wrap'><img decoding=\"async\" class='wp-image-47907 avia-img-lazy-loading-not-47907 avia_image' src=\"https:\/\/radiorevelacionfm.cl\/wp-content\/uploads\/2024\/11\/Servicio-de-comida-1-1.jpg\" alt='' title='Servicio de comida (1) (1)' height=\"600\" width=\"902\"  itemprop=\"thumbnailUrl\" srcset=\"https:\/\/radiorevelacionfm.cl\/wp-content\/uploads\/2024\/11\/Servicio-de-comida-1-1.jpg 902w, https:\/\/radiorevelacionfm.cl\/wp-content\/uploads\/2024\/11\/Servicio-de-comida-1-1-300x200.jpg 300w, https:\/\/radiorevelacionfm.cl\/wp-content\/uploads\/2024\/11\/Servicio-de-comida-1-1-768x511.jpg 768w, https:\/\/radiorevelacionfm.cl\/wp-content\/uploads\/2024\/11\/Servicio-de-comida-1-1-705x469.jpg 705w, https:\/\/radiorevelacionfm.cl\/wp-content\/uploads\/2024\/11\/Servicio-de-comida-1-1-450x299.jpg 450w, https:\/\/radiorevelacionfm.cl\/wp-content\/uploads\/2024\/11\/Servicio-de-comida-1-1-600x399.jpg 600w\" sizes=\"(max-width: 902px) 100vw, 902px\" \/><\/div><\/div><\/div><\/div><div class=\"flex_column av_one_full  flex_column_div av-zero-column-padding first  avia-builder-el-2  el_after_av_one_full  el_before_av_one_full  column-top-margin\" style='border-radius:0px; '><section class=\"av_textblock_section \"  itemscope=\"itemscope\" itemtype=\"https:\/\/schema.org\/BlogPosting\" itemprop=\"blogPost\" ><div class='avia_textblock  '   itemprop=\"text\" ><p style=\"text-align: center;\"><span style=\"font-size: 18pt;\"><strong>Term\u00f3metro laboral: Regi\u00f3n de Ays\u00e9n sigue liderando la tasa de ocupaci\u00f3n laboral nacional<\/strong><\/span><\/p>\n<div id=\"gtx-trans\" style=\"position: absolute; left: -50px; top: 4.31534px;\">\n<div class=\"gtx-trans-icon\"><\/div>\n<\/div>\n<\/div><\/section><\/div><div class=\"flex_column av_one_full  flex_column_div av-zero-column-padding first  avia-builder-el-4  el_after_av_one_full  el_before_av_hr  column-top-margin\" style='border-radius:0px; '><section class=\"av_textblock_section \"  itemscope=\"itemscope\" itemtype=\"https:\/\/schema.org\/BlogPosting\" itemprop=\"blogPost\" ><div class='avia_textblock  '   itemprop=\"text\" ><ul>\n<li style=\"text-align: justify;\"><em>Una de las ramas econ\u00f3micas que mostr\u00f3 mejor repunte de actividades durante los \u00faltimos 12 meses fue la de alojamiento y servicio de comidas.<\/em><\/li>\n<\/ul>\n<p style=\"text-align: justify;\">Un nuevo documento ha sido publicado por el Observatorio Laboral Regional donde es posible ver una estabilidad al tener cifras positivas tanto en ocupaci\u00f3n como desocupaci\u00f3n por tercer trimestre m\u00f3vil consecutivo este 2024.<\/p>\n<p style=\"text-align: justify;\">As\u00ed mismo lo destaca la reci\u00e9n asumida Seremi del Trabajo y Previsi\u00f3n Social, Camila Covarrubias Retamal, que hace hincapi\u00e9 en c\u00f3mo se reflejan en las cifras el trabajo de diversas carteras ministeriales que han puesto en tabla lo importante de crear pol\u00edticas p\u00fablicas que apoyen y sustenten el desarrollo econ\u00f3mico y laboral de la regi\u00f3n.<\/p>\n<p style=\"text-align: justify;\">\u201cLa regi\u00f3n de Ays\u00e9n ha experimentado un repunte notable en su mercado laboral, el cual se refleja claramente en una tasa de ocupaci\u00f3n que se sit\u00faa como la m\u00e1s alta del pa\u00eds, alcanzando un porcentaje del 68,3%. Este porcentaje muestra un aumento significativo en comparaci\u00f3n con el trimestre anterior, donde la tasa de ocupaci\u00f3n fue del 67,6%, as\u00ed como respecto al mismo periodo del a\u00f1o 2023, cuando el porcentaje era de 68,2%\u201d sostuvo.<\/p>\n<p style=\"text-align: justify;\">La Seremi Camila Covarrubias realiz\u00f3 un an\u00e1lisis comparativo de cifras prepandemia versus la actualidad, dejando en claro que la regi\u00f3n supo reponerse en\u00e9rgicamente de todo aquel efecto negativo que tuvo aquella contingencia mundial. \u201cEste crecimiento sostenido de la tasa de ocupaci\u00f3n, sumado a la disminuci\u00f3n de la tasa de informalidad laboral tambi\u00e9n es una cifra positiva, ya que pas\u00f3 de un 30,7% en el a\u00f1o 2019 a un 29,3% en la actualidad, correspondiente al trimestre m\u00f3vil julio-septiembre. En esta misma comparaci\u00f3n, la desocupaci\u00f3n actual de 4,4% es significativamente menor que la de 5,0% de igual periodo del 2023 y 4,7% de 2019, lo cual sugiere de manera contundente que la regi\u00f3n est\u00e1 experimentando una recuperaci\u00f3n s\u00f3lida y un retorno gradual, pero firme, a las cifras prepandemia, lo cual es satisfactorio para nosotros como Gobierno y seguiremos trabajando de manera tripartita para ir mejorando estas cifras\u201d, recalc\u00f3 la autoridad.<\/p>\n<p style=\"text-align: justify;\"><strong><u>Los sectores que repuntan <\/u><\/strong><\/p>\n<p style=\"text-align: justify;\">Dentro del documento oficial, existe el espacio de muestreo para el n\u00famero de personas ocupadas seg\u00fan rama de actividad econ\u00f3mica a nivel regional, destacando, en primer lugar, la administraci\u00f3n p\u00fablica y defensa, concentrando el 16,8%, con cerca de diez mil personas ocupadas.<\/p>\n<p style=\"text-align: justify;\">En segundo lugar, se encuentra el comercio al por mayor y al por menor, y en tercer lugar la Ense\u00f1anza, con un 13,4% y un 9,7% del empleo total en la regi\u00f3n, respectivamente.<\/p>\n<p style=\"text-align: justify;\">En palabras de C\u00e9sar G\u00f3mez Berrocal, Director del Observatorio Laboral Ays\u00e9n, las cifras son muy positivas, pero tambi\u00e9n es importante destacar el posicionamiento que ha tenido la actividad de alojamiento y de servicio de comidas, con un alza significativa en comparaci\u00f3n al mismo periodo del a\u00f1o 2023.<\/p>\n<p style=\"text-align: justify;\">\u201cEn el an\u00e1lisis de este mes, cabe destacar el repunte de la gama de actividades econ\u00f3micas asociadas al telar y los servicios de alimentaci\u00f3n, que experimentaron un alza del 20,3% respecto al mismo trimestre del a\u00f1o anterior y, al mismo tiempo, un aumento del 12,2% respecto al mes anterior. En ese sentido, esta rama de actividades econ\u00f3micas concentra el 6,5% de la fuerza de los servicios econ\u00f3micos de alimentaci\u00f3n, la cual experiment\u00f3 un alza del 20,3% respecto al mismo trimestre del a\u00f1o anterior y a la vez un aumento en 12,2% respecto al mes anterior. En ese sentido, esta rama de la actividad econ\u00f3mica concentra un 6,5% de la fuerza de trabajo de la regi\u00f3n, con m\u00e1s de 3800 personas ocupadas\u201d sostiene el Director.<\/p>\n<p style=\"text-align: justify;\">El Observatorio Laboral de Ays\u00e9n, es parte de la Estrategia Nacional de Prospecci\u00f3n Laboral, convenio firmado entre el Centro de Formaci\u00f3n T\u00e9cnica Estatal de Ays\u00e9n y la Subsecretaria del Trabajo, representada por la Seremi de Trabajo y Previsi\u00f3n Social. Para acceder al Term\u00f3metro Laboral del mes de noviembre, el link es: www.subtrab.gob.cl\/tlr y dar click a regi\u00f3n de Ays\u00e9n.<\/p>\n<\/div><\/section><\/div><div  style='height:50px' class='hr hr-invisible   avia-builder-el-6  el_after_av_one_full  el_before_av_social_share '><span class='hr-inner ' ><span class='hr-inner-style'><\/span><\/span><\/div><\/p>\n<div  class='av-social-sharing-box  avia-builder-el-7  el_after_av_hr  el_before_av_hr  '><div class='av-share-box'><h5 class='av-share-link-description av-no-toc '>Compartir esta noticia<\/h5><ul class='av-share-box-list noLightbox'><li class='av-share-link av-social-link-facebook' ><a target=\"_blank\" aria-label=\"Compartir en Facebook\" href='https:\/\/www.facebook.com\/sharer.php?u=https:\/\/radiorevelacionfm.cl\/?p=47906&#038;t=Term%C3%B3metro%20laboral%3A%20Regi%C3%B3n%20de%20Ays%C3%A9n%20sigue%20liderando%20la%20tasa%20de%20ocupaci%C3%B3n%20laboral%20nacional' aria-hidden='false' data-av_icon='\ue8f3' data-av_iconfont='entypo-fontello' title='' data-avia-related-tooltip='Compartir en Facebook' rel=\"noopener\"><span class='avia_hidden_link_text'>Compartir en Facebook<\/span><\/a><\/li><li class='av-share-link av-social-link-twitter' ><a target=\"_blank\" aria-label=\"Compartir en Twitter\" href='https:\/\/twitter.com\/share?text=Term%C3%B3metro%20laboral%3A%20Regi%C3%B3n%20de%20Ays%C3%A9n%20sigue%20liderando%20la%20tasa%20de%20ocupaci%C3%B3n%20laboral%20nacional&#038;url=https:\/\/radiorevelacionfm.cl\/?p=47906' aria-hidden='false' data-av_icon='\ue8f1' data-av_iconfont='entypo-fontello' title='' data-avia-related-tooltip='Compartir en Twitter' rel=\"noopener\"><span class='avia_hidden_link_text'>Compartir en Twitter<\/span><\/a><\/li><li class='av-share-link av-social-link-whatsapp' ><a target=\"_blank\" aria-label=\"Compartir en Whatsapp\" href='https:\/\/api.whatsapp.com\/send?text=https:\/\/radiorevelacionfm.cl\/?p=47906' aria-hidden='false' data-av_icon='\uf232' data-av_iconfont='entypo-fontello' title='' data-avia-related-tooltip='Compartir en Whatsapp' rel=\"noopener\"><span class='avia_hidden_link_text'>Compartir en Whatsapp<\/span><\/a><\/li><li class='av-share-link av-social-link-linkedin' ><a target=\"_blank\" aria-label=\"Compartir en LinkedIn\" href='https:\/\/linkedin.com\/shareArticle?mini=true&#038;title=Term%C3%B3metro%20laboral%3A%20Regi%C3%B3n%20de%20Ays%C3%A9n%20sigue%20liderando%20la%20tasa%20de%20ocupaci%C3%B3n%20laboral%20nacional&#038;url=https:\/\/radiorevelacionfm.cl\/?p=47906' aria-hidden='false' data-av_icon='\ue8fc' data-av_iconfont='entypo-fontello' title='' data-avia-related-tooltip='Compartir en LinkedIn' rel=\"noopener\"><span class='avia_hidden_link_text'>Compartir en LinkedIn<\/span><\/a><\/li><li class='av-share-link av-social-link-mail' ><a  aria-label=\"Compartir por correo\" href='mailto:?subject=Term%C3%B3metro%20laboral%3A%20Regi%C3%B3n%20de%20Ays%C3%A9n%20sigue%20liderando%20la%20tasa%20de%20ocupaci%C3%B3n%20laboral%20nacional&#038;body=https:\/\/radiorevelacionfm.cl\/?p=47906' aria-hidden='false' data-av_icon='\ue805' data-av_iconfont='entypo-fontello' title='' data-avia-related-tooltip='Compartir por correo'><span class='avia_hidden_link_text'>Compartir por correo<\/span><\/a><\/li><\/ul><\/div><\/div>\n<div  style='height:50px' class='hr hr-invisible   avia-builder-el-8  el_after_av_social_share  el_before_av_comments_list '><span class='hr-inner ' ><span class='hr-inner-style'><\/span><\/span><\/div>\n<div  class='av-buildercomment  av-blog-meta-html-info-disabled av-blog-meta-tag-disabled  '><\/div>\n","protected":false},"excerpt":{"rendered":"","protected":false},"author":1,"featured_media":47907,"comment_status":"open","ping_status":"open","sticky":false,"template":"","format":"standard","meta":{"footnotes":""},"categories":[38],"tags":[],"class_list":["post-47906","post","type-post","status-publish","format-standard","has-post-thumbnail","hentry","category-regional"],"jetpack_featured_media_url":"https:\/\/radiorevelacionfm.cl\/wp-content\/uploads\/2024\/11\/Servicio-de-comida-1-1.jpg","_links":{"self":[{"href":"https:\/\/radiorevelacionfm.cl\/index.php?rest_route=\/wp\/v2\/posts\/47906","targetHints":{"allow":["GET"]}}],"collection":[{"href":"https:\/\/radiorevelacionfm.cl\/index.php?rest_route=\/wp\/v2\/posts"}],"about":[{"href":"https:\/\/radiorevelacionfm.cl\/index.php?rest_route=\/wp\/v2\/types\/post"}],"author":[{"embeddable":true,"href":"https:\/\/radiorevelacionfm.cl\/index.php?rest_route=\/wp\/v2\/users\/1"}],"replies":[{"embeddable":true,"href":"https:\/\/radiorevelacionfm.cl\/index.php?rest_route=%2Fwp%2Fv2%2Fcomments&post=47906"}],"version-history":[{"count":1,"href":"https:\/\/radiorevelacionfm.cl\/index.php?rest_route=\/wp\/v2\/posts\/47906\/revisions"}],"predecessor-version":[{"id":47908,"href":"https:\/\/radiorevelacionfm.cl\/index.php?rest_route=\/wp\/v2\/posts\/47906\/revisions\/47908"}],"wp:featuredmedia":[{"embeddable":true,"href":"https:\/\/radiorevelacionfm.cl\/index.php?rest_route=\/wp\/v2\/media\/47907"}],"wp:attachment":[{"href":"https:\/\/radiorevelacionfm.cl\/index.php?rest_route=%2Fwp%2Fv2%2Fmedia&parent=47906"}],"wp:term":[{"taxonomy":"category","embeddable":true,"href":"https:\/\/radiorevelacionfm.cl\/index.php?rest_route=%2Fwp%2Fv2%2Fcategories&post=47906"},{"taxonomy":"post_tag","embeddable":true,"href":"https:\/\/radiorevelacionfm.cl\/index.php?rest_route=%2Fwp%2Fv2%2Ftags&post=47906"}],"curies":[{"name":"wp","href":"https:\/\/api.w.org\/{rel}","templated":true}]}}