{"id":47903,"date":"2024-11-12T18:37:14","date_gmt":"2024-11-12T21:37:14","guid":{"rendered":"https:\/\/radiorevelacionfm.cl\/?p=47903"},"modified":"2024-11-12T18:37:14","modified_gmt":"2024-11-12T21:37:14","slug":"chile-chico-inaugura-con-exito-la-temporada-turistica","status":"publish","type":"post","link":"https:\/\/radiorevelacionfm.cl\/?p=47903","title":{"rendered":"Chile Chico inaugura con \u00e9xito la temporada tur\u00edstica"},"content":{"rendered":"<div class=\"flex_column av_one_full  flex_column_div av-zero-column-padding first  avia-builder-el-0  el_before_av_one_full  avia-builder-el-first  \" style='border-radius:0px; '><div  class='avia-image-container  av-styling-    avia-builder-el-1  avia-builder-el-no-sibling  avia-align-center '  itemprop=\"image\" itemscope=\"itemscope\" itemtype=\"https:\/\/schema.org\/ImageObject\"  ><div class='avia-image-container-inner'><div class='avia-image-overlay-wrap'><img decoding=\"async\" class='wp-image-47904 avia-img-lazy-loading-not-47904 avia_image' src=\"https:\/\/radiorevelacionfm.cl\/wp-content\/uploads\/2024\/11\/Lanzamiento-temporada-turistica-1-1-1.jpeg\" alt='' title='Lanzamiento temporada tur\u00edstica (1) (1) (1)' height=\"600\" width=\"1067\"  itemprop=\"thumbnailUrl\" srcset=\"https:\/\/radiorevelacionfm.cl\/wp-content\/uploads\/2024\/11\/Lanzamiento-temporada-turistica-1-1-1.jpeg 1067w, https:\/\/radiorevelacionfm.cl\/wp-content\/uploads\/2024\/11\/Lanzamiento-temporada-turistica-1-1-1-300x169.jpeg 300w, https:\/\/radiorevelacionfm.cl\/wp-content\/uploads\/2024\/11\/Lanzamiento-temporada-turistica-1-1-1-1030x579.jpeg 1030w, https:\/\/radiorevelacionfm.cl\/wp-content\/uploads\/2024\/11\/Lanzamiento-temporada-turistica-1-1-1-768x432.jpeg 768w, https:\/\/radiorevelacionfm.cl\/wp-content\/uploads\/2024\/11\/Lanzamiento-temporada-turistica-1-1-1-705x396.jpeg 705w, https:\/\/radiorevelacionfm.cl\/wp-content\/uploads\/2024\/11\/Lanzamiento-temporada-turistica-1-1-1-450x253.jpeg 450w, https:\/\/radiorevelacionfm.cl\/wp-content\/uploads\/2024\/11\/Lanzamiento-temporada-turistica-1-1-1-600x337.jpeg 600w\" sizes=\"(max-width: 1067px) 100vw, 1067px\" \/><\/div><\/div><\/div><\/div><div class=\"flex_column av_one_full  flex_column_div av-zero-column-padding first  avia-builder-el-2  el_after_av_one_full  el_before_av_one_full  column-top-margin\" style='border-radius:0px; '><section class=\"av_textblock_section \"  itemscope=\"itemscope\" itemtype=\"https:\/\/schema.org\/BlogPosting\" itemprop=\"blogPost\" ><div class='avia_textblock  '   itemprop=\"text\" ><p style=\"text-align: center;\"><strong><span style=\"font-size: 18pt;\">Chile Chico inaugura con \u00e9xito la temporada tur\u00edstica<\/span><\/strong><\/p>\n<div id=\"gtx-trans\" style=\"position: absolute; left: -50px; top: 4.31534px;\">\n<div class=\"gtx-trans-icon\"><\/div>\n<\/div>\n<\/div><\/section><\/div><div class=\"flex_column av_one_full  flex_column_div av-zero-column-padding first  avia-builder-el-4  el_after_av_one_full  el_before_av_hr  column-top-margin\" style='border-radius:0px; '><section class=\"av_textblock_section \"  itemscope=\"itemscope\" itemtype=\"https:\/\/schema.org\/BlogPosting\" itemprop=\"blogPost\" ><div class='avia_textblock  '   itemprop=\"text\" ><p style=\"text-align: justify;\"><em>Organizado por la DPP de General Carrera en conjunto a emprendedores locales, la actividad reuni\u00f3 a sectores del turismo, comercio y servicios p\u00fablicos, que mostraron su oferta a vecinos y visitantes.<\/em><\/p>\n<p style=\"text-align: justify;\">Cabalgatas, escalada, hoteles boutique, city tours, entre otros servicios tur\u00edsticos, adem\u00e1s de productos locales, es lo que se pod\u00eda encontrar en los distintos stands ubicados a un costado de la plaza principal de Chile Chico, a los que llegaban turistas y vecinos que buscaban conocer lo que ofrece esta comuna como actividades recreativas.<\/p>\n<p style=\"text-align: justify;\">La jornada comenz\u00f3 poco despu\u00e9s de las 9 de la ma\u00f1ana con las palabras de inicio por parte del Delegado Presidencial Provincial de General Carrera, Crist\u00f3bal Barcel\u00f3, y una exposici\u00f3n por parte del director de Sernatur, Claudio Montecinos, respecto a la ocupaci\u00f3n hotelera y la diversidad de turistas que visitan la localidad a lo largo del a\u00f1o.<\/p>\n<p style=\"text-align: justify;\">El evento se extendi\u00f3 cerca de 10 horas. Durante la tarde debi\u00f3 ser trasladado al terminal de buses por las fuertes r\u00e1fagas de viento, lo que no impidi\u00f3 que la afluencia se mantuviera alta durante toda la tarde, llena de personas queriendo conocer la oferta tur\u00edstica local.<\/p>\n<p style=\"text-align: justify;\">Adem\u00e1s de los stands tur\u00edsticos, el espacio incluy\u00f3 una ecoferia organizada por la Escuela Ra\u00edces de Calafate, un puesto de la Telet\u00f3n y una feria infantil, actividades que se complementaron para atraer un p\u00fablico diverso.<\/p>\n<p style=\"text-align: justify;\">\u201cEstamos contentos con la convocatoria\u201d relataba Alejandro Sanhueza del Hotel Posada del R\u00edo, quien agreg\u00f3 \u201cNosotros como emprendedores tur\u00edsticos lo \u00fanico que buscamos es ser visibles hacia la comunidad, mostrar lo que tenemos, lo que somos, lo que tenemos para ofertar a nuestros viajeros, a nuestros visitantes y el balance creo que es positivo\u201d<\/p>\n<p style=\"text-align: justify;\">Marcelo Manque, lleg\u00f3 desde Osorno a la Patagonia chilena y visit\u00f3 el Lanzamiento de la Temporada Tur\u00edstica en Chile Chico, sobre ello coment\u00f3 que \u201clo encuentro maravilloso\u201d. Se pase\u00f3 por los stands y pregunt\u00f3 por la oferta tur\u00edstica \u201cHay hartas partes que recorrer, el lago, los ventisqueros igual me dijeron\u201d. Por \u00faltimo se\u00f1al\u00f3 que \u201cbonito ac\u00e1, muy precioso. He pasado por otros pueblos, pero este es el mejor pueblo\u201d.<\/p>\n<p style=\"text-align: justify;\">Por su parte, Crist\u00f3bal Barcel\u00f3, Delegado Presidencial de General Carrera, ente organizador del lanzamiento, indic\u00f3 al t\u00e9rmino de la jornada que \u201cAgradecemos a toda la comunidad que ha estado aqu\u00ed presente (&#8230;) porque ac\u00e1 existe un inter\u00e9s no solamente desde el punto de vista econ\u00f3mico, sino que desde el punto de vista social, desde el punto de vista de fortalecer a nuestras organizaciones sociales, a nuestras comunidades, d\u00e1ndoles herramientas y generando instancias donde ellos tambi\u00e9n puedan mostrar todo su trabajo. Esperamos que este tipo de actividades se sigan repitiendo en el futuro\u201d cerr\u00f3 el representante del Presidente en Chile Chico y R\u00edo Ib\u00e1\u00f1ez.<\/p>\n<p style=\"text-align: justify;\">De esta forma se da inicio oficial a la temporada alta en Chile Chico, que ya desde algunos meses ha visto el incremento de turistas nacionales y extranjeros en sus tierras.<\/p>\n<\/div><\/section><\/div><div  style='height:50px' class='hr hr-invisible   avia-builder-el-6  el_after_av_one_full  el_before_av_social_share '><span class='hr-inner ' ><span class='hr-inner-style'><\/span><\/span><\/div><\/p>\n<div  class='av-social-sharing-box  avia-builder-el-7  el_after_av_hr  el_before_av_hr  '><div class='av-share-box'><h5 class='av-share-link-description av-no-toc '>Compartir esta noticia<\/h5><ul class='av-share-box-list noLightbox'><li class='av-share-link av-social-link-facebook' ><a target=\"_blank\" aria-label=\"Compartir en Facebook\" href='https:\/\/www.facebook.com\/sharer.php?u=https:\/\/radiorevelacionfm.cl\/?p=47903&#038;t=Chile%20Chico%20inaugura%20con%20%C3%A9xito%20la%20temporada%20tur%C3%ADstica' aria-hidden='false' data-av_icon='\ue8f3' data-av_iconfont='entypo-fontello' title='' data-avia-related-tooltip='Compartir en Facebook' rel=\"noopener\"><span class='avia_hidden_link_text'>Compartir en Facebook<\/span><\/a><\/li><li class='av-share-link av-social-link-twitter' ><a target=\"_blank\" aria-label=\"Compartir en Twitter\" href='https:\/\/twitter.com\/share?text=Chile%20Chico%20inaugura%20con%20%C3%A9xito%20la%20temporada%20tur%C3%ADstica&#038;url=https:\/\/radiorevelacionfm.cl\/?p=47903' aria-hidden='false' data-av_icon='\ue8f1' data-av_iconfont='entypo-fontello' title='' data-avia-related-tooltip='Compartir en Twitter' rel=\"noopener\"><span class='avia_hidden_link_text'>Compartir en Twitter<\/span><\/a><\/li><li class='av-share-link av-social-link-whatsapp' ><a target=\"_blank\" aria-label=\"Compartir en Whatsapp\" href='https:\/\/api.whatsapp.com\/send?text=https:\/\/radiorevelacionfm.cl\/?p=47903' aria-hidden='false' data-av_icon='\uf232' data-av_iconfont='entypo-fontello' title='' data-avia-related-tooltip='Compartir en Whatsapp' rel=\"noopener\"><span class='avia_hidden_link_text'>Compartir en Whatsapp<\/span><\/a><\/li><li class='av-share-link av-social-link-linkedin' ><a target=\"_blank\" aria-label=\"Compartir en LinkedIn\" href='https:\/\/linkedin.com\/shareArticle?mini=true&#038;title=Chile%20Chico%20inaugura%20con%20%C3%A9xito%20la%20temporada%20tur%C3%ADstica&#038;url=https:\/\/radiorevelacionfm.cl\/?p=47903' aria-hidden='false' data-av_icon='\ue8fc' data-av_iconfont='entypo-fontello' title='' data-avia-related-tooltip='Compartir en LinkedIn' rel=\"noopener\"><span class='avia_hidden_link_text'>Compartir en LinkedIn<\/span><\/a><\/li><li class='av-share-link av-social-link-mail' ><a  aria-label=\"Compartir por correo\" href='mailto:?subject=Chile%20Chico%20inaugura%20con%20%C3%A9xito%20la%20temporada%20tur%C3%ADstica&#038;body=https:\/\/radiorevelacionfm.cl\/?p=47903' aria-hidden='false' data-av_icon='\ue805' data-av_iconfont='entypo-fontello' title='' data-avia-related-tooltip='Compartir por correo'><span class='avia_hidden_link_text'>Compartir por correo<\/span><\/a><\/li><\/ul><\/div><\/div>\n<div  style='height:50px' class='hr hr-invisible   avia-builder-el-8  el_after_av_social_share  el_before_av_comments_list '><span class='hr-inner ' ><span class='hr-inner-style'><\/span><\/span><\/div>\n<div  class='av-buildercomment  av-blog-meta-html-info-disabled av-blog-meta-tag-disabled  '><\/div>\n","protected":false},"excerpt":{"rendered":"","protected":false},"author":1,"featured_media":47904,"comment_status":"open","ping_status":"open","sticky":false,"template":"","format":"standard","meta":{"footnotes":""},"categories":[54],"tags":[],"class_list":["post-47903","post","type-post","status-publish","format-standard","has-post-thumbnail","hentry","category-turismo"],"jetpack_featured_media_url":"https:\/\/radiorevelacionfm.cl\/wp-content\/uploads\/2024\/11\/Lanzamiento-temporada-turistica-1-1-1.jpeg","_links":{"self":[{"href":"https:\/\/radiorevelacionfm.cl\/index.php?rest_route=\/wp\/v2\/posts\/47903","targetHints":{"allow":["GET"]}}],"collection":[{"href":"https:\/\/radiorevelacionfm.cl\/index.php?rest_route=\/wp\/v2\/posts"}],"about":[{"href":"https:\/\/radiorevelacionfm.cl\/index.php?rest_route=\/wp\/v2\/types\/post"}],"author":[{"embeddable":true,"href":"https:\/\/radiorevelacionfm.cl\/index.php?rest_route=\/wp\/v2\/users\/1"}],"replies":[{"embeddable":true,"href":"https:\/\/radiorevelacionfm.cl\/index.php?rest_route=%2Fwp%2Fv2%2Fcomments&post=47903"}],"version-history":[{"count":1,"href":"https:\/\/radiorevelacionfm.cl\/index.php?rest_route=\/wp\/v2\/posts\/47903\/revisions"}],"predecessor-version":[{"id":47905,"href":"https:\/\/radiorevelacionfm.cl\/index.php?rest_route=\/wp\/v2\/posts\/47903\/revisions\/47905"}],"wp:featuredmedia":[{"embeddable":true,"href":"https:\/\/radiorevelacionfm.cl\/index.php?rest_route=\/wp\/v2\/media\/47904"}],"wp:attachment":[{"href":"https:\/\/radiorevelacionfm.cl\/index.php?rest_route=%2Fwp%2Fv2%2Fmedia&parent=47903"}],"wp:term":[{"taxonomy":"category","embeddable":true,"href":"https:\/\/radiorevelacionfm.cl\/index.php?rest_route=%2Fwp%2Fv2%2Fcategories&post=47903"},{"taxonomy":"post_tag","embeddable":true,"href":"https:\/\/radiorevelacionfm.cl\/index.php?rest_route=%2Fwp%2Fv2%2Ftags&post=47903"}],"curies":[{"name":"wp","href":"https:\/\/api.w.org\/{rel}","templated":true}]}}