{"id":47897,"date":"2024-11-12T18:09:56","date_gmt":"2024-11-12T21:09:56","guid":{"rendered":"https:\/\/radiorevelacionfm.cl\/?p=47897"},"modified":"2024-11-12T18:09:56","modified_gmt":"2024-11-12T21:09:56","slug":"injuv-promueve-la-importancia-de-la-salud-mental-en-juventudes-de-la-junta-puerto-cisnes-y-coyhaique","status":"publish","type":"post","link":"https:\/\/radiorevelacionfm.cl\/?p=47897","title":{"rendered":"INJUV promueve la importancia de la salud mental en juventudes de La Junta, Puerto Cisnes y Coyhaique"},"content":{"rendered":"<div class=\"flex_column av_one_full  flex_column_div av-zero-column-padding first  avia-builder-el-0  el_before_av_one_full  avia-builder-el-first  \" style='border-radius:0px; '><div  class='avia-image-container  av-styling-    avia-builder-el-1  avia-builder-el-no-sibling  avia-align-center '  itemprop=\"image\" itemscope=\"itemscope\" itemtype=\"https:\/\/schema.org\/ImageObject\"  ><div class='avia-image-container-inner'><div class='avia-image-overlay-wrap'><img decoding=\"async\" class='wp-image-47898 avia-img-lazy-loading-not-47898 avia_image' src=\"https:\/\/radiorevelacionfm.cl\/wp-content\/uploads\/2024\/11\/FOTO-2-59-1-1.jpg\" alt='' title='FOTO 2 (59) (1) (1)' height=\"600\" width=\"800\"  itemprop=\"thumbnailUrl\" srcset=\"https:\/\/radiorevelacionfm.cl\/wp-content\/uploads\/2024\/11\/FOTO-2-59-1-1.jpg 800w, https:\/\/radiorevelacionfm.cl\/wp-content\/uploads\/2024\/11\/FOTO-2-59-1-1-300x225.jpg 300w, https:\/\/radiorevelacionfm.cl\/wp-content\/uploads\/2024\/11\/FOTO-2-59-1-1-768x576.jpg 768w, https:\/\/radiorevelacionfm.cl\/wp-content\/uploads\/2024\/11\/FOTO-2-59-1-1-705x529.jpg 705w, https:\/\/radiorevelacionfm.cl\/wp-content\/uploads\/2024\/11\/FOTO-2-59-1-1-450x338.jpg 450w, https:\/\/radiorevelacionfm.cl\/wp-content\/uploads\/2024\/11\/FOTO-2-59-1-1-600x450.jpg 600w\" sizes=\"(max-width: 800px) 100vw, 800px\" \/><\/div><\/div><\/div><\/div><div class=\"flex_column av_one_full  flex_column_div av-zero-column-padding first  avia-builder-el-2  el_after_av_one_full  el_before_av_one_full  column-top-margin\" style='border-radius:0px; '><section class=\"av_textblock_section \"  itemscope=\"itemscope\" itemtype=\"https:\/\/schema.org\/BlogPosting\" itemprop=\"blogPost\" ><div class='avia_textblock  '   itemprop=\"text\" ><p style=\"text-align: center;\"><span style=\"font-size: 18pt;\"><strong>INJUV promueve la importancia de la salud mental en juventudes de La Junta, Puerto Cisnes y Coyhaique<\/strong><\/span><\/p>\n<div id=\"gtx-trans\" style=\"position: absolute; left: -50px; top: 4.31534px;\">\n<div class=\"gtx-trans-icon\"><\/div>\n<\/div>\n<\/div><\/section><\/div><div class=\"flex_column av_one_full  flex_column_div av-zero-column-padding first  avia-builder-el-4  el_after_av_one_full  el_before_av_hr  column-top-margin\" style='border-radius:0px; '><section class=\"av_textblock_section \"  itemscope=\"itemscope\" itemtype=\"https:\/\/schema.org\/BlogPosting\" itemprop=\"blogPost\" ><div class='avia_textblock  '   itemprop=\"text\" ><p style=\"text-align: justify;\">Con el objetivo de difundir el programa Hablemos de Todo e informar sobre \u00a0el autocuidado y bienestar f\u00edsico y mental, el Instituto Nacional de la Juventud de la regi\u00f3n, estuvo trabajando en terreno realizando una difusi\u00f3n masiva a las juventudes estudiantes del Liceo T\u00e9cnico Profesional Juan Pablo II, Colegio Antoine de Saint Exup\u00e9ry de la comuna de Coyhaique, Liceo Bicentenario Arturo Prat Chac\u00f3n de la comuna de Cisnes y Liceo Eusebio Ibar Schepeler \u00a0de la localidad de La Junta.<\/p>\n<p style=\"text-align: justify;\">INJUV Ays\u00e9n lleg\u00f3 hasta los diferentes establecimientos educacionales para entregar a las juventudes presentes informaci\u00f3n libre de estigmatizaci\u00f3n sobre tem\u00e1ticas asociadas a conductas de autocuidado, ofreciendo asistencia, contenci\u00f3n y orientaci\u00f3n a las y los j\u00f3venes estudiantes.<\/p>\n<p style=\"text-align: justify;\">\u201cEl despliegue realizado en esta ocasi\u00f3n, apunta a reconocer que las juventudes en zonas apartadas y\/o rurales se enfrentan al aislamiento geogr\u00e1fico, lo que puede aumentar el riesgo de problemas de salud mental, como la depresi\u00f3n y la ansiedad. La falta de redes de apoyo y la exposici\u00f3n a menores oportunidades recreativas, educativas y laborales agravan estos problemas. Por lo tanto, es fundamental generar y potenciar espacios de contenci\u00f3n y acompa\u00f1amiento. A trav\u00e9s de nuestro programa apuntamos a la promoci\u00f3n del bienestar a nivel comunitario, porque consideramos que, mejorar la salud mental de las juventudes no solo les beneficia a nivel individual, sino que fortalece el tejido social de las comunidades. Las juventudes son agentes de cambio, y un buen estado mental les permite participar activamente en el desarrollo local, contribuyendo al bienestar general de la comunidad\u201d, indic\u00f3 el Director Regional de INJUV Ays\u00e9n, Camilo Trivi\u00f1o Urtubia.<\/p>\n<p style=\"text-align: justify;\">Celeste Vargas Pe\u00f1a, joven estudiante del Liceo Eusebio Ibar Schepeler de La Junta, explic\u00f3 que \u201cfue muy buena la visita de INJUV a nuestro liceo, es bueno el programa que ayuda a las y los adolescentes, es una iniciativa importante que no siempre se da. Este a\u00f1o es mi \u00faltimo a\u00f1o escolar porque me licenciar\u00e9 de cuarto medio, ser\u00eda espectacular que sigan realizando este tipo de actividades en el liceo y tambi\u00e9n podr\u00edan desarrollar actividades en otras localidades rurales\u201d.<\/p>\n<p style=\"text-align: justify;\">Krishna Estroz Vargas, joven Defensora de las Disidencias de G\u00e9nero, del Centro General de Estudiantes (CGE), del Liceo T\u00e9cnico Profesional Juan Pablo II, destac\u00f3 la iniciativa de INJUV Ays\u00e9n y sostuvo que \u201cfue una excelente actividad, era lo que faltaba en nuestro liceo, conocer este interesante programa enfocado en la salud mental de las juventudes, ya que nosotros como j\u00f3venes, no siempre contamos con espacios donde poder expresarnos y decir lo que sentimos, creemos o pensamos\u201d.<\/p>\n<p style=\"text-align: justify;\">El programa Hablemos de Todo tiene tambi\u00e9n un servicio de chat en l\u00ednea gratuito, donde psic\u00f3logas y psic\u00f3logos atienden las consultas de las y los j\u00f3venes. Se encuentran operativos de lunes a viernes de 10:00 a 21:00 horas y los s\u00e1bados de 11:00 a 17:00 horas. A trav\u00e9s de la entrega de informaci\u00f3n, contenci\u00f3n o derivaci\u00f3n buscan dar respuesta eficaz a problemas o consultas de bienestar y autocuidado, las conversaciones entre las juventudes y el profesional de la salud mental son totalmente confidenciales.<\/p>\n<p style=\"text-align: justify;\">Las subtem\u00e1ticas que se han priorizado durante este a\u00f1o 2024 son: Pr\u00e1ctica sexual segura; Actividad f\u00edsica y recreaci\u00f3n; Bullying o Acoso Escolar; V\u00ednculos sexo-afectivos; Trastorno de la conducta alimentaria; Salud menstrual Embarazo no planificado; Ciberacoso; Violencia Ginecobstetricia; Violencia sexual; Discriminaci\u00f3n por diversidad; Alimentaci\u00f3n y Convivencia vial.<\/p>\n<p style=\"text-align: justify;\">Las y los j\u00f3venes interesados en obtener informaci\u00f3n referente a los diversos temas mencionados anteriormente pueden acceder a trav\u00e9s del siguiente link: <a href=\"http:\/\/hablemosdetodo.injuv.gob.cl\">http:\/\/hablemosdetodo.injuv.gob.cl<\/a>, escribirnos a nuestras redes sociales,\u00a0 Fan Page, Instagram y Twitter @injuvaysen\u00a0o visitarnos presencialmente en la Direcci\u00f3n Regional de INJUV Ays\u00e9n, ubicada en Manuel Rodr\u00edguez #239, Coyhaique, de lunes a viernes durante las ma\u00f1anas de 09:00 a 13:00 horas y en la tardes de 14:00 a 17:30 horas, viernes hasta las 16:00 horas.<\/p>\n<\/div><\/section><\/div><div  style='height:50px' class='hr hr-invisible   avia-builder-el-6  el_after_av_one_full  el_before_av_social_share '><span class='hr-inner ' ><span class='hr-inner-style'><\/span><\/span><\/div><\/p>\n<div  class='av-social-sharing-box  avia-builder-el-7  el_after_av_hr  el_before_av_hr  '><div class='av-share-box'><h5 class='av-share-link-description av-no-toc '>Compartir esta noticia<\/h5><ul class='av-share-box-list noLightbox'><li class='av-share-link av-social-link-facebook' ><a target=\"_blank\" aria-label=\"Compartir en Facebook\" href='https:\/\/www.facebook.com\/sharer.php?u=https:\/\/radiorevelacionfm.cl\/?p=47897&#038;t=INJUV%20promueve%20la%20importancia%20de%20la%20salud%20mental%20en%20juventudes%20de%20La%20Junta%2C%20Puerto%20Cisnes%20y%20Coyhaique' aria-hidden='false' data-av_icon='\ue8f3' data-av_iconfont='entypo-fontello' title='' data-avia-related-tooltip='Compartir en Facebook' rel=\"noopener\"><span class='avia_hidden_link_text'>Compartir en Facebook<\/span><\/a><\/li><li class='av-share-link av-social-link-twitter' ><a target=\"_blank\" aria-label=\"Compartir en Twitter\" href='https:\/\/twitter.com\/share?text=INJUV%20promueve%20la%20importancia%20de%20la%20salud%20mental%20en%20juventudes%20de%20La%20Junta%2C%20Puerto%20Cisnes%20y%20Coyhaique&#038;url=https:\/\/radiorevelacionfm.cl\/?p=47897' aria-hidden='false' data-av_icon='\ue8f1' data-av_iconfont='entypo-fontello' title='' data-avia-related-tooltip='Compartir en Twitter' rel=\"noopener\"><span class='avia_hidden_link_text'>Compartir en Twitter<\/span><\/a><\/li><li class='av-share-link av-social-link-whatsapp' ><a target=\"_blank\" aria-label=\"Compartir en Whatsapp\" href='https:\/\/api.whatsapp.com\/send?text=https:\/\/radiorevelacionfm.cl\/?p=47897' aria-hidden='false' data-av_icon='\uf232' data-av_iconfont='entypo-fontello' title='' data-avia-related-tooltip='Compartir en Whatsapp' rel=\"noopener\"><span class='avia_hidden_link_text'>Compartir en Whatsapp<\/span><\/a><\/li><li class='av-share-link av-social-link-linkedin' ><a target=\"_blank\" aria-label=\"Compartir en LinkedIn\" href='https:\/\/linkedin.com\/shareArticle?mini=true&#038;title=INJUV%20promueve%20la%20importancia%20de%20la%20salud%20mental%20en%20juventudes%20de%20La%20Junta%2C%20Puerto%20Cisnes%20y%20Coyhaique&#038;url=https:\/\/radiorevelacionfm.cl\/?p=47897' aria-hidden='false' data-av_icon='\ue8fc' data-av_iconfont='entypo-fontello' title='' data-avia-related-tooltip='Compartir en LinkedIn' rel=\"noopener\"><span class='avia_hidden_link_text'>Compartir en LinkedIn<\/span><\/a><\/li><li class='av-share-link av-social-link-mail' ><a  aria-label=\"Compartir por correo\" href='mailto:?subject=INJUV%20promueve%20la%20importancia%20de%20la%20salud%20mental%20en%20juventudes%20de%20La%20Junta%2C%20Puerto%20Cisnes%20y%20Coyhaique&#038;body=https:\/\/radiorevelacionfm.cl\/?p=47897' aria-hidden='false' data-av_icon='\ue805' data-av_iconfont='entypo-fontello' title='' data-avia-related-tooltip='Compartir por correo'><span class='avia_hidden_link_text'>Compartir por correo<\/span><\/a><\/li><\/ul><\/div><\/div>\n<div  style='height:50px' class='hr hr-invisible   avia-builder-el-8  el_after_av_social_share  el_before_av_comments_list '><span class='hr-inner ' ><span class='hr-inner-style'><\/span><\/span><\/div>\n<div  class='av-buildercomment  av-blog-meta-html-info-disabled av-blog-meta-tag-disabled  '><\/div>\n","protected":false},"excerpt":{"rendered":"","protected":false},"author":1,"featured_media":47898,"comment_status":"open","ping_status":"open","sticky":false,"template":"","format":"standard","meta":{"footnotes":""},"categories":[38],"tags":[],"class_list":["post-47897","post","type-post","status-publish","format-standard","has-post-thumbnail","hentry","category-regional"],"jetpack_featured_media_url":"https:\/\/radiorevelacionfm.cl\/wp-content\/uploads\/2024\/11\/FOTO-2-59-1-1.jpg","_links":{"self":[{"href":"https:\/\/radiorevelacionfm.cl\/index.php?rest_route=\/wp\/v2\/posts\/47897","targetHints":{"allow":["GET"]}}],"collection":[{"href":"https:\/\/radiorevelacionfm.cl\/index.php?rest_route=\/wp\/v2\/posts"}],"about":[{"href":"https:\/\/radiorevelacionfm.cl\/index.php?rest_route=\/wp\/v2\/types\/post"}],"author":[{"embeddable":true,"href":"https:\/\/radiorevelacionfm.cl\/index.php?rest_route=\/wp\/v2\/users\/1"}],"replies":[{"embeddable":true,"href":"https:\/\/radiorevelacionfm.cl\/index.php?rest_route=%2Fwp%2Fv2%2Fcomments&post=47897"}],"version-history":[{"count":1,"href":"https:\/\/radiorevelacionfm.cl\/index.php?rest_route=\/wp\/v2\/posts\/47897\/revisions"}],"predecessor-version":[{"id":47899,"href":"https:\/\/radiorevelacionfm.cl\/index.php?rest_route=\/wp\/v2\/posts\/47897\/revisions\/47899"}],"wp:featuredmedia":[{"embeddable":true,"href":"https:\/\/radiorevelacionfm.cl\/index.php?rest_route=\/wp\/v2\/media\/47898"}],"wp:attachment":[{"href":"https:\/\/radiorevelacionfm.cl\/index.php?rest_route=%2Fwp%2Fv2%2Fmedia&parent=47897"}],"wp:term":[{"taxonomy":"category","embeddable":true,"href":"https:\/\/radiorevelacionfm.cl\/index.php?rest_route=%2Fwp%2Fv2%2Fcategories&post=47897"},{"taxonomy":"post_tag","embeddable":true,"href":"https:\/\/radiorevelacionfm.cl\/index.php?rest_route=%2Fwp%2Fv2%2Ftags&post=47897"}],"curies":[{"name":"wp","href":"https:\/\/api.w.org\/{rel}","templated":true}]}}