{"id":47891,"date":"2024-11-12T17:34:25","date_gmt":"2024-11-12T20:34:25","guid":{"rendered":"https:\/\/radiorevelacionfm.cl\/?p=47891"},"modified":"2024-11-12T17:34:25","modified_gmt":"2024-11-12T20:34:25","slug":"festival-de-teatro-patagonia-en-escena-reunira-a-companias-desde-atacama-a-magallanes","status":"publish","type":"post","link":"https:\/\/radiorevelacionfm.cl\/?p=47891","title":{"rendered":"Festival de Teatro Patagonia en Escena reunir\u00e1 a compa\u00f1\u00edas desde Atacama a Magallanes"},"content":{"rendered":"<div class=\"flex_column av_one_full  flex_column_div av-zero-column-padding first  avia-builder-el-0  el_before_av_one_full  avia-builder-el-first  \" style='border-radius:0px; '><div  class='avia-image-container  av-styling-    avia-builder-el-1  avia-builder-el-no-sibling  avia-align-center '  itemprop=\"image\" itemscope=\"itemscope\" itemtype=\"https:\/\/schema.org\/ImageObject\"  ><div class='avia-image-container-inner'><div class='avia-image-overlay-wrap'><img decoding=\"async\" class='wp-image-47892 avia-img-lazy-loading-not-47892 avia_image' src=\"https:\/\/radiorevelacionfm.cl\/wp-content\/uploads\/2024\/11\/Festival-Patagonia-en-Escena-1-1-1.jpg\" alt='' title='Festival Patagonia en Escena 1 (1) (1)' height=\"600\" width=\"1046\"  itemprop=\"thumbnailUrl\" srcset=\"https:\/\/radiorevelacionfm.cl\/wp-content\/uploads\/2024\/11\/Festival-Patagonia-en-Escena-1-1-1.jpg 1046w, https:\/\/radiorevelacionfm.cl\/wp-content\/uploads\/2024\/11\/Festival-Patagonia-en-Escena-1-1-1-300x172.jpg 300w, https:\/\/radiorevelacionfm.cl\/wp-content\/uploads\/2024\/11\/Festival-Patagonia-en-Escena-1-1-1-1030x591.jpg 1030w, https:\/\/radiorevelacionfm.cl\/wp-content\/uploads\/2024\/11\/Festival-Patagonia-en-Escena-1-1-1-768x441.jpg 768w, https:\/\/radiorevelacionfm.cl\/wp-content\/uploads\/2024\/11\/Festival-Patagonia-en-Escena-1-1-1-705x404.jpg 705w, https:\/\/radiorevelacionfm.cl\/wp-content\/uploads\/2024\/11\/Festival-Patagonia-en-Escena-1-1-1-450x258.jpg 450w, https:\/\/radiorevelacionfm.cl\/wp-content\/uploads\/2024\/11\/Festival-Patagonia-en-Escena-1-1-1-600x344.jpg 600w\" sizes=\"(max-width: 1046px) 100vw, 1046px\" \/><\/div><\/div><\/div><\/div><div class=\"flex_column av_one_full  flex_column_div av-zero-column-padding first  avia-builder-el-2  el_after_av_one_full  el_before_av_one_full  column-top-margin\" style='border-radius:0px; '><section class=\"av_textblock_section \"  itemscope=\"itemscope\" itemtype=\"https:\/\/schema.org\/BlogPosting\" itemprop=\"blogPost\" ><div class='avia_textblock  '   itemprop=\"text\" ><p style=\"text-align: center;\"><strong><span style=\"font-size: 18pt;\">Festival de Teatro Patagonia en Escena reunir\u00e1 a compa\u00f1\u00edas desde Atacama a Magallanes<\/span><\/strong><\/p>\n<div id=\"gtx-trans\" style=\"position: absolute; left: -50px; top: 4.31534px;\">\n<div class=\"gtx-trans-icon\"><\/div>\n<\/div>\n<\/div><\/section><\/div><div class=\"flex_column av_one_full  flex_column_div av-zero-column-padding first  avia-builder-el-4  el_after_av_one_full  el_before_av_hr  column-top-margin\" style='border-radius:0px; '><section class=\"av_textblock_section \"  itemscope=\"itemscope\" itemtype=\"https:\/\/schema.org\/BlogPosting\" itemprop=\"blogPost\" ><div class='avia_textblock  '   itemprop=\"text\" ><p style=\"font-weight: 400; text-align: justify;\"><em>Durante nueve d\u00edas, Ays\u00e9n ser\u00e1 el escenario de una experiencia que convoca a la comunidad en torno a distintas artes esc\u00e9nicas, con actividades gratuitas y\u00a0p\u00fablicos de diversas\u00a0edades.<\/em><\/p>\n<p style=\"font-weight: 400; text-align: justify;\">Entre el 15 y 23 de noviembre se realizar\u00e1 la\u00a0d\u00e9cimo\u00a0tercera\u00a0versi\u00f3n del Festival de Teatro Patagonia en Escena,\u00a0en\u00a0la Regi\u00f3n de Ays\u00e9n,\u00a0producido\u00a0por la\u00a0organizaci\u00f3n cultural\u00a0Malotun Ortiga,\u00a0se trata de una\u00a0iniciativa\u00a0reconocida por la comunidad nacional.\u00a0En esta venidera versi\u00f3n,\u00a0concentrar\u00e1\u00a0sus actividades en Coyhaique, Villa Ortega y Puerto Ays\u00e9n, con\u00a0propuestas\u00a0teatrales\u00a0que abordan diversas tem\u00e1ticas\u00a0que son creaciones\u00a0de\u00a0compa\u00f1\u00edas\u00a0locales\u00a0y tambi\u00e9n\u00a0invitadas de\u00a0otras ciudades del pa\u00eds, como Santiago, Copiap\u00f3, Puerto Natales\u00a0y Villarrica.<\/p>\n<p style=\"font-weight: 400; text-align: justify;\">Cabe mencionar que esta iniciativa es posible gracias al Fondo Nacional de Fomento y Desarrollo de las Artes Esc\u00e9nicas y el Programa de Apoyo a Organizaciones Culturales Colaboradoras (Convocatorias 2024), del Ministerio de las Culturas, las Artes y el Patrimonio, adem\u00e1s del 8% del Fondo Nacional de Desarrollo Regional del Gobierno Regional de Ays\u00e9n y el Fondo de Iniciativas Culturales de la Municipalidad de Coyhaique.<\/p>\n<p style=\"font-weight: 400; text-align: justify;\">La directora de Patagonia en Escena, Ver\u00f3nica Ibieta Bassili, destaca\u00a0que\u00a0la iniciativa,\u00a0sin propon\u00e9rselo,\u00a0se ha posicionado como el festival de artes esc\u00e9nicas de mayor impacto en la Regi\u00f3n de Ays\u00e9n. \u201cCuenta con una programaci\u00f3n de calidad para la comunidad local y turistas que visitan la Patagonia. Es de gran relevancia, porque se ha configurado como una plataforma de exhibici\u00f3n y,\u00a0a la vez,\u00a0de intercambio entre creadores y con nuestros p\u00fablicos. Para esta nueva versi\u00f3n de noviembre, contamos con actividades formativas y de mediaci\u00f3n, al igual que en las extensiones que desarrollamos a lo largo del a\u00f1o\u201d, inform\u00f3 la organizadora.<\/p>\n<p style=\"font-weight: 400; text-align: justify;\">Sobre las novedades de esta versi\u00f3n n\u00famero 13, Ibieta coment\u00f3 que contar\u00e1n con compa\u00f1\u00edas de diversos territorios del pa\u00eds, desde la Regi\u00f3n de Atacama a Magallanes. \u201cTienen variados lenguajes, tem\u00e1ticas y formatos, como circo contempor\u00e1neo, teatro de sala e intervenciones callejeras. Destacamos, por ejemplo, la participaci\u00f3n de la Compa\u00f1\u00eda Teatro Sur, con la obra \u2018Yeguas Sueltas\u2019 y una importante actividad de mediaci\u00f3n junto a la ONG Diversa Patagonia\u201d, anunci\u00f3 la actriz.<\/p>\n<p style=\"font-weight: 400; text-align: justify;\">La directora del festival recalc\u00f3 una sorpresa preparada para la finalizaci\u00f3n de Patagonia en Escena: \u201cTendremos un cierre espectacular en el Gimnasio Regional de Coyhaique, con la compa\u00f1\u00eda de teatro calle de mayor trayectoria del pa\u00eds, La Patogallina, que nos visitar\u00e1\u00a0por segunda vez, en esta ocasi\u00f3n con la obra \u2018El H\u00fasar de la Muerte\u2019, un cl\u00e1sico imperdible del teatro nacional\u201d.<\/p>\n<p style=\"font-weight: 400; text-align: justify;\">\u201cEstamos seguros que contaremos con una alta participaci\u00f3n de la comunidad en todas las actividades a realizarse en Coyhaique, Puerto Ays\u00e9n y Villa Ortega, donde esperamos construir,\u00a0en conjunto,\u00a0una experiencia inolvidable y positivamente significativa\u201d, concluy\u00f3 la organizadora del certamen.<\/p>\n<p style=\"font-weight: 400; text-align: justify;\">Las personas interesadas en conocer el detalle de las actividades art\u00edsticas que considerar\u00e1 Patagonia en\u00a0Escena, pueden hacerlo ingresando a la p\u00e1gina web\u00a0<a href=\"http:\/\/www.patagoniaenescena.cl\/\" data-saferedirecturl=\"https:\/\/www.google.com\/url?q=http:\/\/www.patagoniaenescena.cl\/&amp;source=gmail&amp;ust=1731529202379000&amp;usg=AOvVaw062THND1n5WEyUC6FxhVpn\">www.patagoniaenescena.cl<\/a>\u00a0o en el Instagram de la agrupaci\u00f3n Malotun Ortiga\u00a0<a href=\"https:\/\/www.instagram.com\/malotun_ortiga\/\" data-saferedirecturl=\"https:\/\/www.google.com\/url?q=https:\/\/www.instagram.com\/malotun_ortiga\/&amp;source=gmail&amp;ust=1731529202379000&amp;usg=AOvVaw0VshzcMxbIGvBeFC-DXVGP\">https:\/\/www.instagram.com\/malotun_ortiga\/<\/a><\/p>\n<\/div><\/section><\/div><div  style='height:50px' class='hr hr-invisible   avia-builder-el-6  el_after_av_one_full  el_before_av_social_share '><span class='hr-inner ' ><span class='hr-inner-style'><\/span><\/span><\/div><\/p>\n<div  class='av-social-sharing-box  avia-builder-el-7  el_after_av_hr  el_before_av_hr  '><div class='av-share-box'><h5 class='av-share-link-description av-no-toc '>Compartir esta noticia<\/h5><ul class='av-share-box-list noLightbox'><li class='av-share-link av-social-link-facebook' ><a target=\"_blank\" aria-label=\"Compartir en Facebook\" href='https:\/\/www.facebook.com\/sharer.php?u=https:\/\/radiorevelacionfm.cl\/?p=47891&#038;t=Festival%20de%20Teatro%20Patagonia%20en%20Escena%20reunir%C3%A1%20a%20compa%C3%B1%C3%ADas%20desde%20Atacama%20a%20Magallanes' aria-hidden='false' data-av_icon='\ue8f3' data-av_iconfont='entypo-fontello' title='' data-avia-related-tooltip='Compartir en Facebook' rel=\"noopener\"><span class='avia_hidden_link_text'>Compartir en Facebook<\/span><\/a><\/li><li class='av-share-link av-social-link-twitter' ><a target=\"_blank\" aria-label=\"Compartir en Twitter\" href='https:\/\/twitter.com\/share?text=Festival%20de%20Teatro%20Patagonia%20en%20Escena%20reunir%C3%A1%20a%20compa%C3%B1%C3%ADas%20desde%20Atacama%20a%20Magallanes&#038;url=https:\/\/radiorevelacionfm.cl\/?p=47891' aria-hidden='false' data-av_icon='\ue8f1' data-av_iconfont='entypo-fontello' title='' data-avia-related-tooltip='Compartir en Twitter' rel=\"noopener\"><span class='avia_hidden_link_text'>Compartir en Twitter<\/span><\/a><\/li><li class='av-share-link av-social-link-whatsapp' ><a target=\"_blank\" aria-label=\"Compartir en Whatsapp\" href='https:\/\/api.whatsapp.com\/send?text=https:\/\/radiorevelacionfm.cl\/?p=47891' aria-hidden='false' data-av_icon='\uf232' data-av_iconfont='entypo-fontello' title='' data-avia-related-tooltip='Compartir en Whatsapp' rel=\"noopener\"><span class='avia_hidden_link_text'>Compartir en Whatsapp<\/span><\/a><\/li><li class='av-share-link av-social-link-linkedin' ><a target=\"_blank\" aria-label=\"Compartir en LinkedIn\" href='https:\/\/linkedin.com\/shareArticle?mini=true&#038;title=Festival%20de%20Teatro%20Patagonia%20en%20Escena%20reunir%C3%A1%20a%20compa%C3%B1%C3%ADas%20desde%20Atacama%20a%20Magallanes&#038;url=https:\/\/radiorevelacionfm.cl\/?p=47891' aria-hidden='false' data-av_icon='\ue8fc' data-av_iconfont='entypo-fontello' title='' data-avia-related-tooltip='Compartir en LinkedIn' rel=\"noopener\"><span class='avia_hidden_link_text'>Compartir en LinkedIn<\/span><\/a><\/li><li class='av-share-link av-social-link-mail' ><a  aria-label=\"Compartir por correo\" href='mailto:?subject=Festival%20de%20Teatro%20Patagonia%20en%20Escena%20reunir%C3%A1%20a%20compa%C3%B1%C3%ADas%20desde%20Atacama%20a%20Magallanes&#038;body=https:\/\/radiorevelacionfm.cl\/?p=47891' aria-hidden='false' data-av_icon='\ue805' data-av_iconfont='entypo-fontello' title='' data-avia-related-tooltip='Compartir por correo'><span class='avia_hidden_link_text'>Compartir por correo<\/span><\/a><\/li><\/ul><\/div><\/div>\n<div  style='height:50px' class='hr hr-invisible   avia-builder-el-8  el_after_av_social_share  el_before_av_comments_list '><span class='hr-inner ' ><span class='hr-inner-style'><\/span><\/span><\/div>\n<div  class='av-buildercomment  av-blog-meta-html-info-disabled av-blog-meta-tag-disabled  '><\/div>\n","protected":false},"excerpt":{"rendered":"","protected":false},"author":1,"featured_media":47892,"comment_status":"open","ping_status":"open","sticky":false,"template":"","format":"standard","meta":{"footnotes":""},"categories":[52],"tags":[],"class_list":["post-47891","post","type-post","status-publish","format-standard","has-post-thumbnail","hentry","category-cultura"],"jetpack_featured_media_url":"https:\/\/radiorevelacionfm.cl\/wp-content\/uploads\/2024\/11\/Festival-Patagonia-en-Escena-1-1-1.jpg","_links":{"self":[{"href":"https:\/\/radiorevelacionfm.cl\/index.php?rest_route=\/wp\/v2\/posts\/47891","targetHints":{"allow":["GET"]}}],"collection":[{"href":"https:\/\/radiorevelacionfm.cl\/index.php?rest_route=\/wp\/v2\/posts"}],"about":[{"href":"https:\/\/radiorevelacionfm.cl\/index.php?rest_route=\/wp\/v2\/types\/post"}],"author":[{"embeddable":true,"href":"https:\/\/radiorevelacionfm.cl\/index.php?rest_route=\/wp\/v2\/users\/1"}],"replies":[{"embeddable":true,"href":"https:\/\/radiorevelacionfm.cl\/index.php?rest_route=%2Fwp%2Fv2%2Fcomments&post=47891"}],"version-history":[{"count":1,"href":"https:\/\/radiorevelacionfm.cl\/index.php?rest_route=\/wp\/v2\/posts\/47891\/revisions"}],"predecessor-version":[{"id":47893,"href":"https:\/\/radiorevelacionfm.cl\/index.php?rest_route=\/wp\/v2\/posts\/47891\/revisions\/47893"}],"wp:featuredmedia":[{"embeddable":true,"href":"https:\/\/radiorevelacionfm.cl\/index.php?rest_route=\/wp\/v2\/media\/47892"}],"wp:attachment":[{"href":"https:\/\/radiorevelacionfm.cl\/index.php?rest_route=%2Fwp%2Fv2%2Fmedia&parent=47891"}],"wp:term":[{"taxonomy":"category","embeddable":true,"href":"https:\/\/radiorevelacionfm.cl\/index.php?rest_route=%2Fwp%2Fv2%2Fcategories&post=47891"},{"taxonomy":"post_tag","embeddable":true,"href":"https:\/\/radiorevelacionfm.cl\/index.php?rest_route=%2Fwp%2Fv2%2Ftags&post=47891"}],"curies":[{"name":"wp","href":"https:\/\/api.w.org\/{rel}","templated":true}]}}