{"id":4789,"date":"2021-06-01T20:39:20","date_gmt":"2021-06-01T23:39:20","guid":{"rendered":"https:\/\/radiorevelacionfm.cl\/?p=4789"},"modified":"2021-06-01T21:13:31","modified_gmt":"2021-06-02T00:13:31","slug":"diputado-alinco-solicita-que-ministros-de-economia-y-salud-escuchen-peticion-de-gastronomicos","status":"publish","type":"post","link":"https:\/\/radiorevelacionfm.cl\/?p=4789","title":{"rendered":"Diputado Alinco solicita que ministros de Econom\u00eda y Salud escuchen petici\u00f3n de gastron\u00f3micos"},"content":{"rendered":"<div class=\"flex_column av_one_full  flex_column_div av-zero-column-padding first  avia-builder-el-0  el_before_av_one_full  avia-builder-el-first  \" style='border-radius:0px; '><div  class='avia-image-container  av-styling-    avia-builder-el-1  avia-builder-el-no-sibling  avia-align-center '  itemprop=\"image\" itemscope=\"itemscope\" itemtype=\"https:\/\/schema.org\/ImageObject\"  ><div class='avia-image-container-inner'><div class='avia-image-overlay-wrap'><img decoding=\"async\" class='wp-image-4790 avia-img-lazy-loading-not-4790 avia_image' src=\"https:\/\/radiorevelacionfm.cl\/wp-content\/uploads\/2021\/06\/Diputado-Alinco2-1-1.jpg\" alt='' title='Diputado Alinco2 (1) (1)' height=\"600\" width=\"994\"  itemprop=\"thumbnailUrl\" srcset=\"https:\/\/radiorevelacionfm.cl\/wp-content\/uploads\/2021\/06\/Diputado-Alinco2-1-1.jpg 994w, https:\/\/radiorevelacionfm.cl\/wp-content\/uploads\/2021\/06\/Diputado-Alinco2-1-1-300x181.jpg 300w, https:\/\/radiorevelacionfm.cl\/wp-content\/uploads\/2021\/06\/Diputado-Alinco2-1-1-768x464.jpg 768w, https:\/\/radiorevelacionfm.cl\/wp-content\/uploads\/2021\/06\/Diputado-Alinco2-1-1-705x426.jpg 705w, https:\/\/radiorevelacionfm.cl\/wp-content\/uploads\/2021\/06\/Diputado-Alinco2-1-1-600x362.jpg 600w\" sizes=\"(max-width: 994px) 100vw, 994px\" \/><\/div><\/div><\/div><\/div>\n<div class=\"flex_column av_one_full  flex_column_div av-zero-column-padding first  avia-builder-el-2  el_after_av_one_full  el_before_av_one_full  column-top-margin\" style='border-radius:0px; '><section class=\"av_textblock_section \"  itemscope=\"itemscope\" itemtype=\"https:\/\/schema.org\/BlogPosting\" itemprop=\"blogPost\" ><div class='avia_textblock  '   itemprop=\"text\" ><p style=\"text-align: center;\"><strong><span style=\"font-size: 18pt;\">Diputado Alinco solicita que ministros de Econom\u00eda y Salud escuchen petici\u00f3n de gastron\u00f3micos<\/span><\/strong><\/p>\n<div id=\"gtx-trans\" style=\"position: absolute; left: -50px; top: 4.31534px;\">\n<div class=\"gtx-trans-icon\"><\/div>\n<\/div>\n<\/div><\/section><\/div>\n<div class=\"flex_column av_one_full  flex_column_div av-zero-column-padding first  avia-builder-el-4  el_after_av_one_full  el_before_av_hr  column-top-margin\" style='border-radius:0px; '><section class=\"av_textblock_section \"  itemscope=\"itemscope\" itemtype=\"https:\/\/schema.org\/BlogPosting\" itemprop=\"blogPost\" ><div class='avia_textblock  '   itemprop=\"text\" ><p style=\"text-align: justify;\">Un grupo de diputados, entre ellos Ren\u00e9 Alinco Bustos, solicitaron al presidente de la C\u00e1mara de Diputadas y Diputados, Diego Paulsen, que convoque a los ministros Enrique Paris y Lucas Palacios, de Salud y Econom\u00eda, respectivamente, a una sesi\u00f3n especial para exponer y analizar la preocupante situaci\u00f3n econ\u00f3mica que pasan los locatarios y trabajadores del sector gastron\u00f3mico, sobre todo del centro sur y sur extremo de Chile.<\/p>\n<p style=\"text-align: justify;\">\u201cAl da\u00f1o que ha generado la pandemia y las medidas restrictivas, especialmente al sector gastron\u00f3mico, se ha sumado el hecho que, aunque se avance en las fases del Plan Paso a Paso, la obligaci\u00f3n de atender en terrazas y no al interior de los locales, hace imposible la reactivaci\u00f3n de esta actividad\u201d, reza la solicitud a Paulsen. Esta situaci\u00f3n se da sobre todo en zonas como la regi\u00f3n de Ays\u00e9n donde el jueves de la semana pasada presenciamos una manifestaci\u00f3n pac\u00edfica de los integrantes de este sector, quienes exigen a las autoridades el ser escuchados, pues son uno de los rubros que mejor cumplen los protocolos de seguridad, se\u00f1alando igualmente que en m\u00e1s de un a\u00f1o de pandemia no se ha presentado ning\u00fan caso positivo en medio de la atenci\u00f3n de p\u00fablico que haya generado complicaciones en las diferentes regiones del pa\u00eds.<\/p>\n<p style=\"text-align: justify;\">\u201cSe trata de un sector importante de las regiones del sur de Chile que, junto al tur\u00edstico generan importantes fuentes de empleo para miles de familias y el dinamismo econ\u00f3mico de peque\u00f1as empresas\u201d, sostienen los parlamentarios en la solicitud, donde agregan que \u201clos mismos actores del sector gastron\u00f3mico han hecho propuestas que permitan compatibilizar ciudadanos sanitarios y reactivaci\u00f3n econ\u00f3mica. Hasta ahora, lamentablemente, no tienen respuesta\u201d.<\/p>\n<p style=\"text-align: justify;\">Por su parte, el diputado Ren\u00e9 Alinco Bustos argument\u00f3 que \u201ceste sector ha sido golpeado desde hace mucho tiempo, antes del inicio de la pandemia, por lo que merecen ser atendidos por las autoridades y ver la forma de modificar el movimiento del sector en el Plan Paso a Paso. Las condiciones clim\u00e1ticas de nuestras comunas no son las mismas sobre todo en estos tiempos de fr\u00edo y ni qu\u00e9 decir cuando inicie el invierno, lo que se suma a la alta contaminaci\u00f3n de las ciudades m\u00e1s pobladas de la regi\u00f3n. Ya lo han dicho los propios gastron\u00f3micos, est\u00e1n dispuestos a implementar m\u00e1s medidas, pero cuando se pase a fase 2 que se les permita atender en los locales\u2026\u201d, indic\u00f3 el parlamentario aysenino.<\/p>\n<\/div><\/section><\/div><div  style='height:50px' class='hr hr-invisible   avia-builder-el-6  el_after_av_one_full  el_before_av_social_share '><span class='hr-inner ' ><span class='hr-inner-style'><\/span><\/span><\/div><\/p>\n<div  class='av-social-sharing-box  avia-builder-el-7  el_after_av_hr  el_before_av_hr  '><div class='av-share-box'><h5 class='av-share-link-description av-no-toc '>Compartir esta noticia<\/h5><ul class='av-share-box-list noLightbox'><li class='av-share-link av-social-link-facebook' ><a target=\"_blank\" aria-label=\"Compartir en Facebook\" href='https:\/\/www.facebook.com\/sharer.php?u=https:\/\/radiorevelacionfm.cl\/?p=4789&#038;t=Diputado%20Alinco%20solicita%20que%20ministros%20de%20Econom%C3%ADa%20y%20Salud%20escuchen%20petici%C3%B3n%20de%20gastron%C3%B3micos' aria-hidden='false' data-av_icon='\ue8f3' data-av_iconfont='entypo-fontello' title='' data-avia-related-tooltip='Compartir en Facebook' rel=\"noopener\"><span class='avia_hidden_link_text'>Compartir en Facebook<\/span><\/a><\/li><li class='av-share-link av-social-link-twitter' ><a target=\"_blank\" aria-label=\"Compartir en Twitter\" href='https:\/\/twitter.com\/share?text=Diputado%20Alinco%20solicita%20que%20ministros%20de%20Econom%C3%ADa%20y%20Salud%20escuchen%20petici%C3%B3n%20de%20gastron%C3%B3micos&#038;url=https:\/\/radiorevelacionfm.cl\/?p=4789' aria-hidden='false' data-av_icon='\ue8f1' data-av_iconfont='entypo-fontello' title='' data-avia-related-tooltip='Compartir en Twitter' rel=\"noopener\"><span class='avia_hidden_link_text'>Compartir en Twitter<\/span><\/a><\/li><li class='av-share-link av-social-link-whatsapp' ><a target=\"_blank\" aria-label=\"Compartir en Whatsapp\" href='https:\/\/api.whatsapp.com\/send?text=https:\/\/radiorevelacionfm.cl\/?p=4789' aria-hidden='false' data-av_icon='\uf232' data-av_iconfont='entypo-fontello' title='' data-avia-related-tooltip='Compartir en Whatsapp' rel=\"noopener\"><span class='avia_hidden_link_text'>Compartir en Whatsapp<\/span><\/a><\/li><li class='av-share-link av-social-link-linkedin' ><a target=\"_blank\" aria-label=\"Compartir en LinkedIn\" href='https:\/\/linkedin.com\/shareArticle?mini=true&#038;title=Diputado%20Alinco%20solicita%20que%20ministros%20de%20Econom%C3%ADa%20y%20Salud%20escuchen%20petici%C3%B3n%20de%20gastron%C3%B3micos&#038;url=https:\/\/radiorevelacionfm.cl\/?p=4789' aria-hidden='false' data-av_icon='\ue8fc' data-av_iconfont='entypo-fontello' title='' data-avia-related-tooltip='Compartir en LinkedIn' rel=\"noopener\"><span class='avia_hidden_link_text'>Compartir en LinkedIn<\/span><\/a><\/li><li class='av-share-link av-social-link-mail' ><a  aria-label=\"Compartir por correo\" href='mailto:?subject=Diputado%20Alinco%20solicita%20que%20ministros%20de%20Econom%C3%ADa%20y%20Salud%20escuchen%20petici%C3%B3n%20de%20gastron%C3%B3micos&#038;body=https:\/\/radiorevelacionfm.cl\/?p=4789' aria-hidden='false' data-av_icon='\ue805' data-av_iconfont='entypo-fontello' title='' data-avia-related-tooltip='Compartir por correo'><span class='avia_hidden_link_text'>Compartir por correo<\/span><\/a><\/li><\/ul><\/div><\/div>\n<div  style='height:50px' class='hr hr-invisible   avia-builder-el-8  el_after_av_social_share  el_before_av_comments_list '><span class='hr-inner ' ><span class='hr-inner-style'><\/span><\/span><\/div>\n<div  class='av-buildercomment  av-blog-meta-html-info-disabled av-blog-meta-tag-disabled  '><\/div>\n","protected":false},"excerpt":{"rendered":"","protected":false},"author":1,"featured_media":4790,"comment_status":"open","ping_status":"open","sticky":false,"template":"","format":"standard","meta":{"footnotes":""},"categories":[35],"tags":[],"class_list":["post-4789","post","type-post","status-publish","format-standard","has-post-thumbnail","hentry","category-politica"],"jetpack_featured_media_url":"https:\/\/radiorevelacionfm.cl\/wp-content\/uploads\/2021\/06\/Diputado-Alinco2-1-1.jpg","_links":{"self":[{"href":"https:\/\/radiorevelacionfm.cl\/index.php?rest_route=\/wp\/v2\/posts\/4789","targetHints":{"allow":["GET"]}}],"collection":[{"href":"https:\/\/radiorevelacionfm.cl\/index.php?rest_route=\/wp\/v2\/posts"}],"about":[{"href":"https:\/\/radiorevelacionfm.cl\/index.php?rest_route=\/wp\/v2\/types\/post"}],"author":[{"embeddable":true,"href":"https:\/\/radiorevelacionfm.cl\/index.php?rest_route=\/wp\/v2\/users\/1"}],"replies":[{"embeddable":true,"href":"https:\/\/radiorevelacionfm.cl\/index.php?rest_route=%2Fwp%2Fv2%2Fcomments&post=4789"}],"version-history":[{"count":2,"href":"https:\/\/radiorevelacionfm.cl\/index.php?rest_route=\/wp\/v2\/posts\/4789\/revisions"}],"predecessor-version":[{"id":4792,"href":"https:\/\/radiorevelacionfm.cl\/index.php?rest_route=\/wp\/v2\/posts\/4789\/revisions\/4792"}],"wp:featuredmedia":[{"embeddable":true,"href":"https:\/\/radiorevelacionfm.cl\/index.php?rest_route=\/wp\/v2\/media\/4790"}],"wp:attachment":[{"href":"https:\/\/radiorevelacionfm.cl\/index.php?rest_route=%2Fwp%2Fv2%2Fmedia&parent=4789"}],"wp:term":[{"taxonomy":"category","embeddable":true,"href":"https:\/\/radiorevelacionfm.cl\/index.php?rest_route=%2Fwp%2Fv2%2Fcategories&post=4789"},{"taxonomy":"post_tag","embeddable":true,"href":"https:\/\/radiorevelacionfm.cl\/index.php?rest_route=%2Fwp%2Fv2%2Ftags&post=4789"}],"curies":[{"name":"wp","href":"https:\/\/api.w.org\/{rel}","templated":true}]}}