{"id":47885,"date":"2024-11-12T09:24:35","date_gmt":"2024-11-12T12:24:35","guid":{"rendered":"https:\/\/radiorevelacionfm.cl\/?p=47885"},"modified":"2024-11-12T09:24:35","modified_gmt":"2024-11-12T12:24:35","slug":"aysen-dio-el-vamos-oficial-a-los-juegos-de-la-araucania-2024","status":"publish","type":"post","link":"https:\/\/radiorevelacionfm.cl\/?p=47885","title":{"rendered":"Ays\u00e9n dio el vamos oficial a los Juegos de la Araucan\u00eda 2024"},"content":{"rendered":"<div class=\"flex_column av_one_full  flex_column_div av-zero-column-padding first  avia-builder-el-0  el_before_av_one_full  avia-builder-el-first  \" style='border-radius:0px; '><div  class='avia-image-container  av-styling-    avia-builder-el-1  avia-builder-el-no-sibling  avia-align-center '  itemprop=\"image\" itemscope=\"itemscope\" itemtype=\"https:\/\/schema.org\/ImageObject\"  ><div class='avia-image-container-inner'><div class='avia-image-overlay-wrap'><img decoding=\"async\" class='wp-image-47886 avia-img-lazy-loading-not-47886 avia_image' src=\"https:\/\/radiorevelacionfm.cl\/wp-content\/uploads\/2024\/11\/ind-inauguracioI\u0081n-jjaa-2024-33-2_optimized.jpg\" alt='' title='ind-inauguracio\u00cc\u0081n-jjaa-2024-33-2_optimized' height=\"600\" width=\"900\"  itemprop=\"thumbnailUrl\" srcset=\"https:\/\/radiorevelacionfm.cl\/wp-content\/uploads\/2024\/11\/ind-inauguracioI\u0081n-jjaa-2024-33-2_optimized.jpg 900w, https:\/\/radiorevelacionfm.cl\/wp-content\/uploads\/2024\/11\/ind-inauguracioI\u0081n-jjaa-2024-33-2_optimized-300x200.jpg 300w, https:\/\/radiorevelacionfm.cl\/wp-content\/uploads\/2024\/11\/ind-inauguracioI\u0081n-jjaa-2024-33-2_optimized-768x512.jpg 768w, https:\/\/radiorevelacionfm.cl\/wp-content\/uploads\/2024\/11\/ind-inauguracioI\u0081n-jjaa-2024-33-2_optimized-705x470.jpg 705w, https:\/\/radiorevelacionfm.cl\/wp-content\/uploads\/2024\/11\/ind-inauguracioI\u0081n-jjaa-2024-33-2_optimized-450x300.jpg 450w, https:\/\/radiorevelacionfm.cl\/wp-content\/uploads\/2024\/11\/ind-inauguracioI\u0081n-jjaa-2024-33-2_optimized-600x400.jpg 600w\" sizes=\"(max-width: 900px) 100vw, 900px\" \/><\/div><\/div><\/div><\/div><div class=\"flex_column av_one_full  flex_column_div av-zero-column-padding first  avia-builder-el-2  el_after_av_one_full  el_before_av_one_full  column-top-margin\" style='border-radius:0px; '><section class=\"av_textblock_section \"  itemscope=\"itemscope\" itemtype=\"https:\/\/schema.org\/BlogPosting\" itemprop=\"blogPost\" ><div class='avia_textblock  '   itemprop=\"text\" ><p style=\"text-align: center;\"><span style=\"font-size: 18pt;\"><strong>Ays\u00e9n dio el vamos oficial a los Juegos de la Araucan\u00eda 2024<\/strong><\/span><\/p>\n<div id=\"gtx-trans\" style=\"position: absolute; left: -50px; top: 4.31534px;\">\n<div class=\"gtx-trans-icon\"><\/div>\n<\/div>\n<\/div><\/section><\/div><div class=\"flex_column av_one_full  flex_column_div av-zero-column-padding first  avia-builder-el-4  el_after_av_one_full  el_before_av_hr  column-top-margin\" style='border-radius:0px; '><section class=\"av_textblock_section \"  itemscope=\"itemscope\" itemtype=\"https:\/\/schema.org\/BlogPosting\" itemprop=\"blogPost\" ><div class='avia_textblock  '   itemprop=\"text\" ><p style=\"text-align: justify;\"><em>La Patagonia chilena es la anfitriona del certamen deportivos m\u00e1s importante del sur del pa\u00eds, el evento re\u00fane a 2.500 deportistas de Chile y Argentina.<\/em><\/p>\n<p style=\"text-align: justify;\">Con la presencia del director nacional del Instituto Nacional de Deportes, Israel Castro, junto con la seremi del Deporte, Mar\u00eda Eugenia Dur\u00e1n, autoridades regionales y los deportistas participantes, se dieron por inaugurados -en su versi\u00f3n XXXI- los Juegos Binacionales de la Araucan\u00eda.<\/p>\n<p style=\"text-align: justify;\">Para el director nacional del IND, Israel Castro, estos Juegos \u201crepresentan la fraternidad, solidaridad y un punto de encuentro entre ambos pa\u00edses\u201d. La autoridad deportiva destac\u00f3 que \u201cla regi\u00f3n de Ays\u00e9n con la belleza natural de sus paisajes se ha llenado de colores con las delegaciones que hoy la visitan. Y, en especial, demostrando que nuestras regiones tienen el potencial para la realizar grandes eventos deportivos\u201d.<\/p>\n<p style=\"text-align: justify;\">Los Juegos Binacionales de la Araucan\u00eda para este a\u00f1o tienen una inversi\u00f3n estatal cercana a los $4.000 millones de pesos, de los cuales el Instituto Nacional de Deportes aporta cerca de $1.800 millones.<\/p>\n<p style=\"text-align: justify;\">La Seremi del Deporte de Ays\u00e9n, Mar\u00eda Eugenia Dur\u00e1n, destac\u00f3 que \u201cen la regi\u00f3n estamos de fiesta, celebramos que podamos llevar a cabo este mega evento deportivo que favorece la cultura deportiva e impulsa el turismo y la econom\u00eda local\u201d.<\/p>\n<p style=\"text-align: justify;\">Nuestro pa\u00eds es representado por siete regiones: \u00d1uble, Biob\u00edo, Araucan\u00eda, Los R\u00edos, Los Lagos, Ays\u00e9n y Magallanes; mientras que Argentina convoca a seis provincias: La Pampa, Neuqu\u00e9n, R\u00edo Negro, Chubut, Santa Cruz y Tierra del Fuego.<\/p>\n<p style=\"text-align: justify;\">Las ciudades sedes del torneo son Coyhaique y Puerto Ays\u00e9n, adem\u00e1s de Punta Arenas de la regi\u00f3n de Magallanes. Entre el 11 y 15 de noviembre se disputar\u00e1n siete disciplinas deportivas: atletismo, b\u00e1squetbol, judo, nataci\u00f3n y v\u00f3leibol en la regi\u00f3n de Ays\u00e9n; y ciclismo y f\u00fatbol en la regi\u00f3n de Magallanes.<\/p>\n<\/div><\/section><\/div><div  style='height:50px' class='hr hr-invisible   avia-builder-el-6  el_after_av_one_full  el_before_av_social_share '><span class='hr-inner ' ><span class='hr-inner-style'><\/span><\/span><\/div><\/p>\n<div  class='av-social-sharing-box  avia-builder-el-7  el_after_av_hr  el_before_av_hr  '><div class='av-share-box'><h5 class='av-share-link-description av-no-toc '>Compartir esta noticia<\/h5><ul class='av-share-box-list noLightbox'><li class='av-share-link av-social-link-facebook' ><a target=\"_blank\" aria-label=\"Compartir en Facebook\" href='https:\/\/www.facebook.com\/sharer.php?u=https:\/\/radiorevelacionfm.cl\/?p=47885&#038;t=Ays%C3%A9n%20dio%20el%20vamos%20oficial%20a%20los%20Juegos%20de%20la%20Araucan%C3%ADa%202024' aria-hidden='false' data-av_icon='\ue8f3' data-av_iconfont='entypo-fontello' title='' data-avia-related-tooltip='Compartir en Facebook' rel=\"noopener\"><span class='avia_hidden_link_text'>Compartir en Facebook<\/span><\/a><\/li><li class='av-share-link av-social-link-twitter' ><a target=\"_blank\" aria-label=\"Compartir en Twitter\" href='https:\/\/twitter.com\/share?text=Ays%C3%A9n%20dio%20el%20vamos%20oficial%20a%20los%20Juegos%20de%20la%20Araucan%C3%ADa%202024&#038;url=https:\/\/radiorevelacionfm.cl\/?p=47885' aria-hidden='false' data-av_icon='\ue8f1' data-av_iconfont='entypo-fontello' title='' data-avia-related-tooltip='Compartir en Twitter' rel=\"noopener\"><span class='avia_hidden_link_text'>Compartir en Twitter<\/span><\/a><\/li><li class='av-share-link av-social-link-whatsapp' ><a target=\"_blank\" aria-label=\"Compartir en Whatsapp\" href='https:\/\/api.whatsapp.com\/send?text=https:\/\/radiorevelacionfm.cl\/?p=47885' aria-hidden='false' data-av_icon='\uf232' data-av_iconfont='entypo-fontello' title='' data-avia-related-tooltip='Compartir en Whatsapp' rel=\"noopener\"><span class='avia_hidden_link_text'>Compartir en Whatsapp<\/span><\/a><\/li><li class='av-share-link av-social-link-linkedin' ><a target=\"_blank\" aria-label=\"Compartir en LinkedIn\" href='https:\/\/linkedin.com\/shareArticle?mini=true&#038;title=Ays%C3%A9n%20dio%20el%20vamos%20oficial%20a%20los%20Juegos%20de%20la%20Araucan%C3%ADa%202024&#038;url=https:\/\/radiorevelacionfm.cl\/?p=47885' aria-hidden='false' data-av_icon='\ue8fc' data-av_iconfont='entypo-fontello' title='' data-avia-related-tooltip='Compartir en LinkedIn' rel=\"noopener\"><span class='avia_hidden_link_text'>Compartir en LinkedIn<\/span><\/a><\/li><li class='av-share-link av-social-link-mail' ><a  aria-label=\"Compartir por correo\" href='mailto:?subject=Ays%C3%A9n%20dio%20el%20vamos%20oficial%20a%20los%20Juegos%20de%20la%20Araucan%C3%ADa%202024&#038;body=https:\/\/radiorevelacionfm.cl\/?p=47885' aria-hidden='false' data-av_icon='\ue805' data-av_iconfont='entypo-fontello' title='' data-avia-related-tooltip='Compartir por correo'><span class='avia_hidden_link_text'>Compartir por correo<\/span><\/a><\/li><\/ul><\/div><\/div>\n<div  style='height:50px' class='hr hr-invisible   avia-builder-el-8  el_after_av_social_share  el_before_av_comments_list '><span class='hr-inner ' ><span class='hr-inner-style'><\/span><\/span><\/div>\n<div  class='av-buildercomment  av-blog-meta-html-info-disabled av-blog-meta-tag-disabled  '><\/div>\n","protected":false},"excerpt":{"rendered":"","protected":false},"author":1,"featured_media":47886,"comment_status":"open","ping_status":"open","sticky":false,"template":"","format":"standard","meta":{"footnotes":""},"categories":[40],"tags":[],"class_list":["post-47885","post","type-post","status-publish","format-standard","has-post-thumbnail","hentry","category-deportes"],"jetpack_featured_media_url":"https:\/\/radiorevelacionfm.cl\/wp-content\/uploads\/2024\/11\/ind-inauguracioI\u0081n-jjaa-2024-33-2_optimized.jpg","_links":{"self":[{"href":"https:\/\/radiorevelacionfm.cl\/index.php?rest_route=\/wp\/v2\/posts\/47885","targetHints":{"allow":["GET"]}}],"collection":[{"href":"https:\/\/radiorevelacionfm.cl\/index.php?rest_route=\/wp\/v2\/posts"}],"about":[{"href":"https:\/\/radiorevelacionfm.cl\/index.php?rest_route=\/wp\/v2\/types\/post"}],"author":[{"embeddable":true,"href":"https:\/\/radiorevelacionfm.cl\/index.php?rest_route=\/wp\/v2\/users\/1"}],"replies":[{"embeddable":true,"href":"https:\/\/radiorevelacionfm.cl\/index.php?rest_route=%2Fwp%2Fv2%2Fcomments&post=47885"}],"version-history":[{"count":1,"href":"https:\/\/radiorevelacionfm.cl\/index.php?rest_route=\/wp\/v2\/posts\/47885\/revisions"}],"predecessor-version":[{"id":47887,"href":"https:\/\/radiorevelacionfm.cl\/index.php?rest_route=\/wp\/v2\/posts\/47885\/revisions\/47887"}],"wp:featuredmedia":[{"embeddable":true,"href":"https:\/\/radiorevelacionfm.cl\/index.php?rest_route=\/wp\/v2\/media\/47886"}],"wp:attachment":[{"href":"https:\/\/radiorevelacionfm.cl\/index.php?rest_route=%2Fwp%2Fv2%2Fmedia&parent=47885"}],"wp:term":[{"taxonomy":"category","embeddable":true,"href":"https:\/\/radiorevelacionfm.cl\/index.php?rest_route=%2Fwp%2Fv2%2Fcategories&post=47885"},{"taxonomy":"post_tag","embeddable":true,"href":"https:\/\/radiorevelacionfm.cl\/index.php?rest_route=%2Fwp%2Fv2%2Ftags&post=47885"}],"curies":[{"name":"wp","href":"https:\/\/api.w.org\/{rel}","templated":true}]}}