{"id":47883,"date":"2024-11-12T10:00:07","date_gmt":"2024-11-12T13:00:07","guid":{"rendered":"https:\/\/radiorevelacionfm.cl\/?p=47883"},"modified":"2024-11-12T10:00:07","modified_gmt":"2024-11-12T13:00:07","slug":"sernameg-interpone-querellas-por-casos-de-femicidio-tentado-en-coyhaique-y-aysen","status":"publish","type":"post","link":"https:\/\/radiorevelacionfm.cl\/?p=47883","title":{"rendered":"SernamEG interpone querellas por casos de femicidio tentado en Coyhaique y Ays\u00e9n"},"content":{"rendered":"<div class=\"flex_column av_one_full  flex_column_div av-zero-column-padding first  avia-builder-el-0  el_before_av_one_full  avia-builder-el-first  \" style='border-radius:0px; '><div  class='avia-image-container  av-styling-    avia-builder-el-1  avia-builder-el-no-sibling  avia-align-center '  itemprop=\"image\" itemscope=\"itemscope\" itemtype=\"https:\/\/schema.org\/ImageObject\"  ><div class='avia-image-container-inner'><div class='avia-image-overlay-wrap'><img decoding=\"async\" class='wp-image-45808 avia-img-lazy-loading-not-45808 avia_image' src=\"https:\/\/radiorevelacionfm.cl\/wp-content\/uploads\/2024\/09\/top-coyhaique-1-2_optimized-1.jpg\" alt='' title='top-coyhaique-(1)-(2)_optimized (1)' height=\"600\" width=\"990\"  itemprop=\"thumbnailUrl\" srcset=\"https:\/\/radiorevelacionfm.cl\/wp-content\/uploads\/2024\/09\/top-coyhaique-1-2_optimized-1.jpg 990w, https:\/\/radiorevelacionfm.cl\/wp-content\/uploads\/2024\/09\/top-coyhaique-1-2_optimized-1-300x182.jpg 300w, https:\/\/radiorevelacionfm.cl\/wp-content\/uploads\/2024\/09\/top-coyhaique-1-2_optimized-1-768x465.jpg 768w, https:\/\/radiorevelacionfm.cl\/wp-content\/uploads\/2024\/09\/top-coyhaique-1-2_optimized-1-705x427.jpg 705w, https:\/\/radiorevelacionfm.cl\/wp-content\/uploads\/2024\/09\/top-coyhaique-1-2_optimized-1-450x273.jpg 450w, https:\/\/radiorevelacionfm.cl\/wp-content\/uploads\/2024\/09\/top-coyhaique-1-2_optimized-1-600x364.jpg 600w\" sizes=\"(max-width: 990px) 100vw, 990px\" \/><\/div><\/div><\/div><\/div><div class=\"flex_column av_one_full  flex_column_div av-zero-column-padding first  avia-builder-el-2  el_after_av_one_full  el_before_av_one_full  column-top-margin\" style='border-radius:0px; '><section class=\"av_textblock_section \"  itemscope=\"itemscope\" itemtype=\"https:\/\/schema.org\/BlogPosting\" itemprop=\"blogPost\" ><div class='avia_textblock  '   itemprop=\"text\" ><p style=\"text-align: center;\"><strong><span style=\"font-size: 18pt;\">SernamEG interpone querellas por casos de femicidio tentado en Coyhaique y Ays\u00e9n<\/span><\/strong><\/p>\n<div id=\"gtx-trans\" style=\"position: absolute; left: -50px; top: 4.31534px;\">\n<div class=\"gtx-trans-icon\"><\/div>\n<\/div>\n<\/div><\/section><\/div><div class=\"flex_column av_one_full  flex_column_div av-zero-column-padding first  avia-builder-el-4  el_after_av_one_full  el_before_av_hr  column-top-margin\" style='border-radius:0px; '><section class=\"av_textblock_section \"  itemscope=\"itemscope\" itemtype=\"https:\/\/schema.org\/BlogPosting\" itemprop=\"blogPost\" ><div class='avia_textblock  '   itemprop=\"text\" ><p dir=\"ltr\" style=\"text-align: justify;\">Desde la Direcci\u00f3n Regional de Ays\u00e9n del Servicio Nacional de la Mujer y la Equidad de G\u00e9nero (SernamEG), comunican que durante los \u00faltimos d\u00edas han interpuesto tres querellas por el delito de femicidio tentado, por hechos ocurridos en las comunas de Coyhaique y Ays\u00e9n entre fines del mes de octubre y comienzos del mes de noviembre.<\/p>\n<p dir=\"ltr\" style=\"text-align: justify;\">En ese sentido, se informa que han existido cuatro casos de violencia extrema contra las mujeres en las \u00faltimas semanas, de los cuales dos tuvieron lugar los d\u00edas 30 y 31 de octubre en la comuna de Coyhaique, y que en uno de ellos el imputado es un ex funcionario municipal. Si bien en esta \u00faltima causa el Ministerio P\u00fablico resolvi\u00f3 formalizar por el delito de lesiones menos graves en contexto de violencia intrafamiliar, desde SernamEG decidieron interponer la querella por femicidio tentado tras analizar los hechos.<\/p>\n<p dir=\"ltr\" style=\"text-align: justify;\">Mientras el tercer caso se encuentra a\u00fan desformalizado, la \u00faltima de las querellas corresponde a una agresi\u00f3n ocurrida en la comuna de Ays\u00e9n el d\u00eda 8 de noviembre, donde el servicio interpuso acciones legales no s\u00f3lo por el delito de femicidio tentado, sino tambi\u00e9n por amenazas y da\u00f1os simples.<\/p>\n<p dir=\"ltr\" style=\"text-align: justify;\">Al respecto, la directora regional de SernamEG Asy\u00e9n, Patricia Baeza Cabezas, sostiene que \u00aben tres de los cuatro casos ocurridos ya hemos obtenido el patrocinio de las mujeres para representarlas jur\u00eddicamente, y por lo tanto vamos a poder apoyarlas y acompa\u00f1arlas durante este proceso judicial. Del mismo modo, queremos reiterar que nuestro servicio ha tratado de actuar de la manera m\u00e1s oportuna, acercando nuestra oferta, y en especial nuestra atenci\u00f3n psicosocial, a las mujeres que est\u00e1n siendo v\u00edctimas de violencia en nuestra regi\u00f3n\u00bb.<\/p>\n<p dir=\"ltr\" style=\"text-align: justify;\">Por \u00faltimo, desde el Servicio Nacional de la Mujer y la Equidad de G\u00e9nero confirman que las v\u00edctimas de estos casos est\u00e1n siendo apoyadas por profesionales de atenci\u00f3n especializada en violencias de g\u00e9nero, y recalcan a la comunidad que SernamEG cuenta con un tel\u00e9fono de orientaci\u00f3n en estas materias que es el 1455. Asimismo, explican que para realizar denuncias las personas deben comunicarse al 133 de Carabineros, al 134 de la PDI, o acercarse a cualquier oficina de Fiscal\u00eda.<\/p>\n<\/div><\/section><\/div><div  style='height:50px' class='hr hr-invisible   avia-builder-el-6  el_after_av_one_full  el_before_av_social_share '><span class='hr-inner ' ><span class='hr-inner-style'><\/span><\/span><\/div><\/p>\n<div  class='av-social-sharing-box  avia-builder-el-7  el_after_av_hr  el_before_av_hr  '><div class='av-share-box'><h5 class='av-share-link-description av-no-toc '>Compartir esta noticia<\/h5><ul class='av-share-box-list noLightbox'><li class='av-share-link av-social-link-facebook' ><a target=\"_blank\" aria-label=\"Compartir en Facebook\" href='https:\/\/www.facebook.com\/sharer.php?u=https:\/\/radiorevelacionfm.cl\/?p=47883&#038;t=SernamEG%20interpone%20querellas%20por%20casos%20de%20femicidio%20tentado%20en%20Coyhaique%20y%20Ays%C3%A9n' aria-hidden='false' data-av_icon='\ue8f3' data-av_iconfont='entypo-fontello' title='' data-avia-related-tooltip='Compartir en Facebook' rel=\"noopener\"><span class='avia_hidden_link_text'>Compartir en Facebook<\/span><\/a><\/li><li class='av-share-link av-social-link-twitter' ><a target=\"_blank\" aria-label=\"Compartir en Twitter\" href='https:\/\/twitter.com\/share?text=SernamEG%20interpone%20querellas%20por%20casos%20de%20femicidio%20tentado%20en%20Coyhaique%20y%20Ays%C3%A9n&#038;url=https:\/\/radiorevelacionfm.cl\/?p=47883' aria-hidden='false' data-av_icon='\ue8f1' data-av_iconfont='entypo-fontello' title='' data-avia-related-tooltip='Compartir en Twitter' rel=\"noopener\"><span class='avia_hidden_link_text'>Compartir en Twitter<\/span><\/a><\/li><li class='av-share-link av-social-link-whatsapp' ><a target=\"_blank\" aria-label=\"Compartir en Whatsapp\" href='https:\/\/api.whatsapp.com\/send?text=https:\/\/radiorevelacionfm.cl\/?p=47883' aria-hidden='false' data-av_icon='\uf232' data-av_iconfont='entypo-fontello' title='' data-avia-related-tooltip='Compartir en Whatsapp' rel=\"noopener\"><span class='avia_hidden_link_text'>Compartir en Whatsapp<\/span><\/a><\/li><li class='av-share-link av-social-link-linkedin' ><a target=\"_blank\" aria-label=\"Compartir en LinkedIn\" href='https:\/\/linkedin.com\/shareArticle?mini=true&#038;title=SernamEG%20interpone%20querellas%20por%20casos%20de%20femicidio%20tentado%20en%20Coyhaique%20y%20Ays%C3%A9n&#038;url=https:\/\/radiorevelacionfm.cl\/?p=47883' aria-hidden='false' data-av_icon='\ue8fc' data-av_iconfont='entypo-fontello' title='' data-avia-related-tooltip='Compartir en LinkedIn' rel=\"noopener\"><span class='avia_hidden_link_text'>Compartir en LinkedIn<\/span><\/a><\/li><li class='av-share-link av-social-link-mail' ><a  aria-label=\"Compartir por correo\" href='mailto:?subject=SernamEG%20interpone%20querellas%20por%20casos%20de%20femicidio%20tentado%20en%20Coyhaique%20y%20Ays%C3%A9n&#038;body=https:\/\/radiorevelacionfm.cl\/?p=47883' aria-hidden='false' data-av_icon='\ue805' data-av_iconfont='entypo-fontello' title='' data-avia-related-tooltip='Compartir por correo'><span class='avia_hidden_link_text'>Compartir por correo<\/span><\/a><\/li><\/ul><\/div><\/div>\n<div  style='height:50px' class='hr hr-invisible   avia-builder-el-8  el_after_av_social_share  el_before_av_comments_list '><span class='hr-inner ' ><span class='hr-inner-style'><\/span><\/span><\/div>\n<div  class='av-buildercomment  av-blog-meta-html-info-disabled av-blog-meta-tag-disabled  '><\/div>\n","protected":false},"excerpt":{"rendered":"","protected":false},"author":1,"featured_media":45808,"comment_status":"open","ping_status":"open","sticky":false,"template":"","format":"standard","meta":{"footnotes":""},"categories":[38],"tags":[],"class_list":["post-47883","post","type-post","status-publish","format-standard","has-post-thumbnail","hentry","category-regional"],"jetpack_featured_media_url":"https:\/\/radiorevelacionfm.cl\/wp-content\/uploads\/2024\/09\/top-coyhaique-1-2_optimized-1.jpg","_links":{"self":[{"href":"https:\/\/radiorevelacionfm.cl\/index.php?rest_route=\/wp\/v2\/posts\/47883","targetHints":{"allow":["GET"]}}],"collection":[{"href":"https:\/\/radiorevelacionfm.cl\/index.php?rest_route=\/wp\/v2\/posts"}],"about":[{"href":"https:\/\/radiorevelacionfm.cl\/index.php?rest_route=\/wp\/v2\/types\/post"}],"author":[{"embeddable":true,"href":"https:\/\/radiorevelacionfm.cl\/index.php?rest_route=\/wp\/v2\/users\/1"}],"replies":[{"embeddable":true,"href":"https:\/\/radiorevelacionfm.cl\/index.php?rest_route=%2Fwp%2Fv2%2Fcomments&post=47883"}],"version-history":[{"count":1,"href":"https:\/\/radiorevelacionfm.cl\/index.php?rest_route=\/wp\/v2\/posts\/47883\/revisions"}],"predecessor-version":[{"id":47884,"href":"https:\/\/radiorevelacionfm.cl\/index.php?rest_route=\/wp\/v2\/posts\/47883\/revisions\/47884"}],"wp:featuredmedia":[{"embeddable":true,"href":"https:\/\/radiorevelacionfm.cl\/index.php?rest_route=\/wp\/v2\/media\/45808"}],"wp:attachment":[{"href":"https:\/\/radiorevelacionfm.cl\/index.php?rest_route=%2Fwp%2Fv2%2Fmedia&parent=47883"}],"wp:term":[{"taxonomy":"category","embeddable":true,"href":"https:\/\/radiorevelacionfm.cl\/index.php?rest_route=%2Fwp%2Fv2%2Fcategories&post=47883"},{"taxonomy":"post_tag","embeddable":true,"href":"https:\/\/radiorevelacionfm.cl\/index.php?rest_route=%2Fwp%2Fv2%2Ftags&post=47883"}],"curies":[{"name":"wp","href":"https:\/\/api.w.org\/{rel}","templated":true}]}}