{"id":47878,"date":"2024-11-12T17:20:23","date_gmt":"2024-11-12T20:20:23","guid":{"rendered":"https:\/\/radiorevelacionfm.cl\/?p=47878"},"modified":"2024-11-12T17:20:23","modified_gmt":"2024-11-12T20:20:23","slug":"diputado-calisto-tras-reunion-con-director-del-servicio-de-salud-estamos-en-una-crisis-en-materia-de-cardiologia","status":"publish","type":"post","link":"https:\/\/radiorevelacionfm.cl\/?p=47878","title":{"rendered":"Diputado Calisto tras reuni\u00f3n con Director del Servicio de Salud: \u201cEstamos en una crisis en materia de cardiolog\u00eda\u201d"},"content":{"rendered":"<div class=\"flex_column av_one_full  flex_column_div av-zero-column-padding first  avia-builder-el-0  el_before_av_one_full  avia-builder-el-first  \" style='border-radius:0px; '><div  class='avia-image-container  av-styling-    avia-builder-el-1  avia-builder-el-no-sibling  avia-align-center '  itemprop=\"image\" itemscope=\"itemscope\" itemtype=\"https:\/\/schema.org\/ImageObject\"  ><div class='avia-image-container-inner'><div class='avia-image-overlay-wrap'><img decoding=\"async\" class='wp-image-47879 avia-img-lazy-loading-not-47879 avia_image' src=\"https:\/\/radiorevelacionfm.cl\/wp-content\/uploads\/2024\/11\/foto-cardio-2_optimized.jpeg\" alt='' title='foto-cardio-2_optimized' height=\"600\" width=\"1067\"  itemprop=\"thumbnailUrl\" srcset=\"https:\/\/radiorevelacionfm.cl\/wp-content\/uploads\/2024\/11\/foto-cardio-2_optimized.jpeg 1067w, https:\/\/radiorevelacionfm.cl\/wp-content\/uploads\/2024\/11\/foto-cardio-2_optimized-300x169.jpeg 300w, https:\/\/radiorevelacionfm.cl\/wp-content\/uploads\/2024\/11\/foto-cardio-2_optimized-1030x579.jpeg 1030w, https:\/\/radiorevelacionfm.cl\/wp-content\/uploads\/2024\/11\/foto-cardio-2_optimized-768x432.jpeg 768w, https:\/\/radiorevelacionfm.cl\/wp-content\/uploads\/2024\/11\/foto-cardio-2_optimized-705x396.jpeg 705w, https:\/\/radiorevelacionfm.cl\/wp-content\/uploads\/2024\/11\/foto-cardio-2_optimized-450x253.jpeg 450w, https:\/\/radiorevelacionfm.cl\/wp-content\/uploads\/2024\/11\/foto-cardio-2_optimized-600x337.jpeg 600w\" sizes=\"(max-width: 1067px) 100vw, 1067px\" \/><\/div><\/div><\/div><\/div><div class=\"flex_column av_one_full  flex_column_div av-zero-column-padding first  avia-builder-el-2  el_after_av_one_full  el_before_av_one_full  column-top-margin\" style='border-radius:0px; '><section class=\"av_textblock_section \"  itemscope=\"itemscope\" itemtype=\"https:\/\/schema.org\/BlogPosting\" itemprop=\"blogPost\" ><div class='avia_textblock  '   itemprop=\"text\" ><p style=\"text-align: center;\"><span style=\"font-size: 18pt;\"><b><span lang=\"ES-CL\">Diputado Calisto tras reuni\u00f3n con Director del Servicio de Salud: \u201cEstamos en una crisis en materia de cardiolog\u00eda\u201d<\/span><\/b><\/span><\/p>\n<div id=\"gtx-trans\" style=\"position: absolute; left: -50px; top: 4.31534px;\">\n<div class=\"gtx-trans-icon\"><\/div>\n<\/div>\n<\/div><\/section><\/div><div class=\"flex_column av_one_full  flex_column_div av-zero-column-padding first  avia-builder-el-4  el_after_av_one_full  el_before_av_hr  column-top-margin\" style='border-radius:0px; '><section class=\"av_textblock_section \"  itemscope=\"itemscope\" itemtype=\"https:\/\/schema.org\/BlogPosting\" itemprop=\"blogPost\" ><div class='avia_textblock  '   itemprop=\"text\" ><p style=\"text-align: justify;\"><em>El legislador, junto a la agrupaci\u00f3n Cardiolog\u00eda para Ays\u00e9n, le plantearon a la autoridad de salud la urgente necesidad de contar con especialistas y el equipamiento adecuado para atender a los pacientes cardiacos. <\/em><\/p>\n<p style=\"text-align: justify;\">Consciente de la urgente necesidad de contar con m\u00e1s especialistas en la regi\u00f3n, <strong>el diputado Miguel \u00c1ngel Calisto junto a la agrupaci\u00f3n Cardiolog\u00eda para Ays\u00e9n<\/strong> se reunieron con el director del Servicio de Salud, Juan Pablo Bravo, a quien le plantearon espec\u00edficamente los problemas que deben enfrentar los pacientes que tienen afecciones cardiacas por la falta de cardi\u00f3logos y de equipamiento m\u00e9dico en la Regi\u00f3n.<\/p>\n<p style=\"text-align: justify;\">Seg\u00fan el diputado Miguel \u00c1ngel Calisto, \u201cen este minuto hay cerca de 1.800 personas que est\u00e1n a la espera de una ecograf\u00eda al coraz\u00f3n. Una ecograf\u00eda al coraz\u00f3n es fundamental para saber y para detectar finalmente si hay alg\u00fan tipo de patolog\u00eda m\u00e1s compleja o si una persona que est\u00e1 en tratamiento se est\u00e1 recuperando\u201d.<\/p>\n<p style=\"text-align: justify;\">\u201cTambi\u00e9n tenemos una cifra que es escalofriante, es decir, m\u00e1s de 500 personas, adultos y ni\u00f1os, esperando una consulta para un cardi\u00f3logo. Por lo tanto, estamos en una crisis en materia de cardiolog\u00eda. Y por eso es que, si bien valoramos que hay un avance sustantivo respecto de la unidad de laboratorio de hemodinamia que viene para el a\u00f1o 2026 con el angi\u00f3grafo funcionando, el problema es qu\u00e9 hacemos en ese intertanto\u201d, afirm\u00f3 el legislador.<\/p>\n<p style=\"text-align: justify;\">Calisto agreg\u00f3 que \u201ces importante este trabajo que se est\u00e1 haciendo junto a la agrupaci\u00f3n que se ha levantado a nivel regional. Vamos a venir en los pr\u00f3ximos d\u00edas a una nueva reuni\u00f3n con el Director del Servicio de Salud y su equipo para saber si se van a hacer operativos m\u00e9dicos estrictamente enfocados al tema del coraz\u00f3n, para solucionar la lista de espera en materia de ecograf\u00eda del coraz\u00f3n y tambi\u00e9n de consultas por enfermedades coronarias\u201d.<\/p>\n<p style=\"text-align: justify;\">\u201cEstamos en una situaci\u00f3n compleja porque el coraz\u00f3n no avisa y en cualquier minuto el problema es mayor y muchas personas fallecen porque no saben que tienen enfermedades coronarias, solamente saben cuando tienen una situaci\u00f3n m\u00e1s compleja y eso muchas veces no hay c\u00f3mo abordarlo. Y por eso es tan importante que levantemos el tema a nivel regional y que exijamos que esto se instale de una vez en nuestro territorio\u201d, indic\u00f3 el legislador.<\/p>\n<p style=\"text-align: justify;\">Por su parte, Juan Ruiz, paciente de cardiolog\u00eda y quien fue operado hace cinco meses, asegur\u00f3 que \u201cagradecido del diputado Calisto por la reuni\u00f3n que se sostuvo con la autoridad de salud, en donde se han podido aclarar varias cosas. Estamos esperanzados para que dentro del corto o mediano plazo los pacientes cardiacos no tengan que pasar lo mismo que pasamos nosotros\u201d.<\/p>\n<p style=\"text-align: justify;\">\u201cEn la regi\u00f3n faltan especialistas, falta estructura, equipos m\u00e9dicos y todo, pero por lo visto esto avanza en buen camino, gracias al apoyo de nuestro diputado que siempre est\u00e1n dando la cara por la regi\u00f3n y por cada uno de los pacientes.<\/p>\n<p style=\"text-align: justify;\">Melany Rojas, cuyo esposo e hijos son pacientes cardiacos, asegur\u00f3 que \u201cmi hijo es usuario del marcapaso desde los 12 a\u00f1os y estamos a la espera de que le hagan su ecocardiograma a mi esposo y a mi hijo su telemetr\u00eda, que ya hace un a\u00f1o que no tiene control. Y estamos a la espera porque no llegan cardi\u00f3logos, no est\u00e1 la enfermera que hace la telemetr\u00eda y eso no puede seguir pasando en esta regi\u00f3n.<\/p>\n<p style=\"text-align: justify;\">Finalmente, Melany Rojas se\u00f1al\u00f3 que \u201caqu\u00ed somos poquitos, pero en la regi\u00f3n hay muchas personas que est\u00e1n igual que nosotros o peor. Entonces, es importante que nos unamos. Todos saben estas cosas, pero nadie las habla, no s\u00e9, no se dan conocer. Pero para eso estamos ahora nosotros, para tomar fuerza y difundir esta necesidad que tenemos\u201d.<\/p>\n<\/div><\/section><\/div><div  style='height:50px' class='hr hr-invisible   avia-builder-el-6  el_after_av_one_full  el_before_av_social_share '><span class='hr-inner ' ><span class='hr-inner-style'><\/span><\/span><\/div><\/p>\n<div  class='av-social-sharing-box  avia-builder-el-7  el_after_av_hr  el_before_av_hr  '><div class='av-share-box'><h5 class='av-share-link-description av-no-toc '>Compartir esta noticia<\/h5><ul class='av-share-box-list noLightbox'><li class='av-share-link av-social-link-facebook' ><a target=\"_blank\" aria-label=\"Compartir en Facebook\" href='https:\/\/www.facebook.com\/sharer.php?u=https:\/\/radiorevelacionfm.cl\/?p=47878&#038;t=Diputado%20Calisto%20tras%20reuni%C3%B3n%20con%20Director%20del%20Servicio%20de%20Salud%3A%20%E2%80%9CEstamos%20en%20una%20crisis%20en%20materia%20de%20cardiolog%C3%ADa%E2%80%9D' aria-hidden='false' data-av_icon='\ue8f3' data-av_iconfont='entypo-fontello' title='' data-avia-related-tooltip='Compartir en Facebook' rel=\"noopener\"><span class='avia_hidden_link_text'>Compartir en Facebook<\/span><\/a><\/li><li class='av-share-link av-social-link-twitter' ><a target=\"_blank\" aria-label=\"Compartir en Twitter\" href='https:\/\/twitter.com\/share?text=Diputado%20Calisto%20tras%20reuni%C3%B3n%20con%20Director%20del%20Servicio%20de%20Salud%3A%20%E2%80%9CEstamos%20en%20una%20crisis%20en%20materia%20de%20cardiolog%C3%ADa%E2%80%9D&#038;url=https:\/\/radiorevelacionfm.cl\/?p=47878' aria-hidden='false' data-av_icon='\ue8f1' data-av_iconfont='entypo-fontello' title='' data-avia-related-tooltip='Compartir en Twitter' rel=\"noopener\"><span class='avia_hidden_link_text'>Compartir en Twitter<\/span><\/a><\/li><li class='av-share-link av-social-link-whatsapp' ><a target=\"_blank\" aria-label=\"Compartir en Whatsapp\" href='https:\/\/api.whatsapp.com\/send?text=https:\/\/radiorevelacionfm.cl\/?p=47878' aria-hidden='false' data-av_icon='\uf232' data-av_iconfont='entypo-fontello' title='' data-avia-related-tooltip='Compartir en Whatsapp' rel=\"noopener\"><span class='avia_hidden_link_text'>Compartir en Whatsapp<\/span><\/a><\/li><li class='av-share-link av-social-link-linkedin' ><a target=\"_blank\" aria-label=\"Compartir en LinkedIn\" href='https:\/\/linkedin.com\/shareArticle?mini=true&#038;title=Diputado%20Calisto%20tras%20reuni%C3%B3n%20con%20Director%20del%20Servicio%20de%20Salud%3A%20%E2%80%9CEstamos%20en%20una%20crisis%20en%20materia%20de%20cardiolog%C3%ADa%E2%80%9D&#038;url=https:\/\/radiorevelacionfm.cl\/?p=47878' aria-hidden='false' data-av_icon='\ue8fc' data-av_iconfont='entypo-fontello' title='' data-avia-related-tooltip='Compartir en LinkedIn' rel=\"noopener\"><span class='avia_hidden_link_text'>Compartir en LinkedIn<\/span><\/a><\/li><li class='av-share-link av-social-link-mail' ><a  aria-label=\"Compartir por correo\" href='mailto:?subject=Diputado%20Calisto%20tras%20reuni%C3%B3n%20con%20Director%20del%20Servicio%20de%20Salud%3A%20%E2%80%9CEstamos%20en%20una%20crisis%20en%20materia%20de%20cardiolog%C3%ADa%E2%80%9D&#038;body=https:\/\/radiorevelacionfm.cl\/?p=47878' aria-hidden='false' data-av_icon='\ue805' data-av_iconfont='entypo-fontello' title='' data-avia-related-tooltip='Compartir por correo'><span class='avia_hidden_link_text'>Compartir por correo<\/span><\/a><\/li><\/ul><\/div><\/div>\n<div  style='height:50px' class='hr hr-invisible   avia-builder-el-8  el_after_av_social_share  el_before_av_comments_list '><span class='hr-inner ' ><span class='hr-inner-style'><\/span><\/span><\/div>\n<div  class='av-buildercomment  av-blog-meta-html-info-disabled av-blog-meta-tag-disabled  '><\/div>\n","protected":false},"excerpt":{"rendered":"","protected":false},"author":1,"featured_media":47879,"comment_status":"open","ping_status":"open","sticky":false,"template":"","format":"standard","meta":{"footnotes":""},"categories":[35],"tags":[],"class_list":["post-47878","post","type-post","status-publish","format-standard","has-post-thumbnail","hentry","category-politica"],"jetpack_featured_media_url":"https:\/\/radiorevelacionfm.cl\/wp-content\/uploads\/2024\/11\/foto-cardio-2_optimized.jpeg","_links":{"self":[{"href":"https:\/\/radiorevelacionfm.cl\/index.php?rest_route=\/wp\/v2\/posts\/47878","targetHints":{"allow":["GET"]}}],"collection":[{"href":"https:\/\/radiorevelacionfm.cl\/index.php?rest_route=\/wp\/v2\/posts"}],"about":[{"href":"https:\/\/radiorevelacionfm.cl\/index.php?rest_route=\/wp\/v2\/types\/post"}],"author":[{"embeddable":true,"href":"https:\/\/radiorevelacionfm.cl\/index.php?rest_route=\/wp\/v2\/users\/1"}],"replies":[{"embeddable":true,"href":"https:\/\/radiorevelacionfm.cl\/index.php?rest_route=%2Fwp%2Fv2%2Fcomments&post=47878"}],"version-history":[{"count":1,"href":"https:\/\/radiorevelacionfm.cl\/index.php?rest_route=\/wp\/v2\/posts\/47878\/revisions"}],"predecessor-version":[{"id":47880,"href":"https:\/\/radiorevelacionfm.cl\/index.php?rest_route=\/wp\/v2\/posts\/47878\/revisions\/47880"}],"wp:featuredmedia":[{"embeddable":true,"href":"https:\/\/radiorevelacionfm.cl\/index.php?rest_route=\/wp\/v2\/media\/47879"}],"wp:attachment":[{"href":"https:\/\/radiorevelacionfm.cl\/index.php?rest_route=%2Fwp%2Fv2%2Fmedia&parent=47878"}],"wp:term":[{"taxonomy":"category","embeddable":true,"href":"https:\/\/radiorevelacionfm.cl\/index.php?rest_route=%2Fwp%2Fv2%2Fcategories&post=47878"},{"taxonomy":"post_tag","embeddable":true,"href":"https:\/\/radiorevelacionfm.cl\/index.php?rest_route=%2Fwp%2Fv2%2Ftags&post=47878"}],"curies":[{"name":"wp","href":"https:\/\/api.w.org\/{rel}","templated":true}]}}