{"id":47872,"date":"2024-11-11T18:12:15","date_gmt":"2024-11-11T21:12:15","guid":{"rendered":"https:\/\/radiorevelacionfm.cl\/?p=47872"},"modified":"2024-11-11T18:12:15","modified_gmt":"2024-11-11T21:12:15","slug":"mas-de-300-usuarios-de-puerto-aysen-recibieron-atenciones-en-exitoso-operativo-oftalmologico","status":"publish","type":"post","link":"https:\/\/radiorevelacionfm.cl\/?p=47872","title":{"rendered":"M\u00e1s de 300 usuarios de Puerto Ays\u00e9n recibieron atenciones en exitoso operativo oftalmol\u00f3gico"},"content":{"rendered":"<div class=\"flex_column av_one_full  flex_column_div av-zero-column-padding first  avia-builder-el-0  el_before_av_one_full  avia-builder-el-first  \" style='border-radius:0px; '><div  class='avia-image-container  av-styling-    avia-builder-el-1  avia-builder-el-no-sibling  avia-align-center '  itemprop=\"image\" itemscope=\"itemscope\" itemtype=\"https:\/\/schema.org\/ImageObject\"  ><div class='avia-image-container-inner'><div class='avia-image-overlay-wrap'><img decoding=\"async\" class='wp-image-47873 avia-img-lazy-loading-not-47873 avia_image' src=\"https:\/\/radiorevelacionfm.cl\/wp-content\/uploads\/2024\/11\/IMG_5218-2-2.jpg\" alt='' title='IMG_5218-2-2' height=\"600\" width=\"800\"  itemprop=\"thumbnailUrl\" srcset=\"https:\/\/radiorevelacionfm.cl\/wp-content\/uploads\/2024\/11\/IMG_5218-2-2.jpg 800w, https:\/\/radiorevelacionfm.cl\/wp-content\/uploads\/2024\/11\/IMG_5218-2-2-300x225.jpg 300w, https:\/\/radiorevelacionfm.cl\/wp-content\/uploads\/2024\/11\/IMG_5218-2-2-768x576.jpg 768w, https:\/\/radiorevelacionfm.cl\/wp-content\/uploads\/2024\/11\/IMG_5218-2-2-705x529.jpg 705w, https:\/\/radiorevelacionfm.cl\/wp-content\/uploads\/2024\/11\/IMG_5218-2-2-450x338.jpg 450w, https:\/\/radiorevelacionfm.cl\/wp-content\/uploads\/2024\/11\/IMG_5218-2-2-600x450.jpg 600w\" sizes=\"(max-width: 800px) 100vw, 800px\" \/><\/div><\/div><\/div><\/div><div class=\"flex_column av_one_full  flex_column_div av-zero-column-padding first  avia-builder-el-2  el_after_av_one_full  el_before_av_one_full  column-top-margin\" style='border-radius:0px; '><section class=\"av_textblock_section \"  itemscope=\"itemscope\" itemtype=\"https:\/\/schema.org\/BlogPosting\" itemprop=\"blogPost\" ><div class='avia_textblock  '   itemprop=\"text\" ><p style=\"text-align: center;\"><strong><span style=\"font-size: 18pt;\">M\u00e1s de 300 usuarios de Puerto Ays\u00e9n recibieron atenciones en exitoso operativo oftalmol\u00f3gico<\/span><\/strong><\/p>\n<div id=\"gtx-trans\" style=\"position: absolute; left: -50px; top: 4.31534px;\">\n<div class=\"gtx-trans-icon\"><\/div>\n<\/div>\n<\/div><\/section><\/div><div class=\"flex_column av_one_full  flex_column_div av-zero-column-padding first  avia-builder-el-4  el_after_av_one_full  el_before_av_hr  column-top-margin\" style='border-radius:0px; '><section class=\"av_textblock_section \"  itemscope=\"itemscope\" itemtype=\"https:\/\/schema.org\/BlogPosting\" itemprop=\"blogPost\" ><div class='avia_textblock  '   itemprop=\"text\" ><p style=\"text-align: justify;\">En un esfuerzo por mejorar la salud visual de la comunidad, el reciente operativo de oftalmolog\u00eda desarrollado en el Hospital de Puerto Ays\u00e9n impact\u00f3 positivamente a cientos de personas. Durante esta intervenci\u00f3n especializada, se realizaron cerca de 30 cirug\u00edas, 75 procedimientos, incluyendo panfotocoagulaci\u00f3n retiniana y ex\u00e1menes de fondo de ojo y m\u00e1s de 200 consultas de especialidad.<\/p>\n<p style=\"text-align: justify;\">Las jornadas fueron organizadas en conjunto por el Servicio de Salud Ays\u00e9n, el Ministerio de Salud (MINSAL), la Sociedad Chilena de Oftalmolog\u00eda y la Fundaci\u00f3n Desaf\u00edo Levantemos Chile, con el objetivo de reducir la lista de espera en oftalmolog\u00eda de la Red Asistencial de la regi\u00f3n.<\/p>\n<p style=\"text-align: justify;\">\u201cMe operaron y todo fue un \u00e9xito. Me siento muy feliz, como renovada, es como si hubiera vuelto a nacer. Perder la vista es algo que no le deseo a nadie; yo hab\u00eda perdido la visi\u00f3n por completo.\u201d, expres\u00f3 Emma Co\u00f1uecar Lagos, paciente atendida en el operativo de oftalmolog\u00eda.<\/p>\n<p style=\"text-align: justify;\">Para llevar a cabo esta iniciativa, se convoc\u00f3 a un equipo de 21 profesionales de Santiago, as\u00ed lo dio a conocer el doctor Dennis Cort\u00e9s, oftalm\u00f3logo del Hospital Dr. S\u00f3tero del R\u00edo y de la Red de Salud UC CHRISTUS.<\/p>\n<p style=\"text-align: justify;\">\u201cAqu\u00ed hubo una gran coordinaci\u00f3n y esfuerzo. Sin duda, el compromiso de todos los colegas, junto al personal local de pabell\u00f3n y policl\u00ednico facilit\u00f3 enormemente nuestro trabajo. Nos trasladamos profesionales de distintas \u00e1reas de la salud, incluyendo especialistas en oftalmolog\u00eda, subespecialistas, anestesistas, enfermeras, tecn\u00f3logos m\u00e9dicos y TENS, para llevar a cabo intervenciones quir\u00fargicas en pacientes con diversos grados de patolog\u00eda, tambi\u00e9n acudi\u00f3 el oftalmopediatr\u00eda, el doctor Marco Soto, para cirug\u00edas de estrabismo\u201d, indic\u00f3 Cort\u00e9s.<\/p>\n<p style=\"text-align: justify;\">En esa misma l\u00ednea, B\u00e1rbara Aguirre, oftalm\u00f3loga y miembro del gabinete del Subsecretario de Redes Asistenciales, Osvaldo Salgado, se\u00f1al\u00f3. \u201cAlgunas patolog\u00edas estaban en lista de espera, y con este operativo pudimos resolverlas, enfoc\u00e1ndonos en aquellos pacientes que llevaban m\u00e1s tiempo para una atenci\u00f3n. Afortunadamente, logramos resolver el 100% de los casos pendientes, que correspond\u00edan principalmente a estrabismo, oculoplastia y algunas cirug\u00edas de cataratas. Adem\u00e1s, realizamos atenciones ambulatorias, especialmente fondos de ojo, que sabemos son esenciales en el diagn\u00f3stico de patolog\u00edas frecuentes como la retinopat\u00eda diab\u00e9tica. Tambi\u00e9n llevamos a cabo evaluaciones de consulta de primera especialidad en oftalmolog\u00eda\u201d, explic\u00f3.<\/p>\n<p style=\"text-align: justify;\">En total, cerca de 300 usuarios de la Red Asistencial recibieron atenci\u00f3n oftalmol\u00f3gica especializada, representando un avance importante en la respuesta a sus necesidades de salud visual.<\/p>\n<p style=\"text-align: justify;\">Cabe mencionar, que los especialistas trabajaron de la mano con los equipos cl\u00ednicos del Hospital de Puerto Ays\u00e9n, permitiendo no solo avanzar en la resoluci\u00f3n de casos y lista de espera, sino tambi\u00e9n fortalecer las capacidades locales y estrechar los lazos de colaboraci\u00f3n interinstitucional.<\/p>\n<p style=\"text-align: justify;\">\u201cEs importante destacar que en los pabellones de nuestro hospital de Puerto Ays\u00e9n se pudieron realizar cirug\u00edas de alta complejidad, lo que refleja la calidad de los profesionales que participaron, de primer nivel tanto nacional como mundial. Como Servicio de Salud Ays\u00e9n, esperamos continuar con este tipo de operativos en los hospitales comunitarios que tenemos, con el objetivo de seguir acercando la salud a la comunidad\u201d, afirm\u00f3 Juan Pablo Bravo Quintana, director del Servicio de Salud Ays\u00e9n.<\/p>\n<p style=\"text-align: justify;\">Este esfuerzo conjunto representa un avance significativo en el acceso a servicios de salud visual de calidad, acercando la atenci\u00f3n oftalmol\u00f3gica a las y los usuarios de la regi\u00f3n y mejorando su calidad de vida.<\/p>\n<p style=\"text-align: justify;\">\u201cLa infraestructura de nuestro Hospital est\u00e1 preparada para hacer este tipo de operativos, que permiten mejorar la atenci\u00f3n de nuestra comunidad, pero tambi\u00e9n reducir ostensiblemente la lista de espera como la de oftalmolog\u00eda que estaba muy abultada\u201d, se\u00f1al\u00f3 Hern\u00e1n Barrientos Hern\u00e1ndez, director del Hospital de Puerto Ays\u00e9n.<\/p>\n<p style=\"text-align: justify;\">Con este operativo, el Servicio de Salud Ays\u00e9n reafirma su compromiso de brindar una mejor atenci\u00f3n a la comunidad, enfatizando la importancia de reducir los tiempos de espera en oftalmolog\u00eda y fortaleciendo los servicios de salud p\u00fablica en la regi\u00f3n.<\/p>\n<\/div><\/section><\/div><div  style='height:50px' class='hr hr-invisible   avia-builder-el-6  el_after_av_one_full  el_before_av_social_share '><span class='hr-inner ' ><span class='hr-inner-style'><\/span><\/span><\/div><\/p>\n<div  class='av-social-sharing-box  avia-builder-el-7  el_after_av_hr  el_before_av_hr  '><div class='av-share-box'><h5 class='av-share-link-description av-no-toc '>Compartir esta noticia<\/h5><ul class='av-share-box-list noLightbox'><li class='av-share-link av-social-link-facebook' ><a target=\"_blank\" aria-label=\"Compartir en Facebook\" href='https:\/\/www.facebook.com\/sharer.php?u=https:\/\/radiorevelacionfm.cl\/?p=47872&#038;t=M%C3%A1s%20de%20300%20usuarios%20de%20Puerto%20Ays%C3%A9n%20recibieron%20atenciones%20en%20exitoso%20operativo%20oftalmol%C3%B3gico' aria-hidden='false' data-av_icon='\ue8f3' data-av_iconfont='entypo-fontello' title='' data-avia-related-tooltip='Compartir en Facebook' rel=\"noopener\"><span class='avia_hidden_link_text'>Compartir en Facebook<\/span><\/a><\/li><li class='av-share-link av-social-link-twitter' ><a target=\"_blank\" aria-label=\"Compartir en Twitter\" href='https:\/\/twitter.com\/share?text=M%C3%A1s%20de%20300%20usuarios%20de%20Puerto%20Ays%C3%A9n%20recibieron%20atenciones%20en%20exitoso%20operativo%20oftalmol%C3%B3gico&#038;url=https:\/\/radiorevelacionfm.cl\/?p=47872' aria-hidden='false' data-av_icon='\ue8f1' data-av_iconfont='entypo-fontello' title='' data-avia-related-tooltip='Compartir en Twitter' rel=\"noopener\"><span class='avia_hidden_link_text'>Compartir en Twitter<\/span><\/a><\/li><li class='av-share-link av-social-link-whatsapp' ><a target=\"_blank\" aria-label=\"Compartir en Whatsapp\" href='https:\/\/api.whatsapp.com\/send?text=https:\/\/radiorevelacionfm.cl\/?p=47872' aria-hidden='false' data-av_icon='\uf232' data-av_iconfont='entypo-fontello' title='' data-avia-related-tooltip='Compartir en Whatsapp' rel=\"noopener\"><span class='avia_hidden_link_text'>Compartir en Whatsapp<\/span><\/a><\/li><li class='av-share-link av-social-link-linkedin' ><a target=\"_blank\" aria-label=\"Compartir en LinkedIn\" href='https:\/\/linkedin.com\/shareArticle?mini=true&#038;title=M%C3%A1s%20de%20300%20usuarios%20de%20Puerto%20Ays%C3%A9n%20recibieron%20atenciones%20en%20exitoso%20operativo%20oftalmol%C3%B3gico&#038;url=https:\/\/radiorevelacionfm.cl\/?p=47872' aria-hidden='false' data-av_icon='\ue8fc' data-av_iconfont='entypo-fontello' title='' data-avia-related-tooltip='Compartir en LinkedIn' rel=\"noopener\"><span class='avia_hidden_link_text'>Compartir en LinkedIn<\/span><\/a><\/li><li class='av-share-link av-social-link-mail' ><a  aria-label=\"Compartir por correo\" href='mailto:?subject=M%C3%A1s%20de%20300%20usuarios%20de%20Puerto%20Ays%C3%A9n%20recibieron%20atenciones%20en%20exitoso%20operativo%20oftalmol%C3%B3gico&#038;body=https:\/\/radiorevelacionfm.cl\/?p=47872' aria-hidden='false' data-av_icon='\ue805' data-av_iconfont='entypo-fontello' title='' data-avia-related-tooltip='Compartir por correo'><span class='avia_hidden_link_text'>Compartir por correo<\/span><\/a><\/li><\/ul><\/div><\/div>\n<div  style='height:50px' class='hr hr-invisible   avia-builder-el-8  el_after_av_social_share  el_before_av_comments_list '><span class='hr-inner ' ><span class='hr-inner-style'><\/span><\/span><\/div>\n<div  class='av-buildercomment  av-blog-meta-html-info-disabled av-blog-meta-tag-disabled  '><\/div>\n","protected":false},"excerpt":{"rendered":"","protected":false},"author":1,"featured_media":47873,"comment_status":"open","ping_status":"open","sticky":false,"template":"","format":"standard","meta":{"footnotes":""},"categories":[46],"tags":[],"class_list":["post-47872","post","type-post","status-publish","format-standard","has-post-thumbnail","hentry","category-salud"],"jetpack_featured_media_url":"https:\/\/radiorevelacionfm.cl\/wp-content\/uploads\/2024\/11\/IMG_5218-2-2.jpg","_links":{"self":[{"href":"https:\/\/radiorevelacionfm.cl\/index.php?rest_route=\/wp\/v2\/posts\/47872","targetHints":{"allow":["GET"]}}],"collection":[{"href":"https:\/\/radiorevelacionfm.cl\/index.php?rest_route=\/wp\/v2\/posts"}],"about":[{"href":"https:\/\/radiorevelacionfm.cl\/index.php?rest_route=\/wp\/v2\/types\/post"}],"author":[{"embeddable":true,"href":"https:\/\/radiorevelacionfm.cl\/index.php?rest_route=\/wp\/v2\/users\/1"}],"replies":[{"embeddable":true,"href":"https:\/\/radiorevelacionfm.cl\/index.php?rest_route=%2Fwp%2Fv2%2Fcomments&post=47872"}],"version-history":[{"count":1,"href":"https:\/\/radiorevelacionfm.cl\/index.php?rest_route=\/wp\/v2\/posts\/47872\/revisions"}],"predecessor-version":[{"id":47874,"href":"https:\/\/radiorevelacionfm.cl\/index.php?rest_route=\/wp\/v2\/posts\/47872\/revisions\/47874"}],"wp:featuredmedia":[{"embeddable":true,"href":"https:\/\/radiorevelacionfm.cl\/index.php?rest_route=\/wp\/v2\/media\/47873"}],"wp:attachment":[{"href":"https:\/\/radiorevelacionfm.cl\/index.php?rest_route=%2Fwp%2Fv2%2Fmedia&parent=47872"}],"wp:term":[{"taxonomy":"category","embeddable":true,"href":"https:\/\/radiorevelacionfm.cl\/index.php?rest_route=%2Fwp%2Fv2%2Fcategories&post=47872"},{"taxonomy":"post_tag","embeddable":true,"href":"https:\/\/radiorevelacionfm.cl\/index.php?rest_route=%2Fwp%2Fv2%2Ftags&post=47872"}],"curies":[{"name":"wp","href":"https:\/\/api.w.org\/{rel}","templated":true}]}}