{"id":47869,"date":"2024-11-11T15:55:37","date_gmt":"2024-11-11T18:55:37","guid":{"rendered":"https:\/\/radiorevelacionfm.cl\/?p=47869"},"modified":"2024-11-11T15:55:37","modified_gmt":"2024-11-11T18:55:37","slug":"aysen-futuro-el-primer-evento-de-economia-digital-blockchain-y-sus-aplicaciones-en-la-region-de-aysen","status":"publish","type":"post","link":"https:\/\/radiorevelacionfm.cl\/?p=47869","title":{"rendered":"Ays\u00e9n Futuro: El primer evento de Econom\u00eda digital, blockchain y sus aplicaciones en la Regi\u00f3n de Ays\u00e9n"},"content":{"rendered":"<div class=\"flex_column av_one_full  flex_column_div av-zero-column-padding first  avia-builder-el-0  el_before_av_one_full  avia-builder-el-first  \" style='border-radius:0px; '><div  class='avia-image-container  av-styling-    avia-builder-el-1  avia-builder-el-no-sibling  avia-align-center '  itemprop=\"image\" itemscope=\"itemscope\" itemtype=\"https:\/\/schema.org\/ImageObject\"  ><div class='avia-image-container-inner'><div class='avia-image-overlay-wrap'><img decoding=\"async\" class='wp-image-47870 avia-img-lazy-loading-not-47870 avia_image' src=\"https:\/\/radiorevelacionfm.cl\/wp-content\/uploads\/2024\/11\/008b3bcf-d276-4de3-ab19-729ea3dda35e-2-2.jpeg\" alt='' title='008b3bcf-d276-4de3-ab19-729ea3dda35e-2-2' height=\"800\" width=\"800\"  itemprop=\"thumbnailUrl\" srcset=\"https:\/\/radiorevelacionfm.cl\/wp-content\/uploads\/2024\/11\/008b3bcf-d276-4de3-ab19-729ea3dda35e-2-2.jpeg 800w, https:\/\/radiorevelacionfm.cl\/wp-content\/uploads\/2024\/11\/008b3bcf-d276-4de3-ab19-729ea3dda35e-2-2-300x300.jpeg 300w, https:\/\/radiorevelacionfm.cl\/wp-content\/uploads\/2024\/11\/008b3bcf-d276-4de3-ab19-729ea3dda35e-2-2-80x80.jpeg 80w, https:\/\/radiorevelacionfm.cl\/wp-content\/uploads\/2024\/11\/008b3bcf-d276-4de3-ab19-729ea3dda35e-2-2-768x768.jpeg 768w, https:\/\/radiorevelacionfm.cl\/wp-content\/uploads\/2024\/11\/008b3bcf-d276-4de3-ab19-729ea3dda35e-2-2-36x36.jpeg 36w, https:\/\/radiorevelacionfm.cl\/wp-content\/uploads\/2024\/11\/008b3bcf-d276-4de3-ab19-729ea3dda35e-2-2-180x180.jpeg 180w, https:\/\/radiorevelacionfm.cl\/wp-content\/uploads\/2024\/11\/008b3bcf-d276-4de3-ab19-729ea3dda35e-2-2-705x705.jpeg 705w, https:\/\/radiorevelacionfm.cl\/wp-content\/uploads\/2024\/11\/008b3bcf-d276-4de3-ab19-729ea3dda35e-2-2-120x120.jpeg 120w, https:\/\/radiorevelacionfm.cl\/wp-content\/uploads\/2024\/11\/008b3bcf-d276-4de3-ab19-729ea3dda35e-2-2-450x450.jpeg 450w, https:\/\/radiorevelacionfm.cl\/wp-content\/uploads\/2024\/11\/008b3bcf-d276-4de3-ab19-729ea3dda35e-2-2-600x600.jpeg 600w, https:\/\/radiorevelacionfm.cl\/wp-content\/uploads\/2024\/11\/008b3bcf-d276-4de3-ab19-729ea3dda35e-2-2-100x100.jpeg 100w\" sizes=\"(max-width: 800px) 100vw, 800px\" \/><\/div><\/div><\/div><\/div><div class=\"flex_column av_one_full  flex_column_div av-zero-column-padding first  avia-builder-el-2  el_after_av_one_full  el_before_av_one_full  column-top-margin\" style='border-radius:0px; '><section class=\"av_textblock_section \"  itemscope=\"itemscope\" itemtype=\"https:\/\/schema.org\/BlogPosting\" itemprop=\"blogPost\" ><div class='avia_textblock  '   itemprop=\"text\" ><p style=\"text-align: center;\"><strong><span style=\"font-size: 18pt;\">Ays\u00e9n Futuro: El primer evento de Econom\u00eda digital, blockchain y sus aplicaciones en la Regi\u00f3n de Ays\u00e9n<\/span><\/strong><\/p>\n<div id=\"gtx-trans\" style=\"position: absolute; left: -50px; top: 4.31534px;\">\n<div class=\"gtx-trans-icon\"><\/div>\n<\/div>\n<\/div><\/section><\/div><div class=\"flex_column av_one_full  flex_column_div av-zero-column-padding first  avia-builder-el-4  el_after_av_one_full  el_before_av_hr  column-top-margin\" style='border-radius:0px; '><section class=\"av_textblock_section \"  itemscope=\"itemscope\" itemtype=\"https:\/\/schema.org\/BlogPosting\" itemprop=\"blogPost\" ><div class='avia_textblock  '   itemprop=\"text\" ><p style=\"text-align: justify;\">La Regi\u00f3n de Ays\u00e9n se prepara para recibir a destacados exponentes del ecosistema Blockchain y Web3 en el evento Ays\u00e9n Futuro, un espacio dise\u00f1ado para acercar esta innovadora tecnolog\u00eda a la comunidad local y al ecosistema productivo regional.<\/p>\n<p style=\"text-align: justify;\">El encuentro, que se llevar\u00e1 a cabo el 13 de noviembre de 2024 en el Centro Cultural de Coyhaique, tiene como objetivo fomentar la comprensi\u00f3n y adopci\u00f3n de las tecnolog\u00edas emergentes, as\u00ed como generar nuevas oportunidades de desarrollo econ\u00f3mico, social y cultural para la regi\u00f3n.<\/p>\n<p style=\"text-align: justify;\">Con una propuesta completamente gratuita, Ays\u00e9n Futuro reunir\u00e1 a 10 expertos en Blockchain, tecnolog\u00eda de registro digital descentralizado que almacena datos de forma segura y transparente, quienes abordar\u00e1n tem\u00e1ticas como: criptodivisas, contratos inteligentes, NFT, tokenizaci\u00f3n, finanzas descentralizadas y c\u00f3mo est\u00e1s podr\u00edan implementarse en las actividades econ\u00f3micas y sociales de la regi\u00f3n.<\/p>\n<p style=\"text-align: justify;\">Las y los asistentes tendr\u00e1n la oportunidad de explorar las aplicaciones pr\u00e1cticas de estas tecnolog\u00edas y comprender c\u00f3mo pueden transformar diversos sectores productivos, adem\u00e1s de impulsar el crecimiento econ\u00f3mico de la regi\u00f3n de Ays\u00e9n.<\/p>\n<p style=\"text-align: justify;\">El evento, que comenzar\u00e1 a las 8:30, se centrar\u00e1 en tem\u00e1ticas clave sobre el impacto y las aplicaciones de Blockchain y Web3 en diversos sectores.<\/p>\n<p style=\"text-align: justify;\">Estas tem\u00e1ticas ofrecen una visi\u00f3n integral sobre el potencial de Blockchain para transformar diversas \u00e1reas productivas y econ\u00f3micas y posicionan a la Regi\u00f3n de Ays\u00e9n en el mapa de la econom\u00eda digital.<\/p>\n<p style=\"text-align: justify;\">Roc\u00edo Bravo Moreno, sonidista y emprendedora tecnol\u00f3gica de las industrias creativas, comenta sobre su ponencia:\u00a0 \u201cAbordar\u00e9 c\u00f3mo el mercado del arte se ve favorecido por la tecnolog\u00eda, ya que le abre puertas a las nuevas expresiones art\u00edsticas digitales para que logren posicionarse en lugar que les corresponde en la historia del arte. Al poder demostrar propiedad de una pieza digital, puedes adem\u00e1s hacerla \u00fanica y transarla en el mercado como una pieza de colecci\u00f3n. Por otro lado, protege la propiedad intelectual, la tokenizaci\u00f3n demuestra propiedad de los activos y puedes seguir el recorrido de la pieza en el mercado, esto es una prueba contundente en caso de disputas por robo o uso<\/p>\n<p style=\"text-align: justify;\">Osvaldo Oyarce, director de Catarsis Films y Productor ejecutivo de Ays\u00e9n Futuro, destaca que el evento busca crear una instancia de colaboraci\u00f3n y aprendizaje que no solo beneficie a las y los asistentes, sino que tambi\u00e9n permita a la regi\u00f3n visualizar su futuro dentro de la econom\u00eda digital: \u201cQueremos que la comunidad de Ays\u00e9n, desde sus emprendedores hasta sus l\u00edderes regionales, puedan entender el potencial de las tecnolog\u00edas emergentes y c\u00f3mo pueden ser catalizadores para el desarrollo econ\u00f3mico, social y cultural de nuestra regi\u00f3n\u201d.<\/p>\n<p style=\"text-align: justify;\">Este evento se posiciona como un hito para la regi\u00f3n, no solo por la relevancia de los temas a tratar, sino por la posibilidad de generar un espacio de intercambio y aprendizaje entre profesionales de diversas \u00e1reas y sectores. Adem\u00e1s, Ays\u00e9n Futuro busca ser un punto de partida para la adopci\u00f3n de tecnolog\u00edas que puedan impulsar el crecimiento econ\u00f3mico regional de manera sostenible y equitativa.<\/p>\n<p style=\"text-align: justify;\">Ays\u00e9n Futuro es un evento gratuito y abierto a todo p\u00fablico. Las inscripciones y el programa completo est\u00e1n disponibles a trav\u00e9s del sitio web oficial del evento www.aysenfuturo.cl.<\/p>\n<\/div><\/section><\/div><div  style='height:50px' class='hr hr-invisible   avia-builder-el-6  el_after_av_one_full  el_before_av_social_share '><span class='hr-inner ' ><span class='hr-inner-style'><\/span><\/span><\/div><\/p>\n<div  class='av-social-sharing-box  avia-builder-el-7  el_after_av_hr  el_before_av_hr  '><div class='av-share-box'><h5 class='av-share-link-description av-no-toc '>Compartir esta noticia<\/h5><ul class='av-share-box-list noLightbox'><li class='av-share-link av-social-link-facebook' ><a target=\"_blank\" aria-label=\"Compartir en Facebook\" href='https:\/\/www.facebook.com\/sharer.php?u=https:\/\/radiorevelacionfm.cl\/?p=47869&#038;t=Ays%C3%A9n%20Futuro%3A%20El%20primer%20evento%20de%20Econom%C3%ADa%20digital%2C%20blockchain%20y%20sus%20aplicaciones%20en%20la%20Regi%C3%B3n%20de%20Ays%C3%A9n' aria-hidden='false' data-av_icon='\ue8f3' data-av_iconfont='entypo-fontello' title='' data-avia-related-tooltip='Compartir en Facebook' rel=\"noopener\"><span class='avia_hidden_link_text'>Compartir en Facebook<\/span><\/a><\/li><li class='av-share-link av-social-link-twitter' ><a target=\"_blank\" aria-label=\"Compartir en Twitter\" href='https:\/\/twitter.com\/share?text=Ays%C3%A9n%20Futuro%3A%20El%20primer%20evento%20de%20Econom%C3%ADa%20digital%2C%20blockchain%20y%20sus%20aplicaciones%20en%20la%20Regi%C3%B3n%20de%20Ays%C3%A9n&#038;url=https:\/\/radiorevelacionfm.cl\/?p=47869' aria-hidden='false' data-av_icon='\ue8f1' data-av_iconfont='entypo-fontello' title='' data-avia-related-tooltip='Compartir en Twitter' rel=\"noopener\"><span class='avia_hidden_link_text'>Compartir en Twitter<\/span><\/a><\/li><li class='av-share-link av-social-link-whatsapp' ><a target=\"_blank\" aria-label=\"Compartir en Whatsapp\" href='https:\/\/api.whatsapp.com\/send?text=https:\/\/radiorevelacionfm.cl\/?p=47869' aria-hidden='false' data-av_icon='\uf232' data-av_iconfont='entypo-fontello' title='' data-avia-related-tooltip='Compartir en Whatsapp' rel=\"noopener\"><span class='avia_hidden_link_text'>Compartir en Whatsapp<\/span><\/a><\/li><li class='av-share-link av-social-link-linkedin' ><a target=\"_blank\" aria-label=\"Compartir en LinkedIn\" href='https:\/\/linkedin.com\/shareArticle?mini=true&#038;title=Ays%C3%A9n%20Futuro%3A%20El%20primer%20evento%20de%20Econom%C3%ADa%20digital%2C%20blockchain%20y%20sus%20aplicaciones%20en%20la%20Regi%C3%B3n%20de%20Ays%C3%A9n&#038;url=https:\/\/radiorevelacionfm.cl\/?p=47869' aria-hidden='false' data-av_icon='\ue8fc' data-av_iconfont='entypo-fontello' title='' data-avia-related-tooltip='Compartir en LinkedIn' rel=\"noopener\"><span class='avia_hidden_link_text'>Compartir en LinkedIn<\/span><\/a><\/li><li class='av-share-link av-social-link-mail' ><a  aria-label=\"Compartir por correo\" href='mailto:?subject=Ays%C3%A9n%20Futuro%3A%20El%20primer%20evento%20de%20Econom%C3%ADa%20digital%2C%20blockchain%20y%20sus%20aplicaciones%20en%20la%20Regi%C3%B3n%20de%20Ays%C3%A9n&#038;body=https:\/\/radiorevelacionfm.cl\/?p=47869' aria-hidden='false' data-av_icon='\ue805' data-av_iconfont='entypo-fontello' title='' data-avia-related-tooltip='Compartir por correo'><span class='avia_hidden_link_text'>Compartir por correo<\/span><\/a><\/li><\/ul><\/div><\/div>\n<div  style='height:50px' class='hr hr-invisible   avia-builder-el-8  el_after_av_social_share  el_before_av_comments_list '><span class='hr-inner ' ><span class='hr-inner-style'><\/span><\/span><\/div>\n<div  class='av-buildercomment  av-blog-meta-html-info-disabled av-blog-meta-tag-disabled  '><\/div>\n","protected":false},"excerpt":{"rendered":"","protected":false},"author":1,"featured_media":47870,"comment_status":"open","ping_status":"open","sticky":false,"template":"","format":"standard","meta":{"footnotes":""},"categories":[38],"tags":[],"class_list":["post-47869","post","type-post","status-publish","format-standard","has-post-thumbnail","hentry","category-regional"],"jetpack_featured_media_url":"https:\/\/radiorevelacionfm.cl\/wp-content\/uploads\/2024\/11\/008b3bcf-d276-4de3-ab19-729ea3dda35e-2-2.jpeg","_links":{"self":[{"href":"https:\/\/radiorevelacionfm.cl\/index.php?rest_route=\/wp\/v2\/posts\/47869","targetHints":{"allow":["GET"]}}],"collection":[{"href":"https:\/\/radiorevelacionfm.cl\/index.php?rest_route=\/wp\/v2\/posts"}],"about":[{"href":"https:\/\/radiorevelacionfm.cl\/index.php?rest_route=\/wp\/v2\/types\/post"}],"author":[{"embeddable":true,"href":"https:\/\/radiorevelacionfm.cl\/index.php?rest_route=\/wp\/v2\/users\/1"}],"replies":[{"embeddable":true,"href":"https:\/\/radiorevelacionfm.cl\/index.php?rest_route=%2Fwp%2Fv2%2Fcomments&post=47869"}],"version-history":[{"count":1,"href":"https:\/\/radiorevelacionfm.cl\/index.php?rest_route=\/wp\/v2\/posts\/47869\/revisions"}],"predecessor-version":[{"id":47871,"href":"https:\/\/radiorevelacionfm.cl\/index.php?rest_route=\/wp\/v2\/posts\/47869\/revisions\/47871"}],"wp:featuredmedia":[{"embeddable":true,"href":"https:\/\/radiorevelacionfm.cl\/index.php?rest_route=\/wp\/v2\/media\/47870"}],"wp:attachment":[{"href":"https:\/\/radiorevelacionfm.cl\/index.php?rest_route=%2Fwp%2Fv2%2Fmedia&parent=47869"}],"wp:term":[{"taxonomy":"category","embeddable":true,"href":"https:\/\/radiorevelacionfm.cl\/index.php?rest_route=%2Fwp%2Fv2%2Fcategories&post=47869"},{"taxonomy":"post_tag","embeddable":true,"href":"https:\/\/radiorevelacionfm.cl\/index.php?rest_route=%2Fwp%2Fv2%2Ftags&post=47869"}],"curies":[{"name":"wp","href":"https:\/\/api.w.org\/{rel}","templated":true}]}}