{"id":47866,"date":"2024-11-11T15:44:23","date_gmt":"2024-11-11T18:44:23","guid":{"rendered":"https:\/\/radiorevelacionfm.cl\/?p=47866"},"modified":"2024-11-11T15:44:23","modified_gmt":"2024-11-11T18:44:23","slug":"sandoval-durante-debate-de-comision-mixta-de-presupuesto-2025-no-tenemos-en-la-zona-austral-una-conectividad-terrestre-eficiente-que-le-permita-transformarse-en-un-verdadero-motor-del-desar","status":"publish","type":"post","link":"https:\/\/radiorevelacionfm.cl\/?p=47866","title":{"rendered":"Sandoval durante debate de comisi\u00f3n mixta de Presupuesto 2025:  \u201cNo tenemos en la zona austral una conectividad terrestre eficiente que le permita transformarse en un verdadero motor del desarrollo\u201d"},"content":{"rendered":"<div class=\"flex_column av_one_full  flex_column_div av-zero-column-padding first  avia-builder-el-0  el_before_av_one_full  avia-builder-el-first  \" style='border-radius:0px; '><div  class='avia-image-container  av-styling-    avia-builder-el-1  avia-builder-el-no-sibling  avia-align-center '  itemprop=\"image\" itemscope=\"itemscope\" itemtype=\"https:\/\/schema.org\/ImageObject\"  ><div class='avia-image-container-inner'><div class='avia-image-overlay-wrap'><img decoding=\"async\" class='wp-image-47867 avia-img-lazy-loading-not-47867 avia_image' src=\"https:\/\/radiorevelacionfm.cl\/wp-content\/uploads\/2024\/11\/image-161-2.jpg\" alt='' title='image-161-2' height=\"750\" width=\"803\"  itemprop=\"thumbnailUrl\" srcset=\"https:\/\/radiorevelacionfm.cl\/wp-content\/uploads\/2024\/11\/image-161-2.jpg 803w, https:\/\/radiorevelacionfm.cl\/wp-content\/uploads\/2024\/11\/image-161-2-300x280.jpg 300w, https:\/\/radiorevelacionfm.cl\/wp-content\/uploads\/2024\/11\/image-161-2-768x717.jpg 768w, https:\/\/radiorevelacionfm.cl\/wp-content\/uploads\/2024\/11\/image-161-2-705x658.jpg 705w, https:\/\/radiorevelacionfm.cl\/wp-content\/uploads\/2024\/11\/image-161-2-450x420.jpg 450w, https:\/\/radiorevelacionfm.cl\/wp-content\/uploads\/2024\/11\/image-161-2-600x560.jpg 600w\" sizes=\"(max-width: 803px) 100vw, 803px\" \/><\/div><\/div><\/div><\/div><div class=\"flex_column av_one_full  flex_column_div av-zero-column-padding first  avia-builder-el-2  el_after_av_one_full  el_before_av_one_full  column-top-margin\" style='border-radius:0px; '><section class=\"av_textblock_section \"  itemscope=\"itemscope\" itemtype=\"https:\/\/schema.org\/BlogPosting\" itemprop=\"blogPost\" ><div class='avia_textblock  '   itemprop=\"text\" ><p style=\"text-align: center;\"><span style=\"font-size: 18pt;\"><strong>Sandoval durante debate de comisi\u00f3n mixta de Presupuesto 2025:\u00a0<\/strong><strong>\u201cNo tenemos en la zona austral una conectividad terrestre eficiente que le permita transformarse en un verdadero motor del desarrollo\u201d<\/strong><\/span><\/p>\n<div id=\"gtx-trans\" style=\"position: absolute; left: -50px; top: 4.31534px;\">\n<div class=\"gtx-trans-icon\"><\/div>\n<\/div>\n<\/div><\/section><\/div><div class=\"flex_column av_one_full  flex_column_div av-zero-column-padding first  avia-builder-el-4  el_after_av_one_full  el_before_av_hr  column-top-margin\" style='border-radius:0px; '><section class=\"av_textblock_section \"  itemscope=\"itemscope\" itemtype=\"https:\/\/schema.org\/BlogPosting\" itemprop=\"blogPost\" ><div class='avia_textblock  '   itemprop=\"text\" ><p style=\"text-align: justify;\"><em>Otro de los temas abordados fue la disminuci\u00f3n de recursos en Indap y Sag, por lo que el parlamentario llam\u00f3 al Minagri a reconsiderar la medida, considerando programa de recuperaci\u00f3n de suelos degradados.<\/em><\/p>\n<p style=\"text-align: justify;\">El senador David Sandoval se refiri\u00f3 a los principales temas que, a su juicio,\u00a0 debieran ser considerados en el Presupuesto 2025, lo cual plante\u00f3 durante los \u00faltimos d\u00edas en la comisi\u00f3n mixta creada para tales efectos.<\/p>\n<p style=\"text-align: justify;\">Al respecto, el parlamentario fue claro en se\u00f1alar que para las zonas extremas australes es fundamental establecer una adecuada calendarizaci\u00f3n del gasto, se\u00f1alando que \u201cinvertir en periodos invernales es pr\u00e1cticamente imposible cuando empieza la activaci\u00f3n presupuestaria en marzo\u201d, agregando que las regiones \u201cno pueden ejecutar sus proyectos simplemente porque las condiciones, muchas veces clim\u00e1ticas, dificultan la ejecuci\u00f3n\u201d.<\/p>\n<p style=\"text-align: justify;\">En ese contexto, aclar\u00f3 que \u201cno estamos hablando de cambiar las condiciones\u201d, sino que considerar estos factores.<\/p>\n<p style=\"text-align: justify;\">Por otro lado, Sandoval reiter\u00f3 la necesidad de una conectividad terrestre eficiente, que le permita a la zona austral ser un verdadero motor del desarrollo para el pa\u00eds, enfatizando que a pesar de que la Provincia de Palena y las regiones de Ays\u00e9n y Magallanes son aproximadamente un tercio de Chile continental, aportan menos del 2% al Producto Interno Bruto (PIB) en Chile. \u201cHay causas fundamentales y esenciales. No tenemos en la zona austral una conectividad eficiente que le asegure transformarse en verdaderos motores del desarrollo\u201d, recalc\u00f3.<\/p>\n<p style=\"text-align: justify;\">Adem\u00e1s, hizo hincapi\u00e9 en las certezas jur\u00eddicas para compatibilizar las actividades productivas con su entorno, respetando los temas medioambientales. \u201cLa zona austral es eminentemente pesquera, sin embargo, la incertidumbre est\u00e1 generando una condici\u00f3n que limita, frena o simplemente posterga inversiones\u201d, subray\u00f3.<\/p>\n<p style=\"text-align: justify;\"><strong>Suelos degradados e Instrumentos de fomento productivo<\/strong><\/p>\n<p style=\"text-align: justify;\">Durante el debate en la comisi\u00f3n mixta, el parlamentario plante\u00f3 su preocupaci\u00f3n por la baja de Presupuesto para el pr\u00f3ximo a\u00f1o en INDAP y el SAG, que est\u00e1 directamente relacionado con el programa de recuperaci\u00f3n de suelos degradados, disminuci\u00f3n que termin\u00f3 siendo rechazada gracias a una indicaci\u00f3n presentada por Sandoval. \u201cEstamos muy preocupados por la baja presupuestaria y esperamos que el Ministerio de Agricultura, a trav\u00e9s del INDAP, entienda la relevancia de este tema y aumente los recursos. Tambi\u00e9n preocupa que ejecuci\u00f3n presupuestaria a agosto de este a\u00f1o en Indap es del 30% y del Sag de apenas un 2%\u201d, puntualiz\u00f3.<\/p>\n<p style=\"text-align: justify;\">Finalmente, otro de los puntos en los que hizo hincapi\u00e9 el legislador fue en la necesidad de que se perfeccionen los instrumentos de fomento productivo en regiones extremas, lo cual encontr\u00f3 disposici\u00f3n en el Ministro de Hacienda, Mario Marcel, con quien abord\u00f3 el tema la semana pasada. \u201cEsperamos se pueda avanzar en esto que hemos planteado en reiteradas ocasiones\u201d, concluy\u00f3.<\/p>\n<p style=\"text-align: justify;\">Cabe se\u00f1alar que luego que se despache el presupuesto de la comisi\u00f3n mixta, el proyecto pasa a discusi\u00f3n en la C\u00e1mara de Diputados y Diputadas, que tendr\u00e1 lugar esta semana para luego, en la semana del 18 de noviembre, ser analizado y votado en el Senado.<\/p>\n<\/div><\/section><\/div><div  style='height:50px' class='hr hr-invisible   avia-builder-el-6  el_after_av_one_full  el_before_av_social_share '><span class='hr-inner ' ><span class='hr-inner-style'><\/span><\/span><\/div><\/p>\n<div  class='av-social-sharing-box  avia-builder-el-7  el_after_av_hr  el_before_av_hr  '><div class='av-share-box'><h5 class='av-share-link-description av-no-toc '>Compartir esta noticia<\/h5><ul class='av-share-box-list noLightbox'><li class='av-share-link av-social-link-facebook' ><a target=\"_blank\" aria-label=\"Compartir en Facebook\" href='https:\/\/www.facebook.com\/sharer.php?u=https:\/\/radiorevelacionfm.cl\/?p=47866&#038;t=Sandoval%20durante%20debate%20de%20comisi%C3%B3n%20mixta%20de%20Presupuesto%202025%3A%20%20%E2%80%9CNo%20tenemos%20en%20la%20zona%20austral%20una%20conectividad%20terrestre%20eficiente%20que%20le%20permita%20transformarse%20en%20un%20verdadero%20motor%20del%20desarrollo%E2%80%9D' aria-hidden='false' data-av_icon='\ue8f3' data-av_iconfont='entypo-fontello' title='' data-avia-related-tooltip='Compartir en Facebook' rel=\"noopener\"><span class='avia_hidden_link_text'>Compartir en Facebook<\/span><\/a><\/li><li class='av-share-link av-social-link-twitter' ><a target=\"_blank\" aria-label=\"Compartir en Twitter\" href='https:\/\/twitter.com\/share?text=Sandoval%20durante%20debate%20de%20comisi%C3%B3n%20mixta%20de%20Presupuesto%202025%3A%20%20%E2%80%9CNo%20tenemos%20en%20la%20zona%20austral%20una%20conectividad%20terrestre%20eficiente%20que%20le%20permita%20transformarse%20en%20un%20verdadero%20motor%20del%20desarrollo%E2%80%9D&#038;url=https:\/\/radiorevelacionfm.cl\/?p=47866' aria-hidden='false' data-av_icon='\ue8f1' data-av_iconfont='entypo-fontello' title='' data-avia-related-tooltip='Compartir en Twitter' rel=\"noopener\"><span class='avia_hidden_link_text'>Compartir en Twitter<\/span><\/a><\/li><li class='av-share-link av-social-link-whatsapp' ><a target=\"_blank\" aria-label=\"Compartir en Whatsapp\" href='https:\/\/api.whatsapp.com\/send?text=https:\/\/radiorevelacionfm.cl\/?p=47866' aria-hidden='false' data-av_icon='\uf232' data-av_iconfont='entypo-fontello' title='' data-avia-related-tooltip='Compartir en Whatsapp' rel=\"noopener\"><span class='avia_hidden_link_text'>Compartir en Whatsapp<\/span><\/a><\/li><li class='av-share-link av-social-link-linkedin' ><a target=\"_blank\" aria-label=\"Compartir en LinkedIn\" href='https:\/\/linkedin.com\/shareArticle?mini=true&#038;title=Sandoval%20durante%20debate%20de%20comisi%C3%B3n%20mixta%20de%20Presupuesto%202025%3A%20%20%E2%80%9CNo%20tenemos%20en%20la%20zona%20austral%20una%20conectividad%20terrestre%20eficiente%20que%20le%20permita%20transformarse%20en%20un%20verdadero%20motor%20del%20desarrollo%E2%80%9D&#038;url=https:\/\/radiorevelacionfm.cl\/?p=47866' aria-hidden='false' data-av_icon='\ue8fc' data-av_iconfont='entypo-fontello' title='' data-avia-related-tooltip='Compartir en LinkedIn' rel=\"noopener\"><span class='avia_hidden_link_text'>Compartir en LinkedIn<\/span><\/a><\/li><li class='av-share-link av-social-link-mail' ><a  aria-label=\"Compartir por correo\" href='mailto:?subject=Sandoval%20durante%20debate%20de%20comisi%C3%B3n%20mixta%20de%20Presupuesto%202025%3A%20%20%E2%80%9CNo%20tenemos%20en%20la%20zona%20austral%20una%20conectividad%20terrestre%20eficiente%20que%20le%20permita%20transformarse%20en%20un%20verdadero%20motor%20del%20desarrollo%E2%80%9D&#038;body=https:\/\/radiorevelacionfm.cl\/?p=47866' aria-hidden='false' data-av_icon='\ue805' data-av_iconfont='entypo-fontello' title='' data-avia-related-tooltip='Compartir por correo'><span class='avia_hidden_link_text'>Compartir por correo<\/span><\/a><\/li><\/ul><\/div><\/div>\n<div  style='height:50px' class='hr hr-invisible   avia-builder-el-8  el_after_av_social_share  el_before_av_comments_list '><span class='hr-inner ' ><span class='hr-inner-style'><\/span><\/span><\/div>\n<div  class='av-buildercomment  av-blog-meta-html-info-disabled av-blog-meta-tag-disabled  '><\/div>\n","protected":false},"excerpt":{"rendered":"","protected":false},"author":1,"featured_media":47867,"comment_status":"open","ping_status":"open","sticky":false,"template":"","format":"standard","meta":{"footnotes":""},"categories":[35],"tags":[],"class_list":["post-47866","post","type-post","status-publish","format-standard","has-post-thumbnail","hentry","category-politica"],"jetpack_featured_media_url":"https:\/\/radiorevelacionfm.cl\/wp-content\/uploads\/2024\/11\/image-161-2.jpg","_links":{"self":[{"href":"https:\/\/radiorevelacionfm.cl\/index.php?rest_route=\/wp\/v2\/posts\/47866","targetHints":{"allow":["GET"]}}],"collection":[{"href":"https:\/\/radiorevelacionfm.cl\/index.php?rest_route=\/wp\/v2\/posts"}],"about":[{"href":"https:\/\/radiorevelacionfm.cl\/index.php?rest_route=\/wp\/v2\/types\/post"}],"author":[{"embeddable":true,"href":"https:\/\/radiorevelacionfm.cl\/index.php?rest_route=\/wp\/v2\/users\/1"}],"replies":[{"embeddable":true,"href":"https:\/\/radiorevelacionfm.cl\/index.php?rest_route=%2Fwp%2Fv2%2Fcomments&post=47866"}],"version-history":[{"count":1,"href":"https:\/\/radiorevelacionfm.cl\/index.php?rest_route=\/wp\/v2\/posts\/47866\/revisions"}],"predecessor-version":[{"id":47868,"href":"https:\/\/radiorevelacionfm.cl\/index.php?rest_route=\/wp\/v2\/posts\/47866\/revisions\/47868"}],"wp:featuredmedia":[{"embeddable":true,"href":"https:\/\/radiorevelacionfm.cl\/index.php?rest_route=\/wp\/v2\/media\/47867"}],"wp:attachment":[{"href":"https:\/\/radiorevelacionfm.cl\/index.php?rest_route=%2Fwp%2Fv2%2Fmedia&parent=47866"}],"wp:term":[{"taxonomy":"category","embeddable":true,"href":"https:\/\/radiorevelacionfm.cl\/index.php?rest_route=%2Fwp%2Fv2%2Fcategories&post=47866"},{"taxonomy":"post_tag","embeddable":true,"href":"https:\/\/radiorevelacionfm.cl\/index.php?rest_route=%2Fwp%2Fv2%2Ftags&post=47866"}],"curies":[{"name":"wp","href":"https:\/\/api.w.org\/{rel}","templated":true}]}}