{"id":47863,"date":"2024-11-11T15:26:29","date_gmt":"2024-11-11T18:26:29","guid":{"rendered":"https:\/\/radiorevelacionfm.cl\/?p=47863"},"modified":"2024-11-11T15:26:29","modified_gmt":"2024-11-11T18:26:29","slug":"entregan-material-de-difusion-del-plan-nacional-de-busqueda-de-verdad-y-justicia-a-agrupaciones-y-organizaciones-de-derechos-humanos-en-coyhaique","status":"publish","type":"post","link":"https:\/\/radiorevelacionfm.cl\/?p=47863","title":{"rendered":"Entregan material de difusi\u00f3n del Plan Nacional de B\u00fasqueda, de Verdad y Justicia a Agrupaciones y organizaciones de Derechos Humanos en Coyhaique"},"content":{"rendered":"<div class=\"flex_column av_one_full  flex_column_div av-zero-column-padding first  avia-builder-el-0  el_before_av_one_full  avia-builder-el-first  \" style='border-radius:0px; '><div  class='avia-image-container  av-styling-    avia-builder-el-1  avia-builder-el-no-sibling  avia-align-center '  itemprop=\"image\" itemscope=\"itemscope\" itemtype=\"https:\/\/schema.org\/ImageObject\"  ><div class='avia-image-container-inner'><div class='avia-image-overlay-wrap'><img decoding=\"async\" class='wp-image-47864 avia-img-lazy-loading-not-47864 avia_image' src=\"https:\/\/radiorevelacionfm.cl\/wp-content\/uploads\/2024\/11\/agrupacion-ddhh-coyhaique-2-2.jpg\" alt='' title='agrupacion ddhh coyhaique-2-2' height=\"600\" width=\"800\"  itemprop=\"thumbnailUrl\" srcset=\"https:\/\/radiorevelacionfm.cl\/wp-content\/uploads\/2024\/11\/agrupacion-ddhh-coyhaique-2-2.jpg 800w, https:\/\/radiorevelacionfm.cl\/wp-content\/uploads\/2024\/11\/agrupacion-ddhh-coyhaique-2-2-300x225.jpg 300w, https:\/\/radiorevelacionfm.cl\/wp-content\/uploads\/2024\/11\/agrupacion-ddhh-coyhaique-2-2-768x576.jpg 768w, https:\/\/radiorevelacionfm.cl\/wp-content\/uploads\/2024\/11\/agrupacion-ddhh-coyhaique-2-2-705x529.jpg 705w, https:\/\/radiorevelacionfm.cl\/wp-content\/uploads\/2024\/11\/agrupacion-ddhh-coyhaique-2-2-450x338.jpg 450w, https:\/\/radiorevelacionfm.cl\/wp-content\/uploads\/2024\/11\/agrupacion-ddhh-coyhaique-2-2-600x450.jpg 600w\" sizes=\"(max-width: 800px) 100vw, 800px\" \/><\/div><\/div><\/div><\/div><div class=\"flex_column av_one_full  flex_column_div av-zero-column-padding first  avia-builder-el-2  el_after_av_one_full  el_before_av_one_full  column-top-margin\" style='border-radius:0px; '><section class=\"av_textblock_section \"  itemscope=\"itemscope\" itemtype=\"https:\/\/schema.org\/BlogPosting\" itemprop=\"blogPost\" ><div class='avia_textblock  '   itemprop=\"text\" ><p style=\"text-align: center;\"><span style=\"font-size: 18pt;\"><strong>Entregan material de difusi\u00f3n del Plan Nacional de B\u00fasqueda, de Verdad y Justicia a Agrupaciones y organizaciones de Derechos Humanos en Coyhaique<\/strong><\/span><\/p>\n<div id=\"gtx-trans\" style=\"position: absolute; left: -50px; top: 4.31534px;\">\n<div class=\"gtx-trans-icon\"><\/div>\n<\/div>\n<\/div><\/section><\/div><div class=\"flex_column av_one_full  flex_column_div av-zero-column-padding first  avia-builder-el-4  el_after_av_one_full  el_before_av_hr  column-top-margin\" style='border-radius:0px; '><section class=\"av_textblock_section \"  itemscope=\"itemscope\" itemtype=\"https:\/\/schema.org\/BlogPosting\" itemprop=\"blogPost\" ><div class='avia_textblock  '   itemprop=\"text\" ><p style=\"text-align: justify;\">Una serie de encuentros sostuvo recientemente el seremi de Justicia y Derechos Humanos Samuel Navarro con Agrupaciones de Derechos Humanos de Coyhaique, esto con el objetivo de hacer entrega de material de difusi\u00f3n respecto al Plan Nacional de B\u00fasqueda, de Verdad y Justicia, pol\u00edtica p\u00fablica permanente en nuestro pa\u00eds que tiene por objetivo esclarecer las circunstancias de desaparici\u00f3n y\/o muerte de las personas v\u00edctimas de desaparici\u00f3n forzada.<\/p>\n<p style=\"text-align: justify;\">Respecto a estos encuentros y al trabajo que lleva adelante el plan, la presidenta de la Agrupaci\u00f3n de Derechos Humanos de Coyhaique, Mar\u00eda Erita Vera explic\u00f3 que \u201ccomo Agrupaci\u00f3n de Derechos Humanos hemos participado en una reuni\u00f3n con el Seremi de Justicia Samuel Navarro donde se nos hizo entrega\u00a0 del \u00faltimo informe sobre el trabajo y avance en la gesti\u00f3n y ejecuci\u00f3n del Plan Nacional de B\u00fasqueda, esta informaci\u00f3n es muy relevante para las agrupaciones de derechos humanos y los familiares de las v\u00edctimas de violencia del Estado y la desaparici\u00f3n forzada, este Plan de B\u00fasqueda se hace cargo de un tema que estaba pendiente en el pa\u00eds y el cual es esclarecer las circunstancias de la desaparici\u00f3n y o muerte en algunos casos de las v\u00edctimas de la desaparici\u00f3n forzada durante el periodo 1979- 1990, nos interesa de sobremanera estar al tanto de los avances, los procesos, y las estrategias que se utilizan en la ejecuci\u00f3n de este plan, es por eso que desde el nivel regional con nosotros como agrupaci\u00f3n, como tambi\u00e9n del nivel central como la coordinadora de red de sitios de memoria y de v\u00edctimas de la desaparici\u00f3n forzada estaremos en comunicaci\u00f3n continua con el Ministerio de Justicia para estar informados del avance y de los logros que ojal\u00e1 sean positivos en este Plan de B\u00fasqueda\u201d.<\/p>\n<p style=\"text-align: justify;\">Por su parte, el seremi de Justicia y Derechos Humanos, Samuel Navarro Castro explic\u00f3 que \u201ces un objetivo muy relevante de parte del Ministerio de Justicia y Derechos Humanos el poder entregar informaci\u00f3n regularmente a las agrupaciones de v\u00edctimas de violaciones a los derechos humanos en el contexto del Plan Nacional de B\u00fasqueda, Verdad y Justicia, para mantener un flujo constante de informaci\u00f3n del estado de avance del cumplimiento de los objetivos y metas comprometidas en relaci\u00f3n con esta pol\u00edtica p\u00fablica permanente, esperamos seguir sosteniendo este tipo de encuentros y de actividades con las distintas organizaciones, con las distintas v\u00edctimas y familiares porque de esta forma nos permite ir avanzando en este objetivo central que es conocer las causas y circunstancias de desaparici\u00f3n forzada, avanzar en lo posible en encontrar las v\u00edctimas de detenidos desaparecidos y reforzar todo lo que tiene que ver con memoria para no repetici\u00f3n de estos hechos. En ese sentido esta pol\u00edtica p\u00fablica permanente se mantiene en el tiempo, se refuerza con este canal de comunicaci\u00f3n y de informaci\u00f3n, nuestra dedicaci\u00f3n es mantener esta comunicaci\u00f3n fluida con las organizaciones, con los familiares y con las v\u00edctimas\u201d.<\/p>\n<p style=\"text-align: justify;\">En tanto, el Presidente de la Agrupaci\u00f3n de Ex Presos Pol\u00edticos Jos\u00e9 Felmer Klenner Abel Levicoy\u00a0 se\u00f1al\u00f3 que \u201cme alegro, porque vamos a ser parte de este plan en cuanto a poder difundirlo, ayudar a buscar informaci\u00f3n a pesar de que han pasado tantos a\u00f1os, yo creo que lo peor que le puede pasar a cada uno de nosotros es perder la memoria, as\u00ed que tenemos mucha gente amiga desaparecida y aportaremos con todo lo que est\u00e9 a nuestro alcance para poder ayudar a este plan\u201d.<\/p>\n<p style=\"text-align: justify;\">Finalmente, mencionar que, dentro de esta difusi\u00f3n, se comparte de forma peri\u00f3dica el Bolet\u00edn del Plan Nacional de B\u00fasqueda a las agrupaciones de familiares, organizaciones y sitios de memoria con informaci\u00f3n y actualizaciones en torno a la implementaci\u00f3n de esta pol\u00edtica p\u00fablica.<\/p>\n<\/div><\/section><\/div><div  style='height:50px' class='hr hr-invisible   avia-builder-el-6  el_after_av_one_full  el_before_av_social_share '><span class='hr-inner ' ><span class='hr-inner-style'><\/span><\/span><\/div><\/p>\n<div  class='av-social-sharing-box  avia-builder-el-7  el_after_av_hr  el_before_av_hr  '><div class='av-share-box'><h5 class='av-share-link-description av-no-toc '>Compartir esta noticia<\/h5><ul class='av-share-box-list noLightbox'><li class='av-share-link av-social-link-facebook' ><a target=\"_blank\" aria-label=\"Compartir en Facebook\" href='https:\/\/www.facebook.com\/sharer.php?u=https:\/\/radiorevelacionfm.cl\/?p=47863&#038;t=Entregan%20material%20de%20difusi%C3%B3n%20del%20Plan%20Nacional%20de%20B%C3%BAsqueda%2C%20de%20Verdad%20y%20Justicia%20a%20Agrupaciones%20y%20organizaciones%20de%20Derechos%20Humanos%20en%20Coyhaique' aria-hidden='false' data-av_icon='\ue8f3' data-av_iconfont='entypo-fontello' title='' data-avia-related-tooltip='Compartir en Facebook' rel=\"noopener\"><span class='avia_hidden_link_text'>Compartir en Facebook<\/span><\/a><\/li><li class='av-share-link av-social-link-twitter' ><a target=\"_blank\" aria-label=\"Compartir en Twitter\" href='https:\/\/twitter.com\/share?text=Entregan%20material%20de%20difusi%C3%B3n%20del%20Plan%20Nacional%20de%20B%C3%BAsqueda%2C%20de%20Verdad%20y%20Justicia%20a%20Agrupaciones%20y%20organizaciones%20de%20Derechos%20Humanos%20en%20Coyhaique&#038;url=https:\/\/radiorevelacionfm.cl\/?p=47863' aria-hidden='false' data-av_icon='\ue8f1' data-av_iconfont='entypo-fontello' title='' data-avia-related-tooltip='Compartir en Twitter' rel=\"noopener\"><span class='avia_hidden_link_text'>Compartir en Twitter<\/span><\/a><\/li><li class='av-share-link av-social-link-whatsapp' ><a target=\"_blank\" aria-label=\"Compartir en Whatsapp\" href='https:\/\/api.whatsapp.com\/send?text=https:\/\/radiorevelacionfm.cl\/?p=47863' aria-hidden='false' data-av_icon='\uf232' data-av_iconfont='entypo-fontello' title='' data-avia-related-tooltip='Compartir en Whatsapp' rel=\"noopener\"><span class='avia_hidden_link_text'>Compartir en Whatsapp<\/span><\/a><\/li><li class='av-share-link av-social-link-linkedin' ><a target=\"_blank\" aria-label=\"Compartir en LinkedIn\" href='https:\/\/linkedin.com\/shareArticle?mini=true&#038;title=Entregan%20material%20de%20difusi%C3%B3n%20del%20Plan%20Nacional%20de%20B%C3%BAsqueda%2C%20de%20Verdad%20y%20Justicia%20a%20Agrupaciones%20y%20organizaciones%20de%20Derechos%20Humanos%20en%20Coyhaique&#038;url=https:\/\/radiorevelacionfm.cl\/?p=47863' aria-hidden='false' data-av_icon='\ue8fc' data-av_iconfont='entypo-fontello' title='' data-avia-related-tooltip='Compartir en LinkedIn' rel=\"noopener\"><span class='avia_hidden_link_text'>Compartir en LinkedIn<\/span><\/a><\/li><li class='av-share-link av-social-link-mail' ><a  aria-label=\"Compartir por correo\" href='mailto:?subject=Entregan%20material%20de%20difusi%C3%B3n%20del%20Plan%20Nacional%20de%20B%C3%BAsqueda%2C%20de%20Verdad%20y%20Justicia%20a%20Agrupaciones%20y%20organizaciones%20de%20Derechos%20Humanos%20en%20Coyhaique&#038;body=https:\/\/radiorevelacionfm.cl\/?p=47863' aria-hidden='false' data-av_icon='\ue805' data-av_iconfont='entypo-fontello' title='' data-avia-related-tooltip='Compartir por correo'><span class='avia_hidden_link_text'>Compartir por correo<\/span><\/a><\/li><\/ul><\/div><\/div>\n<div  style='height:50px' class='hr hr-invisible   avia-builder-el-8  el_after_av_social_share  el_before_av_comments_list '><span class='hr-inner ' ><span class='hr-inner-style'><\/span><\/span><\/div>\n<div  class='av-buildercomment  av-blog-meta-html-info-disabled av-blog-meta-tag-disabled  '><\/div>\n","protected":false},"excerpt":{"rendered":"","protected":false},"author":1,"featured_media":47864,"comment_status":"open","ping_status":"open","sticky":false,"template":"","format":"standard","meta":{"footnotes":""},"categories":[55],"tags":[],"class_list":["post-47863","post","type-post","status-publish","format-standard","has-post-thumbnail","hentry","category-justicia"],"jetpack_featured_media_url":"https:\/\/radiorevelacionfm.cl\/wp-content\/uploads\/2024\/11\/agrupacion-ddhh-coyhaique-2-2.jpg","_links":{"self":[{"href":"https:\/\/radiorevelacionfm.cl\/index.php?rest_route=\/wp\/v2\/posts\/47863","targetHints":{"allow":["GET"]}}],"collection":[{"href":"https:\/\/radiorevelacionfm.cl\/index.php?rest_route=\/wp\/v2\/posts"}],"about":[{"href":"https:\/\/radiorevelacionfm.cl\/index.php?rest_route=\/wp\/v2\/types\/post"}],"author":[{"embeddable":true,"href":"https:\/\/radiorevelacionfm.cl\/index.php?rest_route=\/wp\/v2\/users\/1"}],"replies":[{"embeddable":true,"href":"https:\/\/radiorevelacionfm.cl\/index.php?rest_route=%2Fwp%2Fv2%2Fcomments&post=47863"}],"version-history":[{"count":1,"href":"https:\/\/radiorevelacionfm.cl\/index.php?rest_route=\/wp\/v2\/posts\/47863\/revisions"}],"predecessor-version":[{"id":47865,"href":"https:\/\/radiorevelacionfm.cl\/index.php?rest_route=\/wp\/v2\/posts\/47863\/revisions\/47865"}],"wp:featuredmedia":[{"embeddable":true,"href":"https:\/\/radiorevelacionfm.cl\/index.php?rest_route=\/wp\/v2\/media\/47864"}],"wp:attachment":[{"href":"https:\/\/radiorevelacionfm.cl\/index.php?rest_route=%2Fwp%2Fv2%2Fmedia&parent=47863"}],"wp:term":[{"taxonomy":"category","embeddable":true,"href":"https:\/\/radiorevelacionfm.cl\/index.php?rest_route=%2Fwp%2Fv2%2Fcategories&post=47863"},{"taxonomy":"post_tag","embeddable":true,"href":"https:\/\/radiorevelacionfm.cl\/index.php?rest_route=%2Fwp%2Fv2%2Ftags&post=47863"}],"curies":[{"name":"wp","href":"https:\/\/api.w.org\/{rel}","templated":true}]}}