{"id":47860,"date":"2024-11-11T13:10:04","date_gmt":"2024-11-11T16:10:04","guid":{"rendered":"https:\/\/radiorevelacionfm.cl\/?p=47860"},"modified":"2024-11-11T13:10:04","modified_gmt":"2024-11-11T16:10:04","slug":"refugio-macales-es-elegida-como-la-empresa-destacada-del-ano-2024-de-aysen-en-el-inicio-a-la-semana-de-las-mipymes-y-cooperativas-2024","status":"publish","type":"post","link":"https:\/\/radiorevelacionfm.cl\/?p=47860","title":{"rendered":"Refugio Macales es elegida como la empresa destacada del a\u00f1o 2024 de Ays\u00e9n en el inicio a la Semana de las MiPymes y Cooperativas 2024"},"content":{"rendered":"<div class=\"flex_column av_one_full  flex_column_div av-zero-column-padding first  avia-builder-el-0  el_before_av_one_full  avia-builder-el-first  \" style='border-radius:0px; '><div  class='avia-image-container  av-styling-    avia-builder-el-1  avia-builder-el-no-sibling  avia-align-center '  itemprop=\"image\" itemscope=\"itemscope\" itemtype=\"https:\/\/schema.org\/ImageObject\"  ><div class='avia-image-container-inner'><div class='avia-image-overlay-wrap'><img decoding=\"async\" class='wp-image-47861 avia-img-lazy-loading-not-47861 avia_image' src=\"https:\/\/radiorevelacionfm.cl\/wp-content\/uploads\/2024\/11\/Refugio-Macales-3-2-2.jpeg\" alt='' title='Refugio Macales 3-2-2' height=\"600\" width=\"882\"  itemprop=\"thumbnailUrl\" srcset=\"https:\/\/radiorevelacionfm.cl\/wp-content\/uploads\/2024\/11\/Refugio-Macales-3-2-2.jpeg 882w, https:\/\/radiorevelacionfm.cl\/wp-content\/uploads\/2024\/11\/Refugio-Macales-3-2-2-300x204.jpeg 300w, https:\/\/radiorevelacionfm.cl\/wp-content\/uploads\/2024\/11\/Refugio-Macales-3-2-2-768x522.jpeg 768w, https:\/\/radiorevelacionfm.cl\/wp-content\/uploads\/2024\/11\/Refugio-Macales-3-2-2-705x480.jpeg 705w, https:\/\/radiorevelacionfm.cl\/wp-content\/uploads\/2024\/11\/Refugio-Macales-3-2-2-450x306.jpeg 450w, https:\/\/radiorevelacionfm.cl\/wp-content\/uploads\/2024\/11\/Refugio-Macales-3-2-2-600x408.jpeg 600w\" sizes=\"(max-width: 882px) 100vw, 882px\" \/><\/div><\/div><\/div><\/div><div class=\"flex_column av_one_full  flex_column_div av-zero-column-padding first  avia-builder-el-2  el_after_av_one_full  el_before_av_one_full  column-top-margin\" style='border-radius:0px; '><section class=\"av_textblock_section \"  itemscope=\"itemscope\" itemtype=\"https:\/\/schema.org\/BlogPosting\" itemprop=\"blogPost\" ><div class='avia_textblock  '   itemprop=\"text\" ><p style=\"text-align: center;\"><strong><span style=\"font-size: 18pt;\">Refugio Macales es elegida como la empresa destacada del a\u00f1o 2024 de Ays\u00e9n en el inicio a la Semana de las MiPymes y Cooperativas 2024<\/span><\/strong><\/p>\n<div id=\"gtx-trans\" style=\"position: absolute; left: -50px; top: 4.31534px;\">\n<div class=\"gtx-trans-icon\"><\/div>\n<\/div>\n<\/div><\/section><\/div><div class=\"flex_column av_one_full  flex_column_div av-zero-column-padding first  avia-builder-el-4  el_after_av_one_full  el_before_av_hr  column-top-margin\" style='border-radius:0px; '><section class=\"av_textblock_section \"  itemscope=\"itemscope\" itemtype=\"https:\/\/schema.org\/BlogPosting\" itemprop=\"blogPost\" ><div class='avia_textblock  '   itemprop=\"text\" ><ul>\n<li style=\"text-align: justify;\">Refugio Macales , empresa con m\u00e1s de 3 a\u00f1os de experiencia en la entrega de servicios tur\u00edsticos, fue galardonada por Sercotec en \u00a0el inicio de la Semana de las Mipymes y cooperativas a\u00f1o 2024, realizada en Santiago de Chile junto a otras 15 empresas destacadas de todas las \u00a0regiones del pa\u00eds.<\/li>\n<li style=\"text-align: justify;\">Evento impulsado por Sercotec reuni\u00f3 a m\u00e1s de 750 asistentes en la Estaci\u00f3n Mapocho de Santiago, en una instancia que cont\u00f3 con una feria de micro y peque\u00f1as empresas, adem\u00e1s de ruedas de negocios para conectarlas con grandes compradores.<\/li>\n<\/ul>\n<p style=\"text-align: justify;\">Con la presencia de altas autoridades del pa\u00eds, encabezadas por el Presidente de la Rep\u00fablica Gabriel Boric, se dio inicio en Santiago a la Semana de la Mipymes y Cooperativas , celebraci\u00f3n que, con diversas actividades, busca reconocer la contribuci\u00f3n que hacen las micro, peque\u00f1as y medianas empresas al progreso de Chile y su econom\u00eda.<\/p>\n<p style=\"text-align: justify;\">\u00abQueremos reafirmar nuestro f\u00e9rreo apoyo a este sector e invitarlos a seguir trabajando unidos porque, como dice el lema de este encuentro, ustedes, peque\u00f1os y peque\u00f1as emprendedores, las cooperativas durante tanto tiempo alejadas de las prioridades del Gobierno y hoy en el centro de la preocupaci\u00f3n del Ministerio de Econom\u00eda, son la red que impulsa a Chile\u00bb se\u00f1al\u00f3 el <strong>Presidente Gabriel Boric<\/strong> en la ceremonia inaugural de la actividad.<\/p>\n<p style=\"text-align: justify;\">La inauguraci\u00f3n cont\u00f3 con la presencia del ministro de Econom\u00eda, Fomento y Turismo, Nicol\u00e1s Grau; el ministro de Agricultura, Esteban Valenzuela; la subsecretaria de Econom\u00eda y Empresas de Menor Tama\u00f1o, Javiera Petersen; la gerenta general de Sercotec, Mar\u00eda Jos\u00e9 Becerra; autoridades de Gobierno; parlamentarios, y equipos diplom\u00e1ticos, junto a empresarios y empresarias de diversas regiones del pa\u00eds.<\/p>\n<p style=\"text-align: justify;\">En el evento, se distingui\u00f3 a 16 empresas y cooperativas, una de cada regi\u00f3n del pa\u00eds, elegidas tras un proceso de selecci\u00f3n regional y luego nacional, caracterizadas por un desempe\u00f1o excepcional.<\/p>\n<p style=\"text-align: justify;\">\u201cEstamos muy contentos de haber podido galardonar a 16 empresas que son un ejemplo para cada regi\u00f3n de nuestro pa\u00eds. Son empresarios y empresarias que, con esfuerzo y con el aporte y apoyo de la red de fomento productivo en Chile, han logrado efectivamente dar un avance no solo para sus vidas, sino que para el desarrollo econ\u00f3mico local, regional y nacional\u201d, se\u00f1al\u00f3 la <strong>gerenta general de Sercotec, Mar\u00eda Jos\u00e9 Becerra Moro<\/strong>, quien a\u00f1adi\u00f3 sobre el evento que \u201ceste encuentro tan importante con el que damos inicio a la Semana de las Mipymes y Cooperativas nos permite tomarle la mano a esos empresarios y empresarias para que puedan crecer y aumentar su productividad, abrir mercados, hacer encadenamientos productivos con la gran industria y generar mejores posibilidades para sus negocios\u201d.<\/p>\n<p style=\"text-align: justify;\">La empresa distinguida en la Regi\u00f3n de Ays\u00e9n Refugio Macales, es una empresa de alojamiento ecotur\u00edstico que se encuentra en sector Viviana Norte en Puerto Ays\u00e9n, es una propiedad familiar a orillas del r\u00edo Ma\u00f1ihuales en plena naturaleza donde existen eco-caba\u00f1as ya funcionando para turistas que visitan la localidad y buscan desconectarse de la ciudad, el refugio destaca por ser un alojamiento ecol\u00f3gico, su cofundadora Camila Gonz\u00e1lez tuvo la posibilidad de entregar sus palabras en tan importante ceremonia y se\u00f1alo:<\/p>\n<p style=\"text-align: justify;\">\u201cPara m\u00ed fue un honor, me sent\u00ed muy afortunada de ser parte de esta instancia y poder representar a nuestra regi\u00f3n fue emocionante, el permitirme entregar unas palabras a mis pares fue fant\u00e1stico, agradezco mucho el apoyo de Sercotec, del Centro de negocios Sercotec de Puerto Ays\u00e9n, de mi familia y amigos, esto nos ha permitido como empresa crecer y transform\u00e1ndonos en ser una empresa reconocida como ecol\u00f3gica respetuosa con el medio ambiente y colaborativa y como se\u00f1ale inicialmente hay una frase que me mueve y esta es,\u00a0 los sue\u00f1os\u00a0 son m\u00e1s grandes que las excusas. \u201d, indic\u00f3 Camila Gonz\u00e1lez de Refugio\u00a0 Macales.<\/p>\n<p style=\"text-align: justify;\">Finalmente, Nelly Vargas Mansilla directora regional de Sercotec en la regi\u00f3n de Ays\u00e9n, se\u00f1alo:<\/p>\n<p style=\"text-align: justify;\">\u201c Nos sentimos muy orgullosas y orgullosos de ver a una de las empresa de nuestra regi\u00f3n siendo reconocida y galardonada, esto nos desaf\u00eda a prepararnos para entregar el m\u00e1ximo de herramientas necesarias\u00a0 en el apoyo a las Micro\u00a0 y peque\u00f1as empresas y a las cooperativas de nuestra regi\u00f3n, el que hoy sea destacada\u00a0 la empresa Refugio Macales nos reconforta, ya que es el resultado\u00a0 de un arduo y largo trabajo \u00a0de la empresa en\u00a0 apoyo de nuestro centro de negocio de puerto Ays\u00e9n y los resultados son espectaculares siendo Refugio Macales reconocida como un servicio tur\u00edstico ecol\u00f3gico, y sostenible\u201d<\/p>\n<\/div><\/section><\/div><div  style='height:50px' class='hr hr-invisible   avia-builder-el-6  el_after_av_one_full  el_before_av_social_share '><span class='hr-inner ' ><span class='hr-inner-style'><\/span><\/span><\/div><\/p>\n<div  class='av-social-sharing-box  avia-builder-el-7  el_after_av_hr  el_before_av_hr  '><div class='av-share-box'><h5 class='av-share-link-description av-no-toc '>Compartir esta noticia<\/h5><ul class='av-share-box-list noLightbox'><li class='av-share-link av-social-link-facebook' ><a target=\"_blank\" aria-label=\"Compartir en Facebook\" href='https:\/\/www.facebook.com\/sharer.php?u=https:\/\/radiorevelacionfm.cl\/?p=47860&#038;t=Refugio%20Macales%20es%20elegida%20como%20la%20empresa%20destacada%20del%20a%C3%B1o%202024%20de%20Ays%C3%A9n%20en%20el%20inicio%20a%20la%20Semana%20de%20las%20MiPymes%20y%20Cooperativas%202024' aria-hidden='false' data-av_icon='\ue8f3' data-av_iconfont='entypo-fontello' title='' data-avia-related-tooltip='Compartir en Facebook' rel=\"noopener\"><span class='avia_hidden_link_text'>Compartir en Facebook<\/span><\/a><\/li><li class='av-share-link av-social-link-twitter' ><a target=\"_blank\" aria-label=\"Compartir en Twitter\" href='https:\/\/twitter.com\/share?text=Refugio%20Macales%20es%20elegida%20como%20la%20empresa%20destacada%20del%20a%C3%B1o%202024%20de%20Ays%C3%A9n%20en%20el%20inicio%20a%20la%20Semana%20de%20las%20MiPymes%20y%20Cooperativas%202024&#038;url=https:\/\/radiorevelacionfm.cl\/?p=47860' aria-hidden='false' data-av_icon='\ue8f1' data-av_iconfont='entypo-fontello' title='' data-avia-related-tooltip='Compartir en Twitter' rel=\"noopener\"><span class='avia_hidden_link_text'>Compartir en Twitter<\/span><\/a><\/li><li class='av-share-link av-social-link-whatsapp' ><a target=\"_blank\" aria-label=\"Compartir en Whatsapp\" href='https:\/\/api.whatsapp.com\/send?text=https:\/\/radiorevelacionfm.cl\/?p=47860' aria-hidden='false' data-av_icon='\uf232' data-av_iconfont='entypo-fontello' title='' data-avia-related-tooltip='Compartir en Whatsapp' rel=\"noopener\"><span class='avia_hidden_link_text'>Compartir en Whatsapp<\/span><\/a><\/li><li class='av-share-link av-social-link-linkedin' ><a target=\"_blank\" aria-label=\"Compartir en LinkedIn\" href='https:\/\/linkedin.com\/shareArticle?mini=true&#038;title=Refugio%20Macales%20es%20elegida%20como%20la%20empresa%20destacada%20del%20a%C3%B1o%202024%20de%20Ays%C3%A9n%20en%20el%20inicio%20a%20la%20Semana%20de%20las%20MiPymes%20y%20Cooperativas%202024&#038;url=https:\/\/radiorevelacionfm.cl\/?p=47860' aria-hidden='false' data-av_icon='\ue8fc' data-av_iconfont='entypo-fontello' title='' data-avia-related-tooltip='Compartir en LinkedIn' rel=\"noopener\"><span class='avia_hidden_link_text'>Compartir en LinkedIn<\/span><\/a><\/li><li class='av-share-link av-social-link-mail' ><a  aria-label=\"Compartir por correo\" href='mailto:?subject=Refugio%20Macales%20es%20elegida%20como%20la%20empresa%20destacada%20del%20a%C3%B1o%202024%20de%20Ays%C3%A9n%20en%20el%20inicio%20a%20la%20Semana%20de%20las%20MiPymes%20y%20Cooperativas%202024&#038;body=https:\/\/radiorevelacionfm.cl\/?p=47860' aria-hidden='false' data-av_icon='\ue805' data-av_iconfont='entypo-fontello' title='' data-avia-related-tooltip='Compartir por correo'><span class='avia_hidden_link_text'>Compartir por correo<\/span><\/a><\/li><\/ul><\/div><\/div>\n<div  style='height:50px' class='hr hr-invisible   avia-builder-el-8  el_after_av_social_share  el_before_av_comments_list '><span class='hr-inner ' ><span class='hr-inner-style'><\/span><\/span><\/div>\n<div  class='av-buildercomment  av-blog-meta-html-info-disabled av-blog-meta-tag-disabled  '><\/div>\n","protected":false},"excerpt":{"rendered":"","protected":false},"author":1,"featured_media":47861,"comment_status":"open","ping_status":"open","sticky":false,"template":"","format":"standard","meta":{"footnotes":""},"categories":[38],"tags":[],"class_list":["post-47860","post","type-post","status-publish","format-standard","has-post-thumbnail","hentry","category-regional"],"jetpack_featured_media_url":"https:\/\/radiorevelacionfm.cl\/wp-content\/uploads\/2024\/11\/Refugio-Macales-3-2-2.jpeg","_links":{"self":[{"href":"https:\/\/radiorevelacionfm.cl\/index.php?rest_route=\/wp\/v2\/posts\/47860","targetHints":{"allow":["GET"]}}],"collection":[{"href":"https:\/\/radiorevelacionfm.cl\/index.php?rest_route=\/wp\/v2\/posts"}],"about":[{"href":"https:\/\/radiorevelacionfm.cl\/index.php?rest_route=\/wp\/v2\/types\/post"}],"author":[{"embeddable":true,"href":"https:\/\/radiorevelacionfm.cl\/index.php?rest_route=\/wp\/v2\/users\/1"}],"replies":[{"embeddable":true,"href":"https:\/\/radiorevelacionfm.cl\/index.php?rest_route=%2Fwp%2Fv2%2Fcomments&post=47860"}],"version-history":[{"count":1,"href":"https:\/\/radiorevelacionfm.cl\/index.php?rest_route=\/wp\/v2\/posts\/47860\/revisions"}],"predecessor-version":[{"id":47862,"href":"https:\/\/radiorevelacionfm.cl\/index.php?rest_route=\/wp\/v2\/posts\/47860\/revisions\/47862"}],"wp:featuredmedia":[{"embeddable":true,"href":"https:\/\/radiorevelacionfm.cl\/index.php?rest_route=\/wp\/v2\/media\/47861"}],"wp:attachment":[{"href":"https:\/\/radiorevelacionfm.cl\/index.php?rest_route=%2Fwp%2Fv2%2Fmedia&parent=47860"}],"wp:term":[{"taxonomy":"category","embeddable":true,"href":"https:\/\/radiorevelacionfm.cl\/index.php?rest_route=%2Fwp%2Fv2%2Fcategories&post=47860"},{"taxonomy":"post_tag","embeddable":true,"href":"https:\/\/radiorevelacionfm.cl\/index.php?rest_route=%2Fwp%2Fv2%2Ftags&post=47860"}],"curies":[{"name":"wp","href":"https:\/\/api.w.org\/{rel}","templated":true}]}}