{"id":4786,"date":"2021-06-01T19:44:50","date_gmt":"2021-06-01T22:44:50","guid":{"rendered":"https:\/\/radiorevelacionfm.cl\/?p=4786"},"modified":"2021-06-01T19:44:50","modified_gmt":"2021-06-01T22:44:50","slug":"abren-programa-desarrolla-inversion-de-corfo-para-reactivar-las-pymes-de-cisnes-y-lago-verde","status":"publish","type":"post","link":"https:\/\/radiorevelacionfm.cl\/?p=4786","title":{"rendered":"Abren programa Desarrolla Inversi\u00f3n de Corfo para reactivar las pymes de Cisnes y Lago Verde"},"content":{"rendered":"<div class=\"flex_column av_one_full  flex_column_div av-zero-column-padding first  avia-builder-el-0  el_before_av_one_full  avia-builder-el-first  \" style='border-radius:0px; '><div  class='avia-image-container  av-styling-    avia-builder-el-1  avia-builder-el-no-sibling  avia-align-center '  itemprop=\"image\" itemscope=\"itemscope\" itemtype=\"https:\/\/schema.org\/ImageObject\"  ><div class='avia-image-container-inner'><div class='avia-image-overlay-wrap'><img decoding=\"async\" class='wp-image-0 avia-img-lazy-loading-not-0 avia_image' src=\"https:\/\/radiorevelacionfm.cl\/wp-content\/uploads\/2021\/06\/Acelera-Ddesarrolla-Inversion-1-1.jpg\" alt='' title=''   itemprop=\"thumbnailUrl\"  \/><\/div><\/div><\/div><\/div><div class=\"flex_column av_one_full  flex_column_div av-zero-column-padding first  avia-builder-el-2  el_after_av_one_full  el_before_av_one_full  column-top-margin\" style='border-radius:0px; '><section class=\"av_textblock_section \"  itemscope=\"itemscope\" itemtype=\"https:\/\/schema.org\/BlogPosting\" itemprop=\"blogPost\" ><div class='avia_textblock  '   itemprop=\"text\" ><p style=\"text-align: center;\"><strong><span style=\"font-size: 18pt;\">Abren programa Desarrolla Inversi\u00f3n de Corfo para reactivar las pymes de Cisnes y Lago Verde<\/span><\/strong><\/p>\n<div id=\"gtx-trans\" style=\"position: absolute; left: -50px; top: 4.31534px;\">\n<div class=\"gtx-trans-icon\"><\/div>\n<\/div>\n<\/div><\/section><\/div><div class=\"flex_column av_one_full  flex_column_div av-zero-column-padding first  avia-builder-el-4  el_after_av_one_full  el_before_av_hr  column-top-margin\" style='border-radius:0px; '><section class=\"av_textblock_section \"  itemscope=\"itemscope\" itemtype=\"https:\/\/schema.org\/BlogPosting\" itemprop=\"blogPost\" ><div class='avia_textblock  '   itemprop=\"text\" ><p style=\"font-weight: 400; text-align: justify;\">Con el objetivo de apoyar la materializaci\u00f3n de inversiones productivas y de servicios, Corfo abri\u00f3 el concurso Desarrolla Inversi\u00f3n, focalizado en las comunas de Cisnes y Lago Verde, donde se ejecuta el programa Acelera, poniendo a disposici\u00f3n un total de 200 millones de pesos para apoyar proyectos que postulen a esta convocatoria.<\/p>\n<p style=\"font-weight: 400; text-align: justify;\">As\u00ed lo inform\u00f3 el director de Corfo Ays\u00e9n, Omar Mu\u00f1oz Sierra, indicando que este es un instrumento atractivo para las empresas que requieren adquirir activos fijos y\/o infraestructura y que forman parte del programa Acelera. \u201cEl programa Desarrolla Inversi\u00f3n, permite apoyar la inversi\u00f3n privada y fortalecer proyectos de inversi\u00f3n que sean acelerables, es decir, iniciativas que\u00a0tengan un alto potencial de crecimiento y exportaci\u00f3n. Queremos\u00a0mejorar la competitividad de las mipymes de las comunas de Cisnes y Lago Verde, contribuyendo con ello a la reactivaci\u00f3n de la econom\u00eda regional\u201d.<\/p>\n<p style=\"font-weight: 400; text-align: justify;\">Mu\u00f1oz detall\u00f3 que \u201clo que estamos haciendo con esta convocatoria es seguir avanzando en nuestro compromiso con los territorios m\u00e1s rezagados de nuestra regi\u00f3n. Con el programa Acelera y este instrumento buscamos apoyar emprendimientos que se vinculen con los ejes de desarrollo productivo de la regi\u00f3n, incidiendo en la expansi\u00f3n de oportunidades para emprendedores y emprendedoras, ampliando nuestra base econ\u00f3mica\u201d.<\/p>\n<p style=\"font-weight: 400; text-align: justify;\"><strong>APOYO A LA INVERSI\u00d3N PRODUCTIVA<\/strong><\/p>\n<p style=\"font-weight: 400; text-align: justify;\">El programa tiene como objetivo central apoyar la materializaci\u00f3n de inversiones productivas y de servicios con potencial de generaci\u00f3n de externalidades positivas, mediante un cofinanciamiento para la adquisici\u00f3n de activo fijo, habilitaci\u00f3n de infraestructura productiva y\/o fortalecer un proyecto de inversi\u00f3n acelerable.<\/p>\n<p style=\"font-weight: 400; text-align: justify;\">Corfo cofinanciar\u00e1 hasta el 60% del costo total de cada proyecto, con tope de $25.000.000, y hasta un 70% del costo total del proyecto, con un tope de $25.000.000 para empresas y\/o Cooperativas de base ind\u00edgena.<\/p>\n<p style=\"font-weight: 400; text-align: justify;\">Las bases se encuentran disponibles en\u00a0<a href=\"http:\/\/www.corfo.cl\/\" data-saferedirecturl=\"https:\/\/www.google.com\/url?q=http:\/\/www.corfo.cl&amp;source=gmail&amp;ust=1622672331963000&amp;usg=AFQjCNE-983j901uQdLJEYQQYrmwVLNUAQ\">www.corfo.cl<\/a>. Las postulaciones cierran el 18 de junio, a las 15:00 horas.<\/p>\n<p style=\"font-weight: 400; text-align: justify;\">M\u00e1s informaci\u00f3n en oficinas de CODESSER, ubicadas en calle Freire n\u00b0 98, Coyhaique &#8211; Tel\u00e9fono 67 2 231320 \u2013 67 2 244692 o al correo\u00a0<a href=\"mailto:desarrollo.coyhaique@codesser.cl\">desarrollo.coyhaique@codesser.cl<\/a><\/p>\n<\/div><\/section><\/div><div  style='height:50px' class='hr hr-invisible   avia-builder-el-6  el_after_av_one_full  el_before_av_social_share '><span class='hr-inner ' ><span class='hr-inner-style'><\/span><\/span><\/div><\/p>\n<div  class='av-social-sharing-box  avia-builder-el-7  el_after_av_hr  el_before_av_hr  '><div class='av-share-box'><h5 class='av-share-link-description av-no-toc '>Compartir esta noticia<\/h5><ul class='av-share-box-list noLightbox'><li class='av-share-link av-social-link-facebook' ><a target=\"_blank\" aria-label=\"Compartir en Facebook\" href='https:\/\/www.facebook.com\/sharer.php?u=https:\/\/radiorevelacionfm.cl\/?p=4786&#038;t=Abren%20programa%20Desarrolla%20Inversi%C3%B3n%20de%20Corfo%20para%20reactivar%20las%20pymes%20de%20Cisnes%20y%20Lago%20Verde' aria-hidden='false' data-av_icon='\ue8f3' data-av_iconfont='entypo-fontello' title='' data-avia-related-tooltip='Compartir en Facebook' rel=\"noopener\"><span class='avia_hidden_link_text'>Compartir en Facebook<\/span><\/a><\/li><li class='av-share-link av-social-link-twitter' ><a target=\"_blank\" aria-label=\"Compartir en Twitter\" href='https:\/\/twitter.com\/share?text=Abren%20programa%20Desarrolla%20Inversi%C3%B3n%20de%20Corfo%20para%20reactivar%20las%20pymes%20de%20Cisnes%20y%20Lago%20Verde&#038;url=https:\/\/radiorevelacionfm.cl\/?p=4786' aria-hidden='false' data-av_icon='\ue8f1' data-av_iconfont='entypo-fontello' title='' data-avia-related-tooltip='Compartir en Twitter' rel=\"noopener\"><span class='avia_hidden_link_text'>Compartir en Twitter<\/span><\/a><\/li><li class='av-share-link av-social-link-whatsapp' ><a target=\"_blank\" aria-label=\"Compartir en Whatsapp\" href='https:\/\/api.whatsapp.com\/send?text=https:\/\/radiorevelacionfm.cl\/?p=4786' aria-hidden='false' data-av_icon='\uf232' data-av_iconfont='entypo-fontello' title='' data-avia-related-tooltip='Compartir en Whatsapp' rel=\"noopener\"><span class='avia_hidden_link_text'>Compartir en Whatsapp<\/span><\/a><\/li><li class='av-share-link av-social-link-linkedin' ><a target=\"_blank\" aria-label=\"Compartir en LinkedIn\" href='https:\/\/linkedin.com\/shareArticle?mini=true&#038;title=Abren%20programa%20Desarrolla%20Inversi%C3%B3n%20de%20Corfo%20para%20reactivar%20las%20pymes%20de%20Cisnes%20y%20Lago%20Verde&#038;url=https:\/\/radiorevelacionfm.cl\/?p=4786' aria-hidden='false' data-av_icon='\ue8fc' data-av_iconfont='entypo-fontello' title='' data-avia-related-tooltip='Compartir en LinkedIn' rel=\"noopener\"><span class='avia_hidden_link_text'>Compartir en LinkedIn<\/span><\/a><\/li><li class='av-share-link av-social-link-mail' ><a  aria-label=\"Compartir por correo\" href='mailto:?subject=Abren%20programa%20Desarrolla%20Inversi%C3%B3n%20de%20Corfo%20para%20reactivar%20las%20pymes%20de%20Cisnes%20y%20Lago%20Verde&#038;body=https:\/\/radiorevelacionfm.cl\/?p=4786' aria-hidden='false' data-av_icon='\ue805' data-av_iconfont='entypo-fontello' title='' data-avia-related-tooltip='Compartir por correo'><span class='avia_hidden_link_text'>Compartir por correo<\/span><\/a><\/li><\/ul><\/div><\/div>\n<div  style='height:50px' class='hr hr-invisible   avia-builder-el-8  el_after_av_social_share  el_before_av_comments_list '><span class='hr-inner ' ><span class='hr-inner-style'><\/span><\/span><\/div>\n<div  class='av-buildercomment  av-blog-meta-html-info-disabled av-blog-meta-tag-disabled  '><\/div>\n","protected":false},"excerpt":{"rendered":"","protected":false},"author":1,"featured_media":0,"comment_status":"open","ping_status":"open","sticky":false,"template":"","format":"standard","meta":{"footnotes":""},"categories":[37],"tags":[],"class_list":["post-4786","post","type-post","status-publish","format-standard","hentry","category-economia"],"jetpack_featured_media_url":"","_links":{"self":[{"href":"https:\/\/radiorevelacionfm.cl\/index.php?rest_route=\/wp\/v2\/posts\/4786","targetHints":{"allow":["GET"]}}],"collection":[{"href":"https:\/\/radiorevelacionfm.cl\/index.php?rest_route=\/wp\/v2\/posts"}],"about":[{"href":"https:\/\/radiorevelacionfm.cl\/index.php?rest_route=\/wp\/v2\/types\/post"}],"author":[{"embeddable":true,"href":"https:\/\/radiorevelacionfm.cl\/index.php?rest_route=\/wp\/v2\/users\/1"}],"replies":[{"embeddable":true,"href":"https:\/\/radiorevelacionfm.cl\/index.php?rest_route=%2Fwp%2Fv2%2Fcomments&post=4786"}],"version-history":[{"count":1,"href":"https:\/\/radiorevelacionfm.cl\/index.php?rest_route=\/wp\/v2\/posts\/4786\/revisions"}],"predecessor-version":[{"id":4788,"href":"https:\/\/radiorevelacionfm.cl\/index.php?rest_route=\/wp\/v2\/posts\/4786\/revisions\/4788"}],"wp:attachment":[{"href":"https:\/\/radiorevelacionfm.cl\/index.php?rest_route=%2Fwp%2Fv2%2Fmedia&parent=4786"}],"wp:term":[{"taxonomy":"category","embeddable":true,"href":"https:\/\/radiorevelacionfm.cl\/index.php?rest_route=%2Fwp%2Fv2%2Fcategories&post=4786"},{"taxonomy":"post_tag","embeddable":true,"href":"https:\/\/radiorevelacionfm.cl\/index.php?rest_route=%2Fwp%2Fv2%2Ftags&post=4786"}],"curies":[{"name":"wp","href":"https:\/\/api.w.org\/{rel}","templated":true}]}}