{"id":47858,"date":"2024-11-11T10:11:57","date_gmt":"2024-11-11T13:11:57","guid":{"rendered":"https:\/\/radiorevelacionfm.cl\/?p=47858"},"modified":"2024-11-11T10:11:57","modified_gmt":"2024-11-11T13:11:57","slug":"homicidio-en-sector-el-salto-fiscalia-formaliza-investigacion-en-contra-de-imputada-de-28-anos","status":"publish","type":"post","link":"https:\/\/radiorevelacionfm.cl\/?p=47858","title":{"rendered":"Homicidio en sector El Salto: Fiscal\u00eda formaliza investigaci\u00f3n en contra de imputada de 28 a\u00f1os"},"content":{"rendered":"<div class=\"flex_column av_one_full  flex_column_div av-zero-column-padding first  avia-builder-el-0  el_before_av_one_full  avia-builder-el-first  \" style='border-radius:0px; '><div  class='avia-image-container  av-styling-    avia-builder-el-1  avia-builder-el-no-sibling  avia-align-center '  itemprop=\"image\" itemscope=\"itemscope\" itemtype=\"https:\/\/schema.org\/ImageObject\"  ><div class='avia-image-container-inner'><div class='avia-image-overlay-wrap'><img decoding=\"async\" class='wp-image-41534 avia-img-lazy-loading-not-41534 avia_image' src=\"https:\/\/radiorevelacionfm.cl\/wp-content\/uploads\/2024\/04\/Fiscalia_2024-2-1-1.jpg\" alt='' title='Fiscalia_2024 (2) (1) (1)' height=\"600\" width=\"900\"  itemprop=\"thumbnailUrl\" srcset=\"https:\/\/radiorevelacionfm.cl\/wp-content\/uploads\/2024\/04\/Fiscalia_2024-2-1-1.jpg 900w, https:\/\/radiorevelacionfm.cl\/wp-content\/uploads\/2024\/04\/Fiscalia_2024-2-1-1-300x200.jpg 300w, https:\/\/radiorevelacionfm.cl\/wp-content\/uploads\/2024\/04\/Fiscalia_2024-2-1-1-768x512.jpg 768w, https:\/\/radiorevelacionfm.cl\/wp-content\/uploads\/2024\/04\/Fiscalia_2024-2-1-1-705x470.jpg 705w, https:\/\/radiorevelacionfm.cl\/wp-content\/uploads\/2024\/04\/Fiscalia_2024-2-1-1-450x300.jpg 450w, https:\/\/radiorevelacionfm.cl\/wp-content\/uploads\/2024\/04\/Fiscalia_2024-2-1-1-600x400.jpg 600w\" sizes=\"(max-width: 900px) 100vw, 900px\" \/><\/div><\/div><\/div><\/div><div class=\"flex_column av_one_full  flex_column_div av-zero-column-padding first  avia-builder-el-2  el_after_av_one_full  el_before_av_one_full  column-top-margin\" style='border-radius:0px; '><section class=\"av_textblock_section \"  itemscope=\"itemscope\" itemtype=\"https:\/\/schema.org\/BlogPosting\" itemprop=\"blogPost\" ><div class='avia_textblock  '   itemprop=\"text\" ><p style=\"text-align: center;\"><span style=\"font-size: 18pt;\"><b>Homicidio en sector El Salto: Fiscal\u00eda formaliza investigaci\u00f3n en contra de imputada de 28 a\u00f1os<\/b><\/span><\/p>\n<div id=\"gtx-trans\" style=\"position: absolute; left: -50px; top: 4.31534px;\">\n<div class=\"gtx-trans-icon\"><\/div>\n<\/div>\n<\/div><\/section><\/div><div class=\"flex_column av_one_full  flex_column_div av-zero-column-padding first  avia-builder-el-4  el_after_av_one_full  el_before_av_hr  column-top-margin\" style='border-radius:0px; '><section class=\"av_textblock_section \"  itemscope=\"itemscope\" itemtype=\"https:\/\/schema.org\/BlogPosting\" itemprop=\"blogPost\" ><div class='avia_textblock  '   itemprop=\"text\" ><p style=\"text-align: justify;\">En este caso, el tribunal estim\u00f3 que exist\u00edan antecedentes sobre una eventual enajenaci\u00f3n de la detenida, por lo cual se dispuso la internaci\u00f3n provisoria en la Unidad Psiqui\u00e1trica del Hospital Regional de Coyhaique, a la espera del peritaje respectivo.<\/p>\n<p style=\"text-align: justify;\">La Fiscal\u00eda Local de Ays\u00e9n formaliz\u00f3 una investigaci\u00f3n en contra de una imputada de 28 a\u00f1os, por el delito de homicidio simple de un hombre de 59 a\u00f1os, hecho que qued\u00f3 al descubierto el domingo 22 de septiembre en el sector El Salto, en la ruta Ch-240 que conecta Puerto Ays\u00e9n con Puerto Chacabuco. La imputada, tras un proceso investigativo desplegado por la PDI, fue detenida el viernes reci\u00e9n pasado, el s\u00e1bado se efectu\u00f3 la audiencia de control de la detenci\u00f3n y el domingo fue formalizada ante el Juzgado de Garant\u00eda de Puerto Ays\u00e9n, seg\u00fan explic\u00f3 el fiscal Alex Olivero N\u00fa\u00f1ez.<\/p>\n<p style=\"text-align: justify;\">Sobre este caso, el persecutor penal manifest\u00f3 que \u201ccon una solicitud verbal de detenci\u00f3n otorgada por el Juzgado de Letras y Garant\u00eda de Puerto Ays\u00e9n, la Polic\u00eda de Investigaciones a cargo de las diligencias, la Brigada de Homicidios y de Investigaci\u00f3n Criminal de Puerto Ays\u00e9n, procedieron a la detenci\u00f3n de una imputada por el delito de homicidio\u201d.<\/p>\n<p style=\"text-align: justify;\">El fiscal Alex Olivero agreg\u00f3 que \u201cen seguida se llev\u00f3 a efecto la audiencia de control de la detenci\u00f3n, la que fue declarada legal y se ampli\u00f3 la detenci\u00f3n hasta el domingo, donde se llev\u00f3 a efecto la formalizaci\u00f3n por el delito de homicidio simple\u201d.<\/p>\n<p style=\"text-align: justify;\">En este caso, a\u00f1adi\u00f3 el fiscal del Ministerio P\u00fablico, \u201cse dispuso un plazo de investigaci\u00f3n de 90 d\u00edas y adem\u00e1s de ello, el tribunal estim\u00f3 que exist\u00edan antecedentes sobre una eventual enajenaci\u00f3n de la imputada, por lo cual se dispuso la suspensi\u00f3n del procedimiento, la internaci\u00f3n provisoria en la Unidad Psiqui\u00e1trica del Hospital Regional de Coyhaique, a la espera del peritaje respectivo\u201d.<\/p>\n<\/div><\/section><\/div><div  style='height:50px' class='hr hr-invisible   avia-builder-el-6  el_after_av_one_full  el_before_av_social_share '><span class='hr-inner ' ><span class='hr-inner-style'><\/span><\/span><\/div><\/p>\n<div  class='av-social-sharing-box  avia-builder-el-7  el_after_av_hr  el_before_av_hr  '><div class='av-share-box'><h5 class='av-share-link-description av-no-toc '>Compartir esta noticia<\/h5><ul class='av-share-box-list noLightbox'><li class='av-share-link av-social-link-facebook' ><a target=\"_blank\" aria-label=\"Compartir en Facebook\" href='https:\/\/www.facebook.com\/sharer.php?u=https:\/\/radiorevelacionfm.cl\/?p=47858&#038;t=Homicidio%20en%20sector%20El%20Salto%3A%20Fiscal%C3%ADa%20formaliza%20investigaci%C3%B3n%20en%20contra%20de%20imputada%20de%2028%20a%C3%B1os' aria-hidden='false' data-av_icon='\ue8f3' data-av_iconfont='entypo-fontello' title='' data-avia-related-tooltip='Compartir en Facebook' rel=\"noopener\"><span class='avia_hidden_link_text'>Compartir en Facebook<\/span><\/a><\/li><li class='av-share-link av-social-link-twitter' ><a target=\"_blank\" aria-label=\"Compartir en Twitter\" href='https:\/\/twitter.com\/share?text=Homicidio%20en%20sector%20El%20Salto%3A%20Fiscal%C3%ADa%20formaliza%20investigaci%C3%B3n%20en%20contra%20de%20imputada%20de%2028%20a%C3%B1os&#038;url=https:\/\/radiorevelacionfm.cl\/?p=47858' aria-hidden='false' data-av_icon='\ue8f1' data-av_iconfont='entypo-fontello' title='' data-avia-related-tooltip='Compartir en Twitter' rel=\"noopener\"><span class='avia_hidden_link_text'>Compartir en Twitter<\/span><\/a><\/li><li class='av-share-link av-social-link-whatsapp' ><a target=\"_blank\" aria-label=\"Compartir en Whatsapp\" href='https:\/\/api.whatsapp.com\/send?text=https:\/\/radiorevelacionfm.cl\/?p=47858' aria-hidden='false' data-av_icon='\uf232' data-av_iconfont='entypo-fontello' title='' data-avia-related-tooltip='Compartir en Whatsapp' rel=\"noopener\"><span class='avia_hidden_link_text'>Compartir en Whatsapp<\/span><\/a><\/li><li class='av-share-link av-social-link-linkedin' ><a target=\"_blank\" aria-label=\"Compartir en LinkedIn\" href='https:\/\/linkedin.com\/shareArticle?mini=true&#038;title=Homicidio%20en%20sector%20El%20Salto%3A%20Fiscal%C3%ADa%20formaliza%20investigaci%C3%B3n%20en%20contra%20de%20imputada%20de%2028%20a%C3%B1os&#038;url=https:\/\/radiorevelacionfm.cl\/?p=47858' aria-hidden='false' data-av_icon='\ue8fc' data-av_iconfont='entypo-fontello' title='' data-avia-related-tooltip='Compartir en LinkedIn' rel=\"noopener\"><span class='avia_hidden_link_text'>Compartir en LinkedIn<\/span><\/a><\/li><li class='av-share-link av-social-link-mail' ><a  aria-label=\"Compartir por correo\" href='mailto:?subject=Homicidio%20en%20sector%20El%20Salto%3A%20Fiscal%C3%ADa%20formaliza%20investigaci%C3%B3n%20en%20contra%20de%20imputada%20de%2028%20a%C3%B1os&#038;body=https:\/\/radiorevelacionfm.cl\/?p=47858' aria-hidden='false' data-av_icon='\ue805' data-av_iconfont='entypo-fontello' title='' data-avia-related-tooltip='Compartir por correo'><span class='avia_hidden_link_text'>Compartir por correo<\/span><\/a><\/li><\/ul><\/div><\/div>\n<div  style='height:50px' class='hr hr-invisible   avia-builder-el-8  el_after_av_social_share  el_before_av_comments_list '><span class='hr-inner ' ><span class='hr-inner-style'><\/span><\/span><\/div>\n<div  class='av-buildercomment  av-blog-meta-html-info-disabled av-blog-meta-tag-disabled  '><\/div>\n","protected":false},"excerpt":{"rendered":"","protected":false},"author":1,"featured_media":41534,"comment_status":"open","ping_status":"open","sticky":false,"template":"","format":"standard","meta":{"footnotes":""},"categories":[36],"tags":[],"class_list":["post-47858","post","type-post","status-publish","format-standard","has-post-thumbnail","hentry","category-policial"],"jetpack_featured_media_url":"https:\/\/radiorevelacionfm.cl\/wp-content\/uploads\/2024\/04\/Fiscalia_2024-2-1-1.jpg","_links":{"self":[{"href":"https:\/\/radiorevelacionfm.cl\/index.php?rest_route=\/wp\/v2\/posts\/47858","targetHints":{"allow":["GET"]}}],"collection":[{"href":"https:\/\/radiorevelacionfm.cl\/index.php?rest_route=\/wp\/v2\/posts"}],"about":[{"href":"https:\/\/radiorevelacionfm.cl\/index.php?rest_route=\/wp\/v2\/types\/post"}],"author":[{"embeddable":true,"href":"https:\/\/radiorevelacionfm.cl\/index.php?rest_route=\/wp\/v2\/users\/1"}],"replies":[{"embeddable":true,"href":"https:\/\/radiorevelacionfm.cl\/index.php?rest_route=%2Fwp%2Fv2%2Fcomments&post=47858"}],"version-history":[{"count":1,"href":"https:\/\/radiorevelacionfm.cl\/index.php?rest_route=\/wp\/v2\/posts\/47858\/revisions"}],"predecessor-version":[{"id":47859,"href":"https:\/\/radiorevelacionfm.cl\/index.php?rest_route=\/wp\/v2\/posts\/47858\/revisions\/47859"}],"wp:featuredmedia":[{"embeddable":true,"href":"https:\/\/radiorevelacionfm.cl\/index.php?rest_route=\/wp\/v2\/media\/41534"}],"wp:attachment":[{"href":"https:\/\/radiorevelacionfm.cl\/index.php?rest_route=%2Fwp%2Fv2%2Fmedia&parent=47858"}],"wp:term":[{"taxonomy":"category","embeddable":true,"href":"https:\/\/radiorevelacionfm.cl\/index.php?rest_route=%2Fwp%2Fv2%2Fcategories&post=47858"},{"taxonomy":"post_tag","embeddable":true,"href":"https:\/\/radiorevelacionfm.cl\/index.php?rest_route=%2Fwp%2Fv2%2Ftags&post=47858"}],"curies":[{"name":"wp","href":"https:\/\/api.w.org\/{rel}","templated":true}]}}