{"id":47852,"date":"2024-11-11T09:47:17","date_gmt":"2024-11-11T12:47:17","guid":{"rendered":"https:\/\/radiorevelacionfm.cl\/?p=47852"},"modified":"2024-11-11T09:47:17","modified_gmt":"2024-11-11T12:47:17","slug":"manihuales-en-ruta-impulso-turistico-y-comercial-2024-2025","status":"publish","type":"post","link":"https:\/\/radiorevelacionfm.cl\/?p=47852","title":{"rendered":"\u00abMa\u00f1ihuales en Ruta, impulso Tur\u00edstico y Comercial 2024-2025\u00bb"},"content":{"rendered":"<div class=\"flex_column av_one_full  flex_column_div av-zero-column-padding first  avia-builder-el-0  el_before_av_one_full  avia-builder-el-first  \" style='border-radius:0px; '><div  class='avia-image-container  av-styling-    avia-builder-el-1  avia-builder-el-no-sibling  avia-align-center '  itemprop=\"image\" itemscope=\"itemscope\" itemtype=\"https:\/\/schema.org\/ImageObject\"  ><div class='avia-image-container-inner'><div class='avia-image-overlay-wrap'><img decoding=\"async\" class='wp-image-47853 avia-img-lazy-loading-not-47853 avia_image' src=\"https:\/\/radiorevelacionfm.cl\/wp-content\/uploads\/2024\/11\/Flyer-Manihuales-en-Ruta-2-2-2.jpeg\" alt='' title='Flyer Ma\u00f1ihuales en Ruta-2-2-2' height=\"610\" width=\"805\"  itemprop=\"thumbnailUrl\" srcset=\"https:\/\/radiorevelacionfm.cl\/wp-content\/uploads\/2024\/11\/Flyer-Manihuales-en-Ruta-2-2-2.jpeg 805w, https:\/\/radiorevelacionfm.cl\/wp-content\/uploads\/2024\/11\/Flyer-Manihuales-en-Ruta-2-2-2-300x227.jpeg 300w, https:\/\/radiorevelacionfm.cl\/wp-content\/uploads\/2024\/11\/Flyer-Manihuales-en-Ruta-2-2-2-768x582.jpeg 768w, https:\/\/radiorevelacionfm.cl\/wp-content\/uploads\/2024\/11\/Flyer-Manihuales-en-Ruta-2-2-2-705x534.jpeg 705w, https:\/\/radiorevelacionfm.cl\/wp-content\/uploads\/2024\/11\/Flyer-Manihuales-en-Ruta-2-2-2-450x341.jpeg 450w, https:\/\/radiorevelacionfm.cl\/wp-content\/uploads\/2024\/11\/Flyer-Manihuales-en-Ruta-2-2-2-600x455.jpeg 600w\" sizes=\"(max-width: 805px) 100vw, 805px\" \/><\/div><\/div><\/div><\/div><div class=\"flex_column av_one_full  flex_column_div av-zero-column-padding first  avia-builder-el-2  el_after_av_one_full  el_before_av_one_full  column-top-margin\" style='border-radius:0px; '><section class=\"av_textblock_section \"  itemscope=\"itemscope\" itemtype=\"https:\/\/schema.org\/BlogPosting\" itemprop=\"blogPost\" ><div class='avia_textblock  '   itemprop=\"text\" ><p style=\"text-align: center;\"><span style=\"font-size: 18pt;\"><b>\u00abMa\u00f1ihuales en Ruta, impulso Tur\u00edstico y Comercial 2024-2025\u00bb<\/b><\/span><\/p>\n<div id=\"gtx-trans\" style=\"position: absolute; left: -50px; top: 4.31534px;\">\n<div class=\"gtx-trans-icon\"><\/div>\n<\/div>\n<\/div><\/section><\/div><div class=\"flex_column av_one_full  flex_column_div av-zero-column-padding first  avia-builder-el-4  el_after_av_one_full  el_before_av_hr  column-top-margin\" style='border-radius:0px; '><section class=\"av_textblock_section \"  itemscope=\"itemscope\" itemtype=\"https:\/\/schema.org\/BlogPosting\" itemprop=\"blogPost\" ><div class='avia_textblock  '   itemprop=\"text\" ><p style=\"text-align: justify;\"><em>El encuentro se realizar\u00e1 el martes 12 de noviembre en Villa Ma\u00f1ihuales, donde el Barrio Comercial Ma\u00f1io Ruta 7 Sur dar\u00e1 a conocer los avances logrados en el marco del segundo a\u00f1o de ejecuci\u00f3n del programa Barrios Comerciales de SERCOTEC, en colaboraci\u00f3n con la Divisi\u00f3n de Asociatividad y Cooperativas- DAES, el Ministerio de Econom\u00eda y la Ilustre Municipalidad de Ays\u00e9n.\u00a0<\/em><\/p>\n<p style=\"text-align: justify;\">Para dar inicio a la actividad, tomar\u00e1n la palabra los expertos en cooperativas y gremios Cristi\u00e1n P\u00e9rez y Carlos Mora de la Divisi\u00f3n de Asociatividad y Cooperativas, DAES del Ministerio de Econom\u00eda, Fomento y Turismo.<\/p>\n<p style=\"text-align: justify;\">En forma posterior, el Programa Barrios Comerciales en Villa Ma\u00f1ihuales, conformado por un grupo de microempresas de la Asociaci\u00f3n Gremial de Turismo y Comercio Villa Ma\u00f1ihuales, comentar\u00e1n sus logros, que han significado fortalecer sus alianzas, mejorar sus ofertas y entregar servicios de mayor calidad hacia sus clientes. En otras palabras, sus 15 integrantes han tenido la posibilidad de mejorar su imagen\/identidad, oferta comercial, mejoramiento de equipamiento y habilitaci\u00f3n de espacios urbano &#8211; comerciales.<\/p>\n<p style=\"text-align: justify;\">Este fortalecimiento se ver\u00e1 reflejado en el evento, por la difusi\u00f3n de la Temporada Tur\u00edstica 2024-2025, y la inauguraci\u00f3n de una Oficina Informativa Modular para el Barrio Comercial y dos Estaciones\u00a0 Informativas Tecnol\u00f3gicas, instalados en diferentes puntos de la carretera Austral que pasa por la localidad.<\/p>\n<p style=\"text-align: justify;\">En la jornada de este pr\u00f3ximo martes 12 de noviembre, tambi\u00e9n se dar\u00e1 espacio para exponer los avances en asociatividad que han alcanzando al conformar Cooperativas de Turismo y Gastronom\u00eda indistintamente.<\/p>\n<p style=\"text-align: justify;\">\u00abMa\u00f1ihuales en Ruta, Impulso Tur\u00edstico y Comercial 2024-2025\u00bb tendr\u00e1 tambi\u00e9n m\u00fasica en vivo, presentaci\u00f3n de bailes regionales y un recorrido por los stands de los emprendimientos que conforman el Barrio Comercial Ma\u00f1io Ruta 7 Sur.<\/p>\n<p style=\"text-align: justify;\">Evento: \u00abMa\u00f1ihuales en Ruta, impulso Tur\u00edstico y Comercial 2024-2025\u00bb<\/p>\n<p style=\"text-align: justify;\">Fecha y Lugar: 12 de noviembre a partir de las 11:00 horas, Plaza C\u00edvica de Villa Ma\u00f1ihuales, comuna de Ays\u00e9n.<\/p>\n<p style=\"text-align: justify;\">Punto de prensa:\u00a014:30 horas, martes 12 de noviembre.<\/p>\n<p style=\"text-align: justify;\">Objetivo: Promover el desarrollo del turismo y la asociatividad a trav\u00e9s del programa de Barrios Comerciales de Sercotec.<\/p>\n<p style=\"text-align: justify;\">Actividades: Palabras de bienvenida, charla DAES, Divisi\u00f3n de Asociatividad y Cooperativas; Exposici\u00f3n de Cooperativas Ma\u00f1ihuales, Stand muestra de locatarios; Recorrido caminando por las Estaciones\u00a0 Informativas Tecnol\u00f3gicas y la Oficina Informativa Modular.<\/p>\n<p style=\"text-align: justify;\">Resultados Esperados: Presentar los avances logrados a trav\u00e9s del programa de Barrios Comerciales de Sercotec.<\/p>\n<p style=\"text-align: justify;\">Web de AG Turismo y Comercio Villa Ma\u00f1ihuales:\u00a0<a href=\"http:\/\/www.turismomanihuales.cl\/\">www.turismomanihuales.cl<\/a><\/p>\n<\/div><\/section><\/div><div  style='height:50px' class='hr hr-invisible   avia-builder-el-6  el_after_av_one_full  el_before_av_social_share '><span class='hr-inner ' ><span class='hr-inner-style'><\/span><\/span><\/div><\/p>\n<div  class='av-social-sharing-box  avia-builder-el-7  el_after_av_hr  el_before_av_hr  '><div class='av-share-box'><h5 class='av-share-link-description av-no-toc '>Compartir esta noticia<\/h5><ul class='av-share-box-list noLightbox'><li class='av-share-link av-social-link-facebook' ><a target=\"_blank\" aria-label=\"Compartir en Facebook\" href='https:\/\/www.facebook.com\/sharer.php?u=https:\/\/radiorevelacionfm.cl\/?p=47852&#038;t=%C2%ABMa%C3%B1ihuales%20en%20Ruta%2C%20impulso%20Tur%C3%ADstico%20y%20Comercial%202024-2025%C2%BB' aria-hidden='false' data-av_icon='\ue8f3' data-av_iconfont='entypo-fontello' title='' data-avia-related-tooltip='Compartir en Facebook' rel=\"noopener\"><span class='avia_hidden_link_text'>Compartir en Facebook<\/span><\/a><\/li><li class='av-share-link av-social-link-twitter' ><a target=\"_blank\" aria-label=\"Compartir en Twitter\" href='https:\/\/twitter.com\/share?text=%C2%ABMa%C3%B1ihuales%20en%20Ruta%2C%20impulso%20Tur%C3%ADstico%20y%20Comercial%202024-2025%C2%BB&#038;url=https:\/\/radiorevelacionfm.cl\/?p=47852' aria-hidden='false' data-av_icon='\ue8f1' data-av_iconfont='entypo-fontello' title='' data-avia-related-tooltip='Compartir en Twitter' rel=\"noopener\"><span class='avia_hidden_link_text'>Compartir en Twitter<\/span><\/a><\/li><li class='av-share-link av-social-link-whatsapp' ><a target=\"_blank\" aria-label=\"Compartir en Whatsapp\" href='https:\/\/api.whatsapp.com\/send?text=https:\/\/radiorevelacionfm.cl\/?p=47852' aria-hidden='false' data-av_icon='\uf232' data-av_iconfont='entypo-fontello' title='' data-avia-related-tooltip='Compartir en Whatsapp' rel=\"noopener\"><span class='avia_hidden_link_text'>Compartir en Whatsapp<\/span><\/a><\/li><li class='av-share-link av-social-link-linkedin' ><a target=\"_blank\" aria-label=\"Compartir en LinkedIn\" href='https:\/\/linkedin.com\/shareArticle?mini=true&#038;title=%C2%ABMa%C3%B1ihuales%20en%20Ruta%2C%20impulso%20Tur%C3%ADstico%20y%20Comercial%202024-2025%C2%BB&#038;url=https:\/\/radiorevelacionfm.cl\/?p=47852' aria-hidden='false' data-av_icon='\ue8fc' data-av_iconfont='entypo-fontello' title='' data-avia-related-tooltip='Compartir en LinkedIn' rel=\"noopener\"><span class='avia_hidden_link_text'>Compartir en LinkedIn<\/span><\/a><\/li><li class='av-share-link av-social-link-mail' ><a  aria-label=\"Compartir por correo\" href='mailto:?subject=%C2%ABMa%C3%B1ihuales%20en%20Ruta%2C%20impulso%20Tur%C3%ADstico%20y%20Comercial%202024-2025%C2%BB&#038;body=https:\/\/radiorevelacionfm.cl\/?p=47852' aria-hidden='false' data-av_icon='\ue805' data-av_iconfont='entypo-fontello' title='' data-avia-related-tooltip='Compartir por correo'><span class='avia_hidden_link_text'>Compartir por correo<\/span><\/a><\/li><\/ul><\/div><\/div>\n<div  style='height:50px' class='hr hr-invisible   avia-builder-el-8  el_after_av_social_share  el_before_av_comments_list '><span class='hr-inner ' ><span class='hr-inner-style'><\/span><\/span><\/div>\n<div  class='av-buildercomment  av-blog-meta-html-info-disabled av-blog-meta-tag-disabled  '><\/div>\n","protected":false},"excerpt":{"rendered":"","protected":false},"author":1,"featured_media":47853,"comment_status":"open","ping_status":"open","sticky":false,"template":"","format":"standard","meta":{"footnotes":""},"categories":[54],"tags":[],"class_list":["post-47852","post","type-post","status-publish","format-standard","has-post-thumbnail","hentry","category-turismo"],"jetpack_featured_media_url":"https:\/\/radiorevelacionfm.cl\/wp-content\/uploads\/2024\/11\/Flyer-Manihuales-en-Ruta-2-2-2.jpeg","_links":{"self":[{"href":"https:\/\/radiorevelacionfm.cl\/index.php?rest_route=\/wp\/v2\/posts\/47852","targetHints":{"allow":["GET"]}}],"collection":[{"href":"https:\/\/radiorevelacionfm.cl\/index.php?rest_route=\/wp\/v2\/posts"}],"about":[{"href":"https:\/\/radiorevelacionfm.cl\/index.php?rest_route=\/wp\/v2\/types\/post"}],"author":[{"embeddable":true,"href":"https:\/\/radiorevelacionfm.cl\/index.php?rest_route=\/wp\/v2\/users\/1"}],"replies":[{"embeddable":true,"href":"https:\/\/radiorevelacionfm.cl\/index.php?rest_route=%2Fwp%2Fv2%2Fcomments&post=47852"}],"version-history":[{"count":1,"href":"https:\/\/radiorevelacionfm.cl\/index.php?rest_route=\/wp\/v2\/posts\/47852\/revisions"}],"predecessor-version":[{"id":47854,"href":"https:\/\/radiorevelacionfm.cl\/index.php?rest_route=\/wp\/v2\/posts\/47852\/revisions\/47854"}],"wp:featuredmedia":[{"embeddable":true,"href":"https:\/\/radiorevelacionfm.cl\/index.php?rest_route=\/wp\/v2\/media\/47853"}],"wp:attachment":[{"href":"https:\/\/radiorevelacionfm.cl\/index.php?rest_route=%2Fwp%2Fv2%2Fmedia&parent=47852"}],"wp:term":[{"taxonomy":"category","embeddable":true,"href":"https:\/\/radiorevelacionfm.cl\/index.php?rest_route=%2Fwp%2Fv2%2Fcategories&post=47852"},{"taxonomy":"post_tag","embeddable":true,"href":"https:\/\/radiorevelacionfm.cl\/index.php?rest_route=%2Fwp%2Fv2%2Ftags&post=47852"}],"curies":[{"name":"wp","href":"https:\/\/api.w.org\/{rel}","templated":true}]}}