{"id":47846,"date":"2024-11-10T22:35:07","date_gmt":"2024-11-11T01:35:07","guid":{"rendered":"https:\/\/radiorevelacionfm.cl\/?p=47846"},"modified":"2024-11-10T22:35:07","modified_gmt":"2024-11-11T01:35:07","slug":"mas-de-un-centenar-de-personas-participaron-en-el-encuentro-regional-aysentido","status":"publish","type":"post","link":"https:\/\/radiorevelacionfm.cl\/?p=47846","title":{"rendered":"M\u00e1s de un centenar de personas participaron en el Encuentro Regional AYSENTido"},"content":{"rendered":"<div class=\"flex_column av_one_full  flex_column_div av-zero-column-padding first  avia-builder-el-0  el_before_av_one_full  avia-builder-el-first  \" style='border-radius:0px; '><div  class='avia-image-container  av-styling-    avia-builder-el-1  avia-builder-el-no-sibling  avia-align-center '  itemprop=\"image\" itemscope=\"itemscope\" itemtype=\"https:\/\/schema.org\/ImageObject\"  ><div class='avia-image-container-inner'><div class='avia-image-overlay-wrap'><img decoding=\"async\" class='wp-image-47847 avia-img-lazy-loading-not-47847 avia_image' src=\"https:\/\/radiorevelacionfm.cl\/wp-content\/uploads\/2024\/11\/aysentido-feria-2_optimized.jpg\" alt='' title='aysentido---feria-2_optimized' height=\"600\" width=\"903\"  itemprop=\"thumbnailUrl\" srcset=\"https:\/\/radiorevelacionfm.cl\/wp-content\/uploads\/2024\/11\/aysentido-feria-2_optimized.jpg 903w, https:\/\/radiorevelacionfm.cl\/wp-content\/uploads\/2024\/11\/aysentido-feria-2_optimized-300x199.jpg 300w, https:\/\/radiorevelacionfm.cl\/wp-content\/uploads\/2024\/11\/aysentido-feria-2_optimized-768x510.jpg 768w, https:\/\/radiorevelacionfm.cl\/wp-content\/uploads\/2024\/11\/aysentido-feria-2_optimized-705x468.jpg 705w, https:\/\/radiorevelacionfm.cl\/wp-content\/uploads\/2024\/11\/aysentido-feria-2_optimized-450x299.jpg 450w, https:\/\/radiorevelacionfm.cl\/wp-content\/uploads\/2024\/11\/aysentido-feria-2_optimized-600x399.jpg 600w\" sizes=\"(max-width: 903px) 100vw, 903px\" \/><\/div><\/div><\/div><\/div><div class=\"flex_column av_one_full  flex_column_div av-zero-column-padding first  avia-builder-el-2  el_after_av_one_full  el_before_av_one_full  column-top-margin\" style='border-radius:0px; '><section class=\"av_textblock_section \"  itemscope=\"itemscope\" itemtype=\"https:\/\/schema.org\/BlogPosting\" itemprop=\"blogPost\" ><div class='avia_textblock  '   itemprop=\"text\" ><p style=\"text-align: center;\"><strong><span style=\"font-size: 18pt;\">M\u00e1s de un centenar de personas participaron en el Encuentro Regional AYSENTido<\/span><\/strong><\/p>\n<div id=\"gtx-trans\" style=\"position: absolute; left: -50px; top: 4.31534px;\">\n<div class=\"gtx-trans-icon\"><\/div>\n<\/div>\n<\/div><\/section><\/div><div class=\"flex_column av_one_full  flex_column_div av-zero-column-padding first  avia-builder-el-4  el_after_av_one_full  el_before_av_hr  column-top-margin\" style='border-radius:0px; '><section class=\"av_textblock_section \"  itemscope=\"itemscope\" itemtype=\"https:\/\/schema.org\/BlogPosting\" itemprop=\"blogPost\" ><div class='avia_textblock  '   itemprop=\"text\" ><div>\n<p style=\"text-align: justify;\"><i>El evento, reuni\u00f3 a especialistas, empresarios y actores clave del turismo para promover pr\u00e1cticas sostenibles y generar compromisos concretos en el desarrollo del turismo responsable en la regi\u00f3n.\u00a0 <\/i><\/p>\n<\/div>\n<div style=\"text-align: justify;\">\n<p>Con una participaci\u00f3n de m\u00e1s de 120 personas, se llev\u00f3 a cabo el Encuentro Regional AYSENTido con el Turismo Sostenible el pasado 5 y 6 de noviembre en Coyhaique. Este evento, que incluy\u00f3 charlas, talleres, una feria de iniciativas sostenibles y m\u00fasica en vivo con artistas locales, tuvo como objetivo principal promover el turismo responsable a trav\u00e9s de la visibilizaci\u00f3n de tendencias globales en torno a sostenibilidad, incorporando pr\u00e1cticas concretas y factibles de implementar tanto en los destinos tur\u00edsticos como a nivel comunitario y para los empresarios del turismo.<\/p>\n<\/div>\n<div style=\"text-align: justify;\">\n<p>El encuentro fue organizado por Sernatur Ays\u00e9n y convoc\u00f3 a operadores tur\u00edsticos, gu\u00edas y representantes de las tres zonas de inter\u00e9s tur\u00edstico de la regi\u00f3n: Queulat, Chelenko y Glaciares, quienes durante las dos jornadas pudieron participar en exposiciones de especialistas nacionales e internacionales, como: Francisco Urquiza, Jorge Moller, Beth Bauchwitz y Felipe Braun, entre otros expositores y talleristas regionales.<\/p>\n<\/div>\n<div style=\"text-align: justify;\">\n<p>El director docente del Instituto para el Desarrollo Sustentable de Universidad Cat\u00f3lica de Chile, Francisco Urquiza, quien expuso sobre Turismo, Sostenibilidad y Regeneraci\u00f3n destac\u00f3 la importancia de realizar encuentros como \u00e9ste \u00abporque creo que el turismo ofrece una oportunidad \u00fanica de reencontrar entre nosotros, pero tambi\u00e9n un reencuentro con la naturaleza y con la importancia que tiene ponernos al servicio del cuidado de la biosfera y de la biodiversidad y de los territorios. Creo que hay una potencialidad enorme en el turismo justamente de reconectarnos con la naturaleza, pero tambi\u00e9n hay un riesgo de que si no lo hacemos bien, haremos lo contrario, seguir deteriorando estos espacios\u00bb.<\/p>\n<\/div>\n<div style=\"text-align: justify;\">\n<p>En tanto Jorge Moller, director para Am\u00e9rica Latina del Consejo Global de Turismo Sustentable, quien dict\u00f3 la charla Destinos del Futuro, destac\u00f3 que \u00abse hace relevante de que esta industria, que yo llamo la industria de los encuentros humanos, sea la garant\u00eda del cuidado de la biodiversidad, porque si al final no generamos una actividad econ\u00f3mica a trav\u00e9s del turismo, la gente se ve en la necesidad de echar mano a esa biodiversidad que es tan necesaria para nuestro continente\u00bb.<\/p>\n<\/div>\n<div style=\"text-align: justify;\">\n<p>Uno de los momentos m\u00e1s destacados fue la participaci\u00f3n de P\u00eda Rojo, empresaria tur\u00edstica y creadora de Proyecto Melimoyu Ecocamp, quien comparti\u00f3 su experiencia de hacer turismo sustentable en una peque\u00f1a localidad de la regi\u00f3n. \u00abYo vengo del norte de la Patagonia, un peque\u00f1o pueblo de 50 habitantes. Estamos haciendo turismo sustentable en alianza, no solo con Melimoyu, sino tambi\u00e9n con Gala. Estamos tratando de promover el turismo sustentable en el tiempo, y que sea una actividad econ\u00f3mica para las generaciones futuras y evitar la extinci\u00f3n de nuestros pueblos. Vemos en el turismo un oportunidad real para el desarrollo de nuestras comunidades\u00bb.<\/p>\n<\/div>\n<div style=\"text-align: justify;\">\n<p>A lo largo del evento, se promovieron compromisos concretos con la regi\u00f3n y el sector tur\u00edstico, los cuales ser\u00e1n sistematizados y utilizados como base para el trabajo futuro de Sernatur. Los insumos recabados servir\u00e1n para actualizar el Pacto por el Turismo Sostenible y fortalecer las pol\u00edticas y acciones en pro de un turismo sostenible.<\/p>\n<\/div>\n<div style=\"text-align: justify;\">\n<p>Claudio Montecinos, director regional de Sernatur Ays\u00e9n, expres\u00f3 su satisfacci\u00f3n por el \u00e9xito del encuentro. \u00abDesde Sernatur Ays\u00e9n hemos querido generar una instancia regional para relevar el compromiso de nuestra regi\u00f3n con el desarrollo del turismo sostenible. Estamos convencidos de que esta actividad tiene un gran potencial para contribuir al desarrollo sostenible de nuestra regi\u00f3n\u00bb, afirm\u00f3.<\/p>\n<\/div>\n<div>\n<p style=\"text-align: justify;\">Finalmente, al cierre del evento, se realiz\u00f3 el lanzamiento de la campa\u00f1a de conciencia tur\u00edstica \u00abAys\u00e9n Eres T\u00fa\u00bb, marco en el que se llev\u00f3 a cabo la presentaci\u00f3n musical de los m\u00fasicos regionales Cepafunk y la fusi\u00f3n del D\u00fao Trapananda y el violoncelista H\u00e9ctor M\u00e9ndez. Para concluir la jornada, los asistentes pudieron disfrutar de un espectacular show de Video Mapping, inspirado en las im\u00e1genes, la cultura y los sonidos de Ays\u00e9n Patagonia, proyectado en el frontis del Museo Regional de Ays\u00e9n.<\/p>\n<\/div>\n<\/div><\/section><\/div><div  style='height:50px' class='hr hr-invisible   avia-builder-el-6  el_after_av_one_full  el_before_av_social_share '><span class='hr-inner ' ><span class='hr-inner-style'><\/span><\/span><\/div><\/p>\n<div  class='av-social-sharing-box  avia-builder-el-7  el_after_av_hr  el_before_av_hr  '><div class='av-share-box'><h5 class='av-share-link-description av-no-toc '>Compartir esta noticia<\/h5><ul class='av-share-box-list noLightbox'><li class='av-share-link av-social-link-facebook' ><a target=\"_blank\" aria-label=\"Compartir en Facebook\" href='https:\/\/www.facebook.com\/sharer.php?u=https:\/\/radiorevelacionfm.cl\/?p=47846&#038;t=M%C3%A1s%20de%20un%20centenar%20de%20personas%20participaron%20en%20el%20Encuentro%20Regional%20AYSENTido' aria-hidden='false' data-av_icon='\ue8f3' data-av_iconfont='entypo-fontello' title='' data-avia-related-tooltip='Compartir en Facebook' rel=\"noopener\"><span class='avia_hidden_link_text'>Compartir en Facebook<\/span><\/a><\/li><li class='av-share-link av-social-link-twitter' ><a target=\"_blank\" aria-label=\"Compartir en Twitter\" href='https:\/\/twitter.com\/share?text=M%C3%A1s%20de%20un%20centenar%20de%20personas%20participaron%20en%20el%20Encuentro%20Regional%20AYSENTido&#038;url=https:\/\/radiorevelacionfm.cl\/?p=47846' aria-hidden='false' data-av_icon='\ue8f1' data-av_iconfont='entypo-fontello' title='' data-avia-related-tooltip='Compartir en Twitter' rel=\"noopener\"><span class='avia_hidden_link_text'>Compartir en Twitter<\/span><\/a><\/li><li class='av-share-link av-social-link-whatsapp' ><a target=\"_blank\" aria-label=\"Compartir en Whatsapp\" href='https:\/\/api.whatsapp.com\/send?text=https:\/\/radiorevelacionfm.cl\/?p=47846' aria-hidden='false' data-av_icon='\uf232' data-av_iconfont='entypo-fontello' title='' data-avia-related-tooltip='Compartir en Whatsapp' rel=\"noopener\"><span class='avia_hidden_link_text'>Compartir en Whatsapp<\/span><\/a><\/li><li class='av-share-link av-social-link-linkedin' ><a target=\"_blank\" aria-label=\"Compartir en LinkedIn\" href='https:\/\/linkedin.com\/shareArticle?mini=true&#038;title=M%C3%A1s%20de%20un%20centenar%20de%20personas%20participaron%20en%20el%20Encuentro%20Regional%20AYSENTido&#038;url=https:\/\/radiorevelacionfm.cl\/?p=47846' aria-hidden='false' data-av_icon='\ue8fc' data-av_iconfont='entypo-fontello' title='' data-avia-related-tooltip='Compartir en LinkedIn' rel=\"noopener\"><span class='avia_hidden_link_text'>Compartir en LinkedIn<\/span><\/a><\/li><li class='av-share-link av-social-link-mail' ><a  aria-label=\"Compartir por correo\" href='mailto:?subject=M%C3%A1s%20de%20un%20centenar%20de%20personas%20participaron%20en%20el%20Encuentro%20Regional%20AYSENTido&#038;body=https:\/\/radiorevelacionfm.cl\/?p=47846' aria-hidden='false' data-av_icon='\ue805' data-av_iconfont='entypo-fontello' title='' data-avia-related-tooltip='Compartir por correo'><span class='avia_hidden_link_text'>Compartir por correo<\/span><\/a><\/li><\/ul><\/div><\/div>\n<div  style='height:50px' class='hr hr-invisible   avia-builder-el-8  el_after_av_social_share  el_before_av_comments_list '><span class='hr-inner ' ><span class='hr-inner-style'><\/span><\/span><\/div>\n<div  class='av-buildercomment  av-blog-meta-html-info-disabled av-blog-meta-tag-disabled  '><\/div>\n","protected":false},"excerpt":{"rendered":"","protected":false},"author":1,"featured_media":47847,"comment_status":"open","ping_status":"open","sticky":false,"template":"","format":"standard","meta":{"footnotes":""},"categories":[54],"tags":[],"class_list":["post-47846","post","type-post","status-publish","format-standard","has-post-thumbnail","hentry","category-turismo"],"jetpack_featured_media_url":"https:\/\/radiorevelacionfm.cl\/wp-content\/uploads\/2024\/11\/aysentido-feria-2_optimized.jpg","_links":{"self":[{"href":"https:\/\/radiorevelacionfm.cl\/index.php?rest_route=\/wp\/v2\/posts\/47846","targetHints":{"allow":["GET"]}}],"collection":[{"href":"https:\/\/radiorevelacionfm.cl\/index.php?rest_route=\/wp\/v2\/posts"}],"about":[{"href":"https:\/\/radiorevelacionfm.cl\/index.php?rest_route=\/wp\/v2\/types\/post"}],"author":[{"embeddable":true,"href":"https:\/\/radiorevelacionfm.cl\/index.php?rest_route=\/wp\/v2\/users\/1"}],"replies":[{"embeddable":true,"href":"https:\/\/radiorevelacionfm.cl\/index.php?rest_route=%2Fwp%2Fv2%2Fcomments&post=47846"}],"version-history":[{"count":1,"href":"https:\/\/radiorevelacionfm.cl\/index.php?rest_route=\/wp\/v2\/posts\/47846\/revisions"}],"predecessor-version":[{"id":47848,"href":"https:\/\/radiorevelacionfm.cl\/index.php?rest_route=\/wp\/v2\/posts\/47846\/revisions\/47848"}],"wp:featuredmedia":[{"embeddable":true,"href":"https:\/\/radiorevelacionfm.cl\/index.php?rest_route=\/wp\/v2\/media\/47847"}],"wp:attachment":[{"href":"https:\/\/radiorevelacionfm.cl\/index.php?rest_route=%2Fwp%2Fv2%2Fmedia&parent=47846"}],"wp:term":[{"taxonomy":"category","embeddable":true,"href":"https:\/\/radiorevelacionfm.cl\/index.php?rest_route=%2Fwp%2Fv2%2Fcategories&post=47846"},{"taxonomy":"post_tag","embeddable":true,"href":"https:\/\/radiorevelacionfm.cl\/index.php?rest_route=%2Fwp%2Fv2%2Ftags&post=47846"}],"curies":[{"name":"wp","href":"https:\/\/api.w.org\/{rel}","templated":true}]}}