{"id":47843,"date":"2024-11-10T22:02:56","date_gmt":"2024-11-11T01:02:56","guid":{"rendered":"https:\/\/radiorevelacionfm.cl\/?p=47843"},"modified":"2024-11-10T22:02:56","modified_gmt":"2024-11-11T01:02:56","slug":"primera-edicion-de-la-expo-pdti-en-coyhaique-destaca-productos-locales-y-cultura-indigena","status":"publish","type":"post","link":"https:\/\/radiorevelacionfm.cl\/?p=47843","title":{"rendered":"Primera edici\u00f3n de la Expo PDTI en Coyhaique destaca productos locales y cultura ind\u00edgena"},"content":{"rendered":"<div class=\"flex_column av_one_full  flex_column_div av-zero-column-padding first  avia-builder-el-0  el_before_av_one_full  avia-builder-el-first  \" style='border-radius:0px; '><div  class='avia-image-container  av-styling-    avia-builder-el-1  avia-builder-el-no-sibling  avia-align-center '  itemprop=\"image\" itemscope=\"itemscope\" itemtype=\"https:\/\/schema.org\/ImageObject\"  ><div class='avia-image-container-inner'><div class='avia-image-overlay-wrap'><img decoding=\"async\" class='wp-image-47844 avia-img-lazy-loading-not-47844 avia_image' src=\"https:\/\/radiorevelacionfm.cl\/wp-content\/uploads\/2024\/11\/EXPO-PDTI-3-2-2-2.jpeg\" alt='' title='EXPO PDTI 3-2-2-2' height=\"600\" width=\"800\"  itemprop=\"thumbnailUrl\" srcset=\"https:\/\/radiorevelacionfm.cl\/wp-content\/uploads\/2024\/11\/EXPO-PDTI-3-2-2-2.jpeg 800w, https:\/\/radiorevelacionfm.cl\/wp-content\/uploads\/2024\/11\/EXPO-PDTI-3-2-2-2-300x225.jpeg 300w, https:\/\/radiorevelacionfm.cl\/wp-content\/uploads\/2024\/11\/EXPO-PDTI-3-2-2-2-768x576.jpeg 768w, https:\/\/radiorevelacionfm.cl\/wp-content\/uploads\/2024\/11\/EXPO-PDTI-3-2-2-2-705x529.jpeg 705w, https:\/\/radiorevelacionfm.cl\/wp-content\/uploads\/2024\/11\/EXPO-PDTI-3-2-2-2-450x338.jpeg 450w, https:\/\/radiorevelacionfm.cl\/wp-content\/uploads\/2024\/11\/EXPO-PDTI-3-2-2-2-600x450.jpeg 600w\" sizes=\"(max-width: 800px) 100vw, 800px\" \/><\/div><\/div><\/div><\/div><div class=\"flex_column av_one_full  flex_column_div av-zero-column-padding first  avia-builder-el-2  el_after_av_one_full  el_before_av_one_full  column-top-margin\" style='border-radius:0px; '><section class=\"av_textblock_section \"  itemscope=\"itemscope\" itemtype=\"https:\/\/schema.org\/BlogPosting\" itemprop=\"blogPost\" ><div class='avia_textblock  '   itemprop=\"text\" ><p style=\"text-align: center;\"><strong><span style=\"font-size: 18pt;\">Primera edici\u00f3n de la Expo PDTI en Coyhaique destaca productos locales y cultura ind\u00edgena<\/span><\/strong><\/p>\n<div id=\"gtx-trans\" style=\"position: absolute; left: -50px; top: 4.31534px;\">\n<div class=\"gtx-trans-icon\"><\/div>\n<\/div>\n<\/div><\/section><\/div><div class=\"flex_column av_one_full  flex_column_div av-zero-column-padding first  avia-builder-el-4  el_after_av_one_full  el_before_av_hr  column-top-margin\" style='border-radius:0px; '><section class=\"av_textblock_section \"  itemscope=\"itemscope\" itemtype=\"https:\/\/schema.org\/BlogPosting\" itemprop=\"blogPost\" ><div class='avia_textblock  '   itemprop=\"text\" ><p style=\"text-align: justify;\">Organizada por la Municipalidad de Coyhaique, e INDAP del Ministerio de Agricultura, se celebr\u00f3 en el Centro Cultural de Coyhaique la primera edici\u00f3n de la Expo del Programa de Desarrollo Territorial Ind\u00edgena (PDTI), una instancia que reuni\u00f3 lo mejor de las tradiciones y productos locales de Ays\u00e9n.\u00a0\u00a0En la oportunidad, las y los visitantes pudieron disfrutar de una amplia variedad de productos frescos, hortalizas, artesan\u00edas y otras manifestaciones de las tradiciones ancestrales e ind\u00edgenas en una ubicaci\u00f3n clave de nuestra capital regional.<\/p>\n<p style=\"text-align: justify;\">\u00abLa Expo PDTI es una muestra de los beneficios que puede traer el trabajo colaborativo entre municipios e INDAP. Iniciativas como esta permiten fortalecer las econom\u00edas locales y acercar los productos de nuestras comunidades rurales e ind\u00edgenas a la ciudadan\u00eda. Y a su vez, este evento visibiliza la identidad cultural que estos productos representan\u00bb destac\u00f3 Yessica Lagos C\u00e1rdenas, directora regional de INDAP. Tambi\u00e9n participaron de la instancia el alcalde de Coyhaique, Carlos Gatica Villegas; la directora regional de CONADI, Pamela Haitiao, la concejala Yohana Hern\u00e1ndez Ortega, la ex concejala Yorka Cheuquian, junto a un grupo de productoras y productores del programa PDTI.<\/p>\n<p style=\"text-align: justify;\">Sarita Carfulef del sector El Salto, manifest\u00f3 su entusiasmo por participar de la primera expo PDTI, \u00abestoy muy contenta de que el programa se est\u00e9 desarrollando aqu\u00ed y de haber participado en la primera feria. Es realmente importante que se generen estas actividades que benefician nuestra econom\u00eda familiar, nos permiten compartir nuestro kim\u00fcn (sabidur\u00eda ancestral) y ayudan a visibilizar nuestra mapuche mongen (cultura y forma de vida mapuche). El trabajo que hacemos como mapuche es una herencia de nuestros antepasados. Fue una experiencia muy linda, tanto en lo social, como en lo cultural y econ\u00f3mico, y me quedo con muchas ganas de que haya m\u00e1s jornadas como esta.\u00bb<\/p>\n<p style=\"text-align: justify;\">El Programa de Desarrollo Territorial Ind\u00edgena (PDTI) de INDAP ayuda a las comunidades ind\u00edgenas en el campo, ofreci\u00e9ndoles asesor\u00eda t\u00e9cnica, capacitaciones y financiamiento. En la comuna de Coyhaique, el convenio PDTI firmado este a\u00f1o entre la municipalidad e INDAP beneficia a 40 familias de diferentes sectores rurales, en su mayor\u00eda pertenecientes a organizaciones o comunidades de pueblos originarios. Roberto Soler, encargado del PDTI en la comuna de Coyhaique, valor\u00f3 los beneficios del programa: \u00abestos recursos otorgados desde INDAP a la Municipalidad de Coyhaique representan un respaldo fundamental para que nuestra comuna contin\u00fae fortaleciendo el desarrollo de sus comunidades originarias\u00bb.<\/p>\n<p style=\"text-align: justify;\">Actividades como la Expo PDTI fortalecen los lazos entre las instituciones y las comunidades, promoviendo una agricultura sostenible y resiliente, uno de los ejes estrat\u00e9gicos de INDAP. Estas instancias mejoran la calidad de vida en el sector rural y fomentan el desarrollo econ\u00f3mico local. Al ofrecer alimentos sanos, naturales y frescos, este programa mejora el acceso de nuestra ciudad a alimentos de calidad. Adem\u00e1s, empodera econ\u00f3mica y productivamente a nuestras comunidades ind\u00edgenas y rurales en Ays\u00e9n, potenciando su rol fundamental en el avance hacia una cultura de consumo de productos locales.<\/p>\n<\/div><\/section><\/div><div  style='height:50px' class='hr hr-invisible   avia-builder-el-6  el_after_av_one_full  el_before_av_social_share '><span class='hr-inner ' ><span class='hr-inner-style'><\/span><\/span><\/div><\/p>\n<div  class='av-social-sharing-box  avia-builder-el-7  el_after_av_hr  el_before_av_hr  '><div class='av-share-box'><h5 class='av-share-link-description av-no-toc '>Compartir esta noticia<\/h5><ul class='av-share-box-list noLightbox'><li class='av-share-link av-social-link-facebook' ><a target=\"_blank\" aria-label=\"Compartir en Facebook\" href='https:\/\/www.facebook.com\/sharer.php?u=https:\/\/radiorevelacionfm.cl\/?p=47843&#038;t=Primera%20edici%C3%B3n%20de%20la%20Expo%20PDTI%20en%20Coyhaique%20destaca%20productos%20locales%20y%20cultura%20ind%C3%ADgena' aria-hidden='false' data-av_icon='\ue8f3' data-av_iconfont='entypo-fontello' title='' data-avia-related-tooltip='Compartir en Facebook' rel=\"noopener\"><span class='avia_hidden_link_text'>Compartir en Facebook<\/span><\/a><\/li><li class='av-share-link av-social-link-twitter' ><a target=\"_blank\" aria-label=\"Compartir en Twitter\" href='https:\/\/twitter.com\/share?text=Primera%20edici%C3%B3n%20de%20la%20Expo%20PDTI%20en%20Coyhaique%20destaca%20productos%20locales%20y%20cultura%20ind%C3%ADgena&#038;url=https:\/\/radiorevelacionfm.cl\/?p=47843' aria-hidden='false' data-av_icon='\ue8f1' data-av_iconfont='entypo-fontello' title='' data-avia-related-tooltip='Compartir en Twitter' rel=\"noopener\"><span class='avia_hidden_link_text'>Compartir en Twitter<\/span><\/a><\/li><li class='av-share-link av-social-link-whatsapp' ><a target=\"_blank\" aria-label=\"Compartir en Whatsapp\" href='https:\/\/api.whatsapp.com\/send?text=https:\/\/radiorevelacionfm.cl\/?p=47843' aria-hidden='false' data-av_icon='\uf232' data-av_iconfont='entypo-fontello' title='' data-avia-related-tooltip='Compartir en Whatsapp' rel=\"noopener\"><span class='avia_hidden_link_text'>Compartir en Whatsapp<\/span><\/a><\/li><li class='av-share-link av-social-link-linkedin' ><a target=\"_blank\" aria-label=\"Compartir en LinkedIn\" href='https:\/\/linkedin.com\/shareArticle?mini=true&#038;title=Primera%20edici%C3%B3n%20de%20la%20Expo%20PDTI%20en%20Coyhaique%20destaca%20productos%20locales%20y%20cultura%20ind%C3%ADgena&#038;url=https:\/\/radiorevelacionfm.cl\/?p=47843' aria-hidden='false' data-av_icon='\ue8fc' data-av_iconfont='entypo-fontello' title='' data-avia-related-tooltip='Compartir en LinkedIn' rel=\"noopener\"><span class='avia_hidden_link_text'>Compartir en LinkedIn<\/span><\/a><\/li><li class='av-share-link av-social-link-mail' ><a  aria-label=\"Compartir por correo\" href='mailto:?subject=Primera%20edici%C3%B3n%20de%20la%20Expo%20PDTI%20en%20Coyhaique%20destaca%20productos%20locales%20y%20cultura%20ind%C3%ADgena&#038;body=https:\/\/radiorevelacionfm.cl\/?p=47843' aria-hidden='false' data-av_icon='\ue805' data-av_iconfont='entypo-fontello' title='' data-avia-related-tooltip='Compartir por correo'><span class='avia_hidden_link_text'>Compartir por correo<\/span><\/a><\/li><\/ul><\/div><\/div>\n<div  style='height:50px' class='hr hr-invisible   avia-builder-el-8  el_after_av_social_share  el_before_av_comments_list '><span class='hr-inner ' ><span class='hr-inner-style'><\/span><\/span><\/div>\n<div  class='av-buildercomment  av-blog-meta-html-info-disabled av-blog-meta-tag-disabled  '><\/div>\n","protected":false},"excerpt":{"rendered":"","protected":false},"author":1,"featured_media":47844,"comment_status":"open","ping_status":"open","sticky":false,"template":"","format":"standard","meta":{"footnotes":""},"categories":[38],"tags":[],"class_list":["post-47843","post","type-post","status-publish","format-standard","has-post-thumbnail","hentry","category-regional"],"jetpack_featured_media_url":"https:\/\/radiorevelacionfm.cl\/wp-content\/uploads\/2024\/11\/EXPO-PDTI-3-2-2-2.jpeg","_links":{"self":[{"href":"https:\/\/radiorevelacionfm.cl\/index.php?rest_route=\/wp\/v2\/posts\/47843","targetHints":{"allow":["GET"]}}],"collection":[{"href":"https:\/\/radiorevelacionfm.cl\/index.php?rest_route=\/wp\/v2\/posts"}],"about":[{"href":"https:\/\/radiorevelacionfm.cl\/index.php?rest_route=\/wp\/v2\/types\/post"}],"author":[{"embeddable":true,"href":"https:\/\/radiorevelacionfm.cl\/index.php?rest_route=\/wp\/v2\/users\/1"}],"replies":[{"embeddable":true,"href":"https:\/\/radiorevelacionfm.cl\/index.php?rest_route=%2Fwp%2Fv2%2Fcomments&post=47843"}],"version-history":[{"count":1,"href":"https:\/\/radiorevelacionfm.cl\/index.php?rest_route=\/wp\/v2\/posts\/47843\/revisions"}],"predecessor-version":[{"id":47845,"href":"https:\/\/radiorevelacionfm.cl\/index.php?rest_route=\/wp\/v2\/posts\/47843\/revisions\/47845"}],"wp:featuredmedia":[{"embeddable":true,"href":"https:\/\/radiorevelacionfm.cl\/index.php?rest_route=\/wp\/v2\/media\/47844"}],"wp:attachment":[{"href":"https:\/\/radiorevelacionfm.cl\/index.php?rest_route=%2Fwp%2Fv2%2Fmedia&parent=47843"}],"wp:term":[{"taxonomy":"category","embeddable":true,"href":"https:\/\/radiorevelacionfm.cl\/index.php?rest_route=%2Fwp%2Fv2%2Fcategories&post=47843"},{"taxonomy":"post_tag","embeddable":true,"href":"https:\/\/radiorevelacionfm.cl\/index.php?rest_route=%2Fwp%2Fv2%2Ftags&post=47843"}],"curies":[{"name":"wp","href":"https:\/\/api.w.org\/{rel}","templated":true}]}}