{"id":47840,"date":"2024-11-10T21:13:32","date_gmt":"2024-11-11T00:13:32","guid":{"rendered":"https:\/\/radiorevelacionfm.cl\/?p=47840"},"modified":"2024-11-10T21:13:32","modified_gmt":"2024-11-11T00:13:32","slug":"reto-tehuelche-2024-se-consolida-triatlon-de-la-cuenca-cuyo-publico-principal-es-la-propia-comunidad","status":"publish","type":"post","link":"https:\/\/radiorevelacionfm.cl\/?p=47840","title":{"rendered":"\u00abReto Tehuelche 2024\u00bb: Se consolida triatl\u00f3n de la cuenca cuyo p\u00fablico principal es la propia comunidad"},"content":{"rendered":"<div class=\"flex_column av_one_full  flex_column_div av-zero-column-padding first  avia-builder-el-0  el_before_av_one_full  avia-builder-el-first  \" style='border-radius:0px; '><div  class='avia-image-container  av-styling-    avia-builder-el-1  avia-builder-el-no-sibling  avia-align-center '  itemprop=\"image\" itemscope=\"itemscope\" itemtype=\"https:\/\/schema.org\/ImageObject\"  ><div class='avia-image-container-inner'><div class='avia-image-overlay-wrap'><img decoding=\"async\" class='wp-image-47841 avia-img-lazy-loading-not-47841 avia_image' src=\"https:\/\/radiorevelacionfm.cl\/wp-content\/uploads\/2024\/11\/foto-reto-tehuelche-2024-00001-2-2_optimized.jpg\" alt='' title='foto-reto-tehuelche-2024 - 00001-2-2_optimized' height=\"600\" width=\"800\"  itemprop=\"thumbnailUrl\" srcset=\"https:\/\/radiorevelacionfm.cl\/wp-content\/uploads\/2024\/11\/foto-reto-tehuelche-2024-00001-2-2_optimized.jpg 800w, https:\/\/radiorevelacionfm.cl\/wp-content\/uploads\/2024\/11\/foto-reto-tehuelche-2024-00001-2-2_optimized-300x225.jpg 300w, https:\/\/radiorevelacionfm.cl\/wp-content\/uploads\/2024\/11\/foto-reto-tehuelche-2024-00001-2-2_optimized-768x576.jpg 768w, https:\/\/radiorevelacionfm.cl\/wp-content\/uploads\/2024\/11\/foto-reto-tehuelche-2024-00001-2-2_optimized-705x529.jpg 705w, https:\/\/radiorevelacionfm.cl\/wp-content\/uploads\/2024\/11\/foto-reto-tehuelche-2024-00001-2-2_optimized-450x338.jpg 450w, https:\/\/radiorevelacionfm.cl\/wp-content\/uploads\/2024\/11\/foto-reto-tehuelche-2024-00001-2-2_optimized-600x450.jpg 600w\" sizes=\"(max-width: 800px) 100vw, 800px\" \/><\/div><\/div><\/div><\/div><div class=\"flex_column av_one_full  flex_column_div av-zero-column-padding first  avia-builder-el-2  el_after_av_one_full  el_before_av_one_full  column-top-margin\" style='border-radius:0px; '><section class=\"av_textblock_section \"  itemscope=\"itemscope\" itemtype=\"https:\/\/schema.org\/BlogPosting\" itemprop=\"blogPost\" ><div class='avia_textblock  '   itemprop=\"text\" ><p style=\"text-align: center;\"><span style=\"font-size: 18pt;\"><b><span lang=\"ES-TRAD\">\u00abReto Tehuelche 2024\u00bb: Se consolida triatl\u00f3n de la cuenca cuyo p\u00fablico principal es la propia comunidad<\/span><\/b><\/span><\/p>\n<div id=\"gtx-trans\" style=\"position: absolute; left: -50px; top: 4.31534px;\">\n<div class=\"gtx-trans-icon\"><\/div>\n<\/div>\n<\/div><\/section><\/div><div class=\"flex_column av_one_full  flex_column_div av-zero-column-padding first  avia-builder-el-4  el_after_av_one_full  el_before_av_hr  column-top-margin\" style='border-radius:0px; '><section class=\"av_textblock_section \"  itemscope=\"itemscope\" itemtype=\"https:\/\/schema.org\/BlogPosting\" itemprop=\"blogPost\" ><div class='avia_textblock  '   itemprop=\"text\" ><p style=\"text-align: justify;\"><i><span lang=\"ES-TRAD\">Este a\u00f1o la competencia que combina kayak, bicicleta y trote super\u00f3 con creces las expectativas de participaci\u00f3n, con apoyo de lo\/as socio\/as de la AG de Turismo, vecino\/as y empresas locales, adem\u00e1s de entidades como PER de Turismo, Sernatur y la Municipalidad de Chile Chico, reforzando el sentido de lo p\u00fablico y no comercial de la iniciativa.<\/span><\/i><\/p>\n<p class=\"v1MsoNormal\" style=\"text-align: justify;\"><span lang=\"ES-TRAD\">Superando con creces las expectativas de participaci\u00f3n individual y por equipos se desarroll\u00f3 la \u00faltima versi\u00f3n del triatl\u00f3n \u00abReto Tehuelche\u00bb, que reuni\u00f3 a competidore\/as de distintos puntos de la regi\u00f3n.\u00a0\u00a0La actividad, que ya va en su cuarta entrega, continu\u00f3 el s\u00e1bado 2 de noviembre con el esp\u00edritu comunitario al ser desarrollada por los propios habitantes a trav\u00e9s de sus organizaciones, en especial la AG de Turismo de Puerto Guadal.<\/span><\/p>\n<p class=\"v1MsoNormal\" style=\"text-align: justify;\"><span lang=\"ES-TRAD\">Fueron 13 lo\/as participantes individuales, m\u00e1s 12 equipos triples, un 48% m\u00e1s de inscripciones que en 2023.\u00a0\u00a0\u00a0Aunque por esos d\u00edas el clima presentaba lluvia y fuertes vientos, la ma\u00f1ana de ese s\u00e1bado escamp\u00f3, con lo cual a las 10 de la ma\u00f1ana se pudo dar la largada oficial con la competencia de kayak, desde el muelle de la localidad.<\/span><\/p>\n<p class=\"v1MsoNormal\" style=\"text-align: justify;\"><span lang=\"ES-TRAD\">En el sector Playa Larga, tras recorrer 6,8 kil\u00f3metros del lago General Carrera, continu\u00f3 la competencia en bicicleta por 12,3 kil\u00f3metros hasta mina Escondida, para terminar con trote de 14,9 kil\u00f3metros hacia la playa Las Rocas, tras recorrer el sector de la laguna La Manga.<\/span><\/p>\n<p class=\"v1MsoNormal\" style=\"text-align: justify;\"><span lang=\"ES-TRAD\">En paralelo se desarroll\u00f3 la feria de emprendedores de artesan\u00eda, hortalizas y productos sustentables, organizada por ArteChelenko, adem\u00e1s de la muestra de muebles r\u00fasticos resultantes de un taller organizado por la Junta de Vecinos N8.<\/span><\/p>\n<p class=\"v1MsoNormal\" style=\"text-align: justify;\">\u00ab<i><span lang=\"ES-TRAD\">En este Reto Tehuelche 2024 hemos quedado muy contentos como organizaci\u00f3n,\u00a0\u00a0porque nos hemos ido dando cuenta que al parecer estamos haciendo las cosas bien<\/span><\/i><span lang=\"ES-TRAD\">\u00bb se\u00f1al\u00f3 sobre la actividad la presidenta de la AG de Turismo de la localidad, Ang\u00e9lica Anti\u00f1anco Levicoy.\u00a0\u00a0\u00ab<i>Tuvimos una gran cantidad de competidores.\u00a0\u00a0Si bien comenzamos con un n\u00famero peque\u00f1o, la primera vez creo que fueron alrededor de 15 o 16 personas, haber superado ahora los 50 inscritos, quedando incluso gente fuera, nos pone muy alegres.\u00a0\u00a0Esperamos seguir mejorando y avanzando para lo que se viene el pr\u00f3ximo a\u00f1o<\/i>\u00bb puntualiz\u00f3.<\/span><\/p>\n<p class=\"v1MsoNormal\" style=\"text-align: justify;\"><span lang=\"ES-TRAD\">Explic\u00f3 que esta actividad deportiva permite, adem\u00e1s, trabajar por el bienestar de la cuenca del lago General Carrera, cuidando el territorio con el fin de que se siga conservando.\u00a0\u00a0Asimismo, \u00ab<i>es una buena manera de que la gente conozca los lugares bonitos que tenemos.\u00a0\u00a0\u00a1Qu\u00e9 mejor forma de incentivar su cuidado!<\/i>\u00bb expres\u00f3.<\/span><\/p>\n<p class=\"v1MsoNormal\" style=\"text-align: justify;\"><span lang=\"ES-TRAD\">La idea es seguir fortaleciendo la actividad, que se sustenta en la visi\u00f3n de que desde la propia comunidad es posible realizar este tipo de actividades, con foco en lo que quienes habitan el territorio &#8211; en sinton\u00eda con su cuidado- quieren desarrollar.<\/span><\/p>\n<p class=\"v1MsoNormal\" style=\"text-align: justify;\"><span lang=\"ES-TRAD\">En este sentido, desde la agrupaci\u00f3n se remarc\u00f3 la necesaria coordinaci\u00f3n entre entidades que realizan actividades similares en sectores aleda\u00f1os, con el fin de generar sinergias y evitar competencias entre los eventos.\u00a0\u00a0\u00ab<i>Como organizaci\u00f3n de la cuenca, de personas que habitamos este lugar permanentemente y que no tenemos negocios paralelos asociados a esta actividad en espec\u00edfico, nos interesa el desarrollo sustentable en el largo plazo.\u00a0\u00a0Pero esa mirada no es la que se ha demostrado desde otro tipo de competencias deportivas cercanas, que han emergido en el \u00faltimo tiempo y que est\u00e1n asociadas a parcelaciones de nuestro territorio, con todo lo que ello involucra<\/i>\u00bb se\u00f1alaron.<\/span><\/p>\n<p class=\"v1MsoNormal\" style=\"text-align: justify;\"><span lang=\"ES-TRAD\">En este sentido, \u00ab<i>Reto Tehuelche<\/i>\u00bb se sustenta en el apoyo de lo\/as socio\/as de la AG de Turismo, vecino\/as y empresas locales, adem\u00e1s de entidades como PER de Turismo, SERNATUR Ays\u00e9n y la Municipalidad de Chile Chico, reforzando la mirada de lo p\u00fablico y no comercial de la iniciativa.<\/span><\/p>\n<p class=\"v1MsoNormal\" style=\"text-align: justify;\"><span lang=\"ES-TRAD\">En coherencia con ello, los trofeos a los primeros lugares fue una obra del creador local Iv\u00e1n Barramu\u00f1o, que representa las tres disciplinas a trav\u00e9s del soldaje de fierros reciclados.<\/span><\/p>\n<p class=\"v1MsoNormal\" style=\"text-align: justify;\"><b><span lang=\"ES-TRAD\">Resultados<\/span><\/b><\/p>\n<p class=\"v1MsoNormal\" style=\"text-align: justify;\"><u><span lang=\"ES-TRAD\">Individual varones<\/span><\/u><span lang=\"ES-TRAD\">: 1\u00b0\u00a0<b>Daniel P\u00e9rez Rubilar<\/b>\u00a0(Coyhaique, 3:57:36); 2\u00b0\u00a0<b>Alexis V\u00e1squez Ureta<\/b>\u00a0(Puerto R\u00edo Tranquilo; 3:57:43); 3\u00b0\u00a0<b>Pawel Goraj<\/b>\u00a0(Coyhaique, 4:02:47).<\/span><\/p>\n<p class=\"v1MsoNormal\" style=\"text-align: justify;\"><span lang=\"ES-TRAD\">Individual damas: 1\u00b0\u00a0<b>Paola Oyarz\u00fan Fica<\/b>\u00a0(Chile Chico, 4:45:58); 2\u00b0\u00a0<b>Ingrid Espinoza Pincol<\/b>\u00a0(Cochrane, 6:07:26).<\/span><\/p>\n<p class=\"v1MsoNormal\" style=\"text-align: justify;\"><span lang=\"ES-TRAD\">Equipos varones: 1\u00b0\u00a0<\/span><b>Club X-TRI Race<\/b>\u00a0(Cochrane, 3:34:57); 2\u00b0\u00a0<b><span lang=\"ES-TRAD\">Grupo Cascada<\/span><\/b><span lang=\"ES-TRAD\">\u00a0(Chile Chico, 3:47:04); 3\u00b0\u00a0<b>IBOJGA<\/b>\u00a0(Puerto Guadal, 4:30:38).<\/span><\/p>\n<p class=\"v1MsoNormal\" style=\"text-align: justify;\"><span lang=\"ES-TRAD\">Equipos mixtos: 1\u00b0\u00a0<\/span><b>Club X-TRI Race<\/b>\u00a0(Cochrane, 3:36:41);\u00a0<span lang=\"ES-TRAD\">2\u00b0\u00a0<b>Los Titanes del Chelenko<\/b>\u00a0(Puerto R\u00edo Tranquilo, 3:39:17); 3\u00b0\u00a0<b>Aventura<\/b>\u00a0(Cochrane, 3:45:18).<\/span><\/p>\n<p class=\"v1MsoNormal\" style=\"text-align: justify;\"><span lang=\"ES-TRAD\">Equipos damas: 1\u00b0\u00a0<b>Viento a favor<\/b>\u00a0(Chile Chico, 4:16:03); 2\u00b0\u00a0<b>Las Villanas y Las Villa-Bombing<\/b>\u00a0(Villa O&#8217;Higgins, 6:07:35), ambos equipos compartiendo el segundo lugar.<\/span><\/p>\n<\/div><\/section><\/div><div  style='height:50px' class='hr hr-invisible   avia-builder-el-6  el_after_av_one_full  el_before_av_social_share '><span class='hr-inner ' ><span class='hr-inner-style'><\/span><\/span><\/div><\/p>\n<div  class='av-social-sharing-box  avia-builder-el-7  el_after_av_hr  el_before_av_hr  '><div class='av-share-box'><h5 class='av-share-link-description av-no-toc '>Compartir esta noticia<\/h5><ul class='av-share-box-list noLightbox'><li class='av-share-link av-social-link-facebook' ><a target=\"_blank\" aria-label=\"Compartir en Facebook\" href='https:\/\/www.facebook.com\/sharer.php?u=https:\/\/radiorevelacionfm.cl\/?p=47840&#038;t=%C2%ABReto%20Tehuelche%202024%C2%BB%3A%20Se%20consolida%20triatl%C3%B3n%20de%20la%20cuenca%20cuyo%20p%C3%BAblico%20principal%20es%20la%20propia%20comunidad' aria-hidden='false' data-av_icon='\ue8f3' data-av_iconfont='entypo-fontello' title='' data-avia-related-tooltip='Compartir en Facebook' rel=\"noopener\"><span class='avia_hidden_link_text'>Compartir en Facebook<\/span><\/a><\/li><li class='av-share-link av-social-link-twitter' ><a target=\"_blank\" aria-label=\"Compartir en Twitter\" href='https:\/\/twitter.com\/share?text=%C2%ABReto%20Tehuelche%202024%C2%BB%3A%20Se%20consolida%20triatl%C3%B3n%20de%20la%20cuenca%20cuyo%20p%C3%BAblico%20principal%20es%20la%20propia%20comunidad&#038;url=https:\/\/radiorevelacionfm.cl\/?p=47840' aria-hidden='false' data-av_icon='\ue8f1' data-av_iconfont='entypo-fontello' title='' data-avia-related-tooltip='Compartir en Twitter' rel=\"noopener\"><span class='avia_hidden_link_text'>Compartir en Twitter<\/span><\/a><\/li><li class='av-share-link av-social-link-whatsapp' ><a target=\"_blank\" aria-label=\"Compartir en Whatsapp\" href='https:\/\/api.whatsapp.com\/send?text=https:\/\/radiorevelacionfm.cl\/?p=47840' aria-hidden='false' data-av_icon='\uf232' data-av_iconfont='entypo-fontello' title='' data-avia-related-tooltip='Compartir en Whatsapp' rel=\"noopener\"><span class='avia_hidden_link_text'>Compartir en Whatsapp<\/span><\/a><\/li><li class='av-share-link av-social-link-linkedin' ><a target=\"_blank\" aria-label=\"Compartir en LinkedIn\" href='https:\/\/linkedin.com\/shareArticle?mini=true&#038;title=%C2%ABReto%20Tehuelche%202024%C2%BB%3A%20Se%20consolida%20triatl%C3%B3n%20de%20la%20cuenca%20cuyo%20p%C3%BAblico%20principal%20es%20la%20propia%20comunidad&#038;url=https:\/\/radiorevelacionfm.cl\/?p=47840' aria-hidden='false' data-av_icon='\ue8fc' data-av_iconfont='entypo-fontello' title='' data-avia-related-tooltip='Compartir en LinkedIn' rel=\"noopener\"><span class='avia_hidden_link_text'>Compartir en LinkedIn<\/span><\/a><\/li><li class='av-share-link av-social-link-mail' ><a  aria-label=\"Compartir por correo\" href='mailto:?subject=%C2%ABReto%20Tehuelche%202024%C2%BB%3A%20Se%20consolida%20triatl%C3%B3n%20de%20la%20cuenca%20cuyo%20p%C3%BAblico%20principal%20es%20la%20propia%20comunidad&#038;body=https:\/\/radiorevelacionfm.cl\/?p=47840' aria-hidden='false' data-av_icon='\ue805' data-av_iconfont='entypo-fontello' title='' data-avia-related-tooltip='Compartir por correo'><span class='avia_hidden_link_text'>Compartir por correo<\/span><\/a><\/li><\/ul><\/div><\/div>\n<div  style='height:50px' class='hr hr-invisible   avia-builder-el-8  el_after_av_social_share  el_before_av_comments_list '><span class='hr-inner ' ><span class='hr-inner-style'><\/span><\/span><\/div>\n<div  class='av-buildercomment  av-blog-meta-html-info-disabled av-blog-meta-tag-disabled  '><\/div>\n","protected":false},"excerpt":{"rendered":"","protected":false},"author":1,"featured_media":47841,"comment_status":"open","ping_status":"open","sticky":false,"template":"","format":"standard","meta":{"footnotes":""},"categories":[38],"tags":[],"class_list":["post-47840","post","type-post","status-publish","format-standard","has-post-thumbnail","hentry","category-regional"],"jetpack_featured_media_url":"https:\/\/radiorevelacionfm.cl\/wp-content\/uploads\/2024\/11\/foto-reto-tehuelche-2024-00001-2-2_optimized.jpg","_links":{"self":[{"href":"https:\/\/radiorevelacionfm.cl\/index.php?rest_route=\/wp\/v2\/posts\/47840","targetHints":{"allow":["GET"]}}],"collection":[{"href":"https:\/\/radiorevelacionfm.cl\/index.php?rest_route=\/wp\/v2\/posts"}],"about":[{"href":"https:\/\/radiorevelacionfm.cl\/index.php?rest_route=\/wp\/v2\/types\/post"}],"author":[{"embeddable":true,"href":"https:\/\/radiorevelacionfm.cl\/index.php?rest_route=\/wp\/v2\/users\/1"}],"replies":[{"embeddable":true,"href":"https:\/\/radiorevelacionfm.cl\/index.php?rest_route=%2Fwp%2Fv2%2Fcomments&post=47840"}],"version-history":[{"count":1,"href":"https:\/\/radiorevelacionfm.cl\/index.php?rest_route=\/wp\/v2\/posts\/47840\/revisions"}],"predecessor-version":[{"id":47842,"href":"https:\/\/radiorevelacionfm.cl\/index.php?rest_route=\/wp\/v2\/posts\/47840\/revisions\/47842"}],"wp:featuredmedia":[{"embeddable":true,"href":"https:\/\/radiorevelacionfm.cl\/index.php?rest_route=\/wp\/v2\/media\/47841"}],"wp:attachment":[{"href":"https:\/\/radiorevelacionfm.cl\/index.php?rest_route=%2Fwp%2Fv2%2Fmedia&parent=47840"}],"wp:term":[{"taxonomy":"category","embeddable":true,"href":"https:\/\/radiorevelacionfm.cl\/index.php?rest_route=%2Fwp%2Fv2%2Fcategories&post=47840"},{"taxonomy":"post_tag","embeddable":true,"href":"https:\/\/radiorevelacionfm.cl\/index.php?rest_route=%2Fwp%2Fv2%2Ftags&post=47840"}],"curies":[{"name":"wp","href":"https:\/\/api.w.org\/{rel}","templated":true}]}}