{"id":47837,"date":"2024-11-09T22:25:38","date_gmt":"2024-11-10T01:25:38","guid":{"rendered":"https:\/\/radiorevelacionfm.cl\/?p=47837"},"modified":"2024-11-09T22:25:38","modified_gmt":"2024-11-10T01:25:38","slug":"indap-abre-concurso-publico-fndr-suelos-aysen","status":"publish","type":"post","link":"https:\/\/radiorevelacionfm.cl\/?p=47837","title":{"rendered":"Indap abre concurso p\u00fablico FNDR suelos Ays\u00e9n"},"content":{"rendered":"<div class=\"flex_column av_one_full  flex_column_div av-zero-column-padding first  avia-builder-el-0  el_before_av_one_full  avia-builder-el-first  \" style='border-radius:0px; '><div  class='avia-image-container  av-styling-    avia-builder-el-1  avia-builder-el-no-sibling  avia-align-center '  itemprop=\"image\" itemscope=\"itemscope\" itemtype=\"https:\/\/schema.org\/ImageObject\"  ><div class='avia-image-container-inner'><div class='avia-image-overlay-wrap'><img decoding=\"async\" class='wp-image-47838 avia-img-lazy-loading-not-47838 avia_image' src=\"https:\/\/radiorevelacionfm.cl\/wp-content\/uploads\/2024\/11\/praderas-aysen-2_optimized-2.jpg\" alt='' title='praderas-aysen-2_optimized-2' height=\"600\" width=\"901\"  itemprop=\"thumbnailUrl\" srcset=\"https:\/\/radiorevelacionfm.cl\/wp-content\/uploads\/2024\/11\/praderas-aysen-2_optimized-2.jpg 901w, https:\/\/radiorevelacionfm.cl\/wp-content\/uploads\/2024\/11\/praderas-aysen-2_optimized-2-300x200.jpg 300w, https:\/\/radiorevelacionfm.cl\/wp-content\/uploads\/2024\/11\/praderas-aysen-2_optimized-2-768x511.jpg 768w, https:\/\/radiorevelacionfm.cl\/wp-content\/uploads\/2024\/11\/praderas-aysen-2_optimized-2-705x469.jpg 705w, https:\/\/radiorevelacionfm.cl\/wp-content\/uploads\/2024\/11\/praderas-aysen-2_optimized-2-450x300.jpg 450w, https:\/\/radiorevelacionfm.cl\/wp-content\/uploads\/2024\/11\/praderas-aysen-2_optimized-2-600x400.jpg 600w\" sizes=\"(max-width: 901px) 100vw, 901px\" \/><\/div><\/div><\/div><\/div><div class=\"flex_column av_one_full  flex_column_div av-zero-column-padding first  avia-builder-el-2  el_after_av_one_full  el_before_av_one_full  column-top-margin\" style='border-radius:0px; '><section class=\"av_textblock_section \"  itemscope=\"itemscope\" itemtype=\"https:\/\/schema.org\/BlogPosting\" itemprop=\"blogPost\" ><div class='avia_textblock  '   itemprop=\"text\" ><p style=\"text-align: center;\"><strong><span style=\"font-size: 18pt;\">Indap abre concurso p\u00fablico FNDR suelos Ays\u00e9n<\/span><\/strong><\/p>\n<div id=\"gtx-trans\" style=\"position: absolute; left: -50px; top: 4.31534px;\">\n<div class=\"gtx-trans-icon\"><\/div>\n<\/div>\n<\/div><\/section><\/div><div class=\"flex_column av_one_full  flex_column_div av-zero-column-padding first  avia-builder-el-4  el_after_av_one_full  el_before_av_hr  column-top-margin\" style='border-radius:0px; '><section class=\"av_textblock_section \"  itemscope=\"itemscope\" itemtype=\"https:\/\/schema.org\/BlogPosting\" itemprop=\"blogPost\" ><div class='avia_textblock  '   itemprop=\"text\" ><p style=\"text-align: justify;\">La Directora Regional de INDAP Ays\u00e9n del Ministerio de Agricultura, Yessica Lagos C\u00e1rdenas, ha anunciado la apertura del concurso p\u00fablico del Convenio de Transferencia de Recursos entre la SEREMI de Agricultura y el Instituto de Desarrollo Agropecuario (INDAP) de la Regi\u00f3n de Ays\u00e9n, con fondos del Gobierno Regional y su Consejo.<\/p>\n<p style=\"text-align: justify;\">Este concurso presenta cinco objetivos y actividades clave, orientados a fortalecer las habilidades y conocimientos de las familias campesinas de Ays\u00e9n. Entre estos objetivos se encuentran: fomentar el conocimiento y pr\u00e1cticas sustentables a trav\u00e9s de pr\u00e1cticas silvoagroambientales que promuevan la conservaci\u00f3n del suelo; promover la innovaci\u00f3n en el campo, alentando la b\u00fasqueda de soluciones creativas que mejoren la eficiencia en las actividades agr\u00edcolas mediante herramientas y conocimientos nuevos orientados a enfrentar el cambio clim\u00e1tico y mantener la productividad de nuestra tierra aysenina.<br \/>\n\u201cCon este concurso, buscamos contribuir a una agricultura m\u00e1s sustentable y productiva, adaptada a las particularidades de nuestra tierra en Ays\u00e9n. Invitamos a los agricultores y agricultoras a sumarse a esta iniciativa y a aprovechar estos incentivos, que son un respaldo importante para mejorar su producci\u00f3n y conservar el medio ambiente\u201d, destac\u00f3 Yessica Lagos, directora de INDAP Ays\u00e9n.<\/p>\n<p style=\"text-align: justify;\">Adem\u00e1s, se plantean como objetivos adicionales del concurso FNDR Suelos el apoyar la econom\u00eda local a trav\u00e9s de proyectos productivos, fomentando actividades que contribuyan al crecimiento econ\u00f3mico en las comunidades rurales, generando ingresos y empleo. Cada agricultor podr\u00e1 optar a beneficios por hasta 160 UTM anuales, mientras que los planes de m\u00e1s de un a\u00f1o podr\u00e1n recibir hasta 240 UTM, de acuerdo al valor de la UTM de enero de 2024. Estos incentivos de INDAP abarcan hasta el 90% de los costos netos de las pr\u00e1cticas incluidas en el programa y consideran bonificaciones para asistencia t\u00e9cnica y an\u00e1lisis de suelos, esenciales para el dise\u00f1o y ejecuci\u00f3n de los planes de manejo.<\/p>\n<p style=\"text-align: justify;\">Las y los interesados podr\u00e1n postular desde el 5 de noviembre de 2024 hasta el 31 de enero del 2025 a las 13:00 hrs. Para m\u00e1s detalles, se recomienda consultar las bases y normas t\u00e9cnicas en las agencias de \u00e1rea INDAP Ays\u00e9n o en la Direcci\u00f3n Regional.<\/p>\n<\/div><\/section><\/div><div  style='height:50px' class='hr hr-invisible   avia-builder-el-6  el_after_av_one_full  el_before_av_social_share '><span class='hr-inner ' ><span class='hr-inner-style'><\/span><\/span><\/div><\/p>\n<div  class='av-social-sharing-box  avia-builder-el-7  el_after_av_hr  el_before_av_hr  '><div class='av-share-box'><h5 class='av-share-link-description av-no-toc '>Compartir esta noticia<\/h5><ul class='av-share-box-list noLightbox'><li class='av-share-link av-social-link-facebook' ><a target=\"_blank\" aria-label=\"Compartir en Facebook\" href='https:\/\/www.facebook.com\/sharer.php?u=https:\/\/radiorevelacionfm.cl\/?p=47837&#038;t=Indap%20abre%20concurso%20p%C3%BAblico%20FNDR%20suelos%20Ays%C3%A9n' aria-hidden='false' data-av_icon='\ue8f3' data-av_iconfont='entypo-fontello' title='' data-avia-related-tooltip='Compartir en Facebook' rel=\"noopener\"><span class='avia_hidden_link_text'>Compartir en Facebook<\/span><\/a><\/li><li class='av-share-link av-social-link-twitter' ><a target=\"_blank\" aria-label=\"Compartir en Twitter\" href='https:\/\/twitter.com\/share?text=Indap%20abre%20concurso%20p%C3%BAblico%20FNDR%20suelos%20Ays%C3%A9n&#038;url=https:\/\/radiorevelacionfm.cl\/?p=47837' aria-hidden='false' data-av_icon='\ue8f1' data-av_iconfont='entypo-fontello' title='' data-avia-related-tooltip='Compartir en Twitter' rel=\"noopener\"><span class='avia_hidden_link_text'>Compartir en Twitter<\/span><\/a><\/li><li class='av-share-link av-social-link-whatsapp' ><a target=\"_blank\" aria-label=\"Compartir en Whatsapp\" href='https:\/\/api.whatsapp.com\/send?text=https:\/\/radiorevelacionfm.cl\/?p=47837' aria-hidden='false' data-av_icon='\uf232' data-av_iconfont='entypo-fontello' title='' data-avia-related-tooltip='Compartir en Whatsapp' rel=\"noopener\"><span class='avia_hidden_link_text'>Compartir en Whatsapp<\/span><\/a><\/li><li class='av-share-link av-social-link-linkedin' ><a target=\"_blank\" aria-label=\"Compartir en LinkedIn\" href='https:\/\/linkedin.com\/shareArticle?mini=true&#038;title=Indap%20abre%20concurso%20p%C3%BAblico%20FNDR%20suelos%20Ays%C3%A9n&#038;url=https:\/\/radiorevelacionfm.cl\/?p=47837' aria-hidden='false' data-av_icon='\ue8fc' data-av_iconfont='entypo-fontello' title='' data-avia-related-tooltip='Compartir en LinkedIn' rel=\"noopener\"><span class='avia_hidden_link_text'>Compartir en LinkedIn<\/span><\/a><\/li><li class='av-share-link av-social-link-mail' ><a  aria-label=\"Compartir por correo\" href='mailto:?subject=Indap%20abre%20concurso%20p%C3%BAblico%20FNDR%20suelos%20Ays%C3%A9n&#038;body=https:\/\/radiorevelacionfm.cl\/?p=47837' aria-hidden='false' data-av_icon='\ue805' data-av_iconfont='entypo-fontello' title='' data-avia-related-tooltip='Compartir por correo'><span class='avia_hidden_link_text'>Compartir por correo<\/span><\/a><\/li><\/ul><\/div><\/div>\n<div  style='height:50px' class='hr hr-invisible   avia-builder-el-8  el_after_av_social_share  el_before_av_comments_list '><span class='hr-inner ' ><span class='hr-inner-style'><\/span><\/span><\/div>\n<div  class='av-buildercomment  av-blog-meta-html-info-disabled av-blog-meta-tag-disabled  '><\/div>\n","protected":false},"excerpt":{"rendered":"","protected":false},"author":1,"featured_media":47838,"comment_status":"open","ping_status":"open","sticky":false,"template":"","format":"standard","meta":{"footnotes":""},"categories":[58],"tags":[],"class_list":["post-47837","post","type-post","status-publish","format-standard","has-post-thumbnail","hentry","category-agricultura"],"jetpack_featured_media_url":"https:\/\/radiorevelacionfm.cl\/wp-content\/uploads\/2024\/11\/praderas-aysen-2_optimized-2.jpg","_links":{"self":[{"href":"https:\/\/radiorevelacionfm.cl\/index.php?rest_route=\/wp\/v2\/posts\/47837","targetHints":{"allow":["GET"]}}],"collection":[{"href":"https:\/\/radiorevelacionfm.cl\/index.php?rest_route=\/wp\/v2\/posts"}],"about":[{"href":"https:\/\/radiorevelacionfm.cl\/index.php?rest_route=\/wp\/v2\/types\/post"}],"author":[{"embeddable":true,"href":"https:\/\/radiorevelacionfm.cl\/index.php?rest_route=\/wp\/v2\/users\/1"}],"replies":[{"embeddable":true,"href":"https:\/\/radiorevelacionfm.cl\/index.php?rest_route=%2Fwp%2Fv2%2Fcomments&post=47837"}],"version-history":[{"count":1,"href":"https:\/\/radiorevelacionfm.cl\/index.php?rest_route=\/wp\/v2\/posts\/47837\/revisions"}],"predecessor-version":[{"id":47839,"href":"https:\/\/radiorevelacionfm.cl\/index.php?rest_route=\/wp\/v2\/posts\/47837\/revisions\/47839"}],"wp:featuredmedia":[{"embeddable":true,"href":"https:\/\/radiorevelacionfm.cl\/index.php?rest_route=\/wp\/v2\/media\/47838"}],"wp:attachment":[{"href":"https:\/\/radiorevelacionfm.cl\/index.php?rest_route=%2Fwp%2Fv2%2Fmedia&parent=47837"}],"wp:term":[{"taxonomy":"category","embeddable":true,"href":"https:\/\/radiorevelacionfm.cl\/index.php?rest_route=%2Fwp%2Fv2%2Fcategories&post=47837"},{"taxonomy":"post_tag","embeddable":true,"href":"https:\/\/radiorevelacionfm.cl\/index.php?rest_route=%2Fwp%2Fv2%2Ftags&post=47837"}],"curies":[{"name":"wp","href":"https:\/\/api.w.org\/{rel}","templated":true}]}}