{"id":4783,"date":"2021-06-01T19:31:58","date_gmt":"2021-06-01T22:31:58","guid":{"rendered":"https:\/\/radiorevelacionfm.cl\/?p=4783"},"modified":"2021-06-01T19:31:58","modified_gmt":"2021-06-01T22:31:58","slug":"intendenta-ossa-tras-cuenta-publica-el-presidente-reflejo-los-avances-a-pesar-de-las-complejidades-y-nos-llamo-a-dialogar-por-el-futuro-de-chile","status":"publish","type":"post","link":"https:\/\/radiorevelacionfm.cl\/?p=4783","title":{"rendered":"Intendenta Ossa tras cuenta p\u00fablica: \u201cEl Presidente reflej\u00f3 los avances, a pesar de las complejidades y nos llam\u00f3 a dialogar por el futuro de Chile\u201d"},"content":{"rendered":"<div class=\"flex_column av_one_full  flex_column_div av-zero-column-padding first  avia-builder-el-0  el_before_av_one_full  avia-builder-el-first  \" style='border-radius:0px; '><div  class='avia-image-container  av-styling-    avia-builder-el-1  avia-builder-el-no-sibling  avia-align-center '  itemprop=\"image\" itemscope=\"itemscope\" itemtype=\"https:\/\/schema.org\/ImageObject\"  ><div class='avia-image-container-inner'><div class='avia-image-overlay-wrap'><img decoding=\"async\" class='wp-image-0 avia-img-lazy-loading-not-0 avia_image' src=\"https:\/\/radiorevelacionfm.cl\/wp-content\/uploads\/2021\/06\/Foto-Cuenta-Publica-1-1.jpeg\" alt='' title=''   itemprop=\"thumbnailUrl\"  \/><\/div><\/div><\/div><\/div><div class=\"flex_column av_one_full  flex_column_div av-zero-column-padding first  avia-builder-el-2  el_after_av_one_full  el_before_av_one_full  column-top-margin\" style='border-radius:0px; '><section class=\"av_textblock_section \"  itemscope=\"itemscope\" itemtype=\"https:\/\/schema.org\/BlogPosting\" itemprop=\"blogPost\" ><div class='avia_textblock  '   itemprop=\"text\" ><p style=\"text-align: center;\"><strong><span style=\"font-size: 18pt;\">Intendenta Ossa tras cuenta p\u00fablica: \u201cEl Presidente reflej\u00f3 los avances, a pesar de las complejidades y nos llam\u00f3 a dialogar por el futuro de Chile\u201d<\/span><\/strong><\/p>\n<div id=\"gtx-trans\" style=\"position: absolute; left: -50px; top: 4.31534px;\">\n<div class=\"gtx-trans-icon\"><\/div>\n<\/div>\n<\/div><\/section><\/div><div class=\"flex_column av_one_full  flex_column_div av-zero-column-padding first  avia-builder-el-4  el_after_av_one_full  el_before_av_hr  column-top-margin\" style='border-radius:0px; '><section class=\"av_textblock_section \"  itemscope=\"itemscope\" itemtype=\"https:\/\/schema.org\/BlogPosting\" itemprop=\"blogPost\" ><div class='avia_textblock  '   itemprop=\"text\" ><p style=\"text-align: justify;\">El Mandatario, en su \u00faltima rendici\u00f3n al pa\u00eds, enfatiz\u00f3 los avances en materia de educaci\u00f3n; infancia, salud y conectividad. Sobre lo mismo, Margarita Ossa indic\u00f3 que \u201cen la regi\u00f3n de Ays\u00e9n tambi\u00e9n progresamos en este periodo y seguiremos haci\u00e9ndolo con convicci\u00f3n y responsabilidad\u201d.<\/p>\n<p style=\"text-align: justify;\">Terminada la \u00faltima cuenta p\u00fablica del Presidente Sebasti\u00e1n Pi\u00f1era \u2013 su octava como Mandatario \u2013 la Intendenta de Ays\u00e9n Margarita Ossa Rojas valor\u00f3 el mensaje que le entreg\u00f3 al pa\u00eds, donde resumi\u00f3 los avances obtenidos pero tambi\u00e9n plante\u00f3 los desaf\u00edos a cumplir en los pr\u00f3ximos 10 meses.<\/p>\n<p style=\"text-align: justify;\">En tal sentido, la Ejecutivo Regional se\u00f1al\u00f3 que \u201cel Presidente Sebasti\u00e1n Pi\u00f1era reflej\u00f3 los avances, a pesar de las complejidades por todos conocidas, y nos llam\u00f3 a dialogar por el futuro de Chile. Llamado que hago extensivo a nuestra regi\u00f3n de Ays\u00e9n, porque son tiempos decisivos, pero tambi\u00e9n de esperanza y oportunidades\u201d, dijo.<\/p>\n<p style=\"text-align: justify;\">Ossa Rojas, explic\u00f3 adem\u00e1s que, de ahora en m\u00e1s \u201ces tiempo de seguir trabajando, nuestra gente as\u00ed lo demanda, porque si todos avanzamos en la misma senda, m\u00e1s pronto que tarde podremos ir cerrando brechas de Guaitecas hasta Villa O\u00b4Higgins y guiar a nuestra regi\u00f3n de Ays\u00e9n hacia un mejor futuro, respetando nuestra cultura e identidades\u201d, a\u00f1adi\u00f3.<\/p>\n<p style=\"text-align: justify;\">En esa misma l\u00ednea, la Ejecutivo inst\u00f3 a los equipos del Gobierno en la regi\u00f3n de Ays\u00e9n a \u201ccontinuar trabajando, hasta el pr\u00f3ximo 11 de marzo, para seguir vacunando e inmunizando a nuestra poblaci\u00f3n, continuar pavimentado la Ruta 7, entregar m\u00e1s y mejores viviendas, m\u00e1s y mejores hospitales, dotar de una mejor conectividad digital, recuperar los empleos perdidos y apoyar sin distinci\u00f3n a los diez municipios porque Ays\u00e9n somos todos\u201d, concluy\u00f3.<\/p>\n<\/div><\/section><\/div><div  style='height:50px' class='hr hr-invisible   avia-builder-el-6  el_after_av_one_full  el_before_av_social_share '><span class='hr-inner ' ><span class='hr-inner-style'><\/span><\/span><\/div><\/p>\n<div  class='av-social-sharing-box  avia-builder-el-7  el_after_av_hr  el_before_av_hr  '><div class='av-share-box'><h5 class='av-share-link-description av-no-toc '>Compartir esta noticia<\/h5><ul class='av-share-box-list noLightbox'><li class='av-share-link av-social-link-facebook' ><a target=\"_blank\" aria-label=\"Compartir en Facebook\" href='https:\/\/www.facebook.com\/sharer.php?u=https:\/\/radiorevelacionfm.cl\/?p=4783&#038;t=Intendenta%20Ossa%20tras%20cuenta%20p%C3%BAblica%3A%20%E2%80%9CEl%20Presidente%20reflej%C3%B3%20los%20avances%2C%20a%20pesar%20de%20las%20complejidades%20y%20nos%20llam%C3%B3%20a%20dialogar%20por%20el%20futuro%20de%20Chile%E2%80%9D' aria-hidden='false' data-av_icon='\ue8f3' data-av_iconfont='entypo-fontello' title='' data-avia-related-tooltip='Compartir en Facebook' rel=\"noopener\"><span class='avia_hidden_link_text'>Compartir en Facebook<\/span><\/a><\/li><li class='av-share-link av-social-link-twitter' ><a target=\"_blank\" aria-label=\"Compartir en Twitter\" href='https:\/\/twitter.com\/share?text=Intendenta%20Ossa%20tras%20cuenta%20p%C3%BAblica%3A%20%E2%80%9CEl%20Presidente%20reflej%C3%B3%20los%20avances%2C%20a%20pesar%20de%20las%20complejidades%20y%20nos%20llam%C3%B3%20a%20dialogar%20por%20el%20futuro%20de%20Chile%E2%80%9D&#038;url=https:\/\/radiorevelacionfm.cl\/?p=4783' aria-hidden='false' data-av_icon='\ue8f1' data-av_iconfont='entypo-fontello' title='' data-avia-related-tooltip='Compartir en Twitter' rel=\"noopener\"><span class='avia_hidden_link_text'>Compartir en Twitter<\/span><\/a><\/li><li class='av-share-link av-social-link-whatsapp' ><a target=\"_blank\" aria-label=\"Compartir en Whatsapp\" href='https:\/\/api.whatsapp.com\/send?text=https:\/\/radiorevelacionfm.cl\/?p=4783' aria-hidden='false' data-av_icon='\uf232' data-av_iconfont='entypo-fontello' title='' data-avia-related-tooltip='Compartir en Whatsapp' rel=\"noopener\"><span class='avia_hidden_link_text'>Compartir en Whatsapp<\/span><\/a><\/li><li class='av-share-link av-social-link-linkedin' ><a target=\"_blank\" aria-label=\"Compartir en LinkedIn\" href='https:\/\/linkedin.com\/shareArticle?mini=true&#038;title=Intendenta%20Ossa%20tras%20cuenta%20p%C3%BAblica%3A%20%E2%80%9CEl%20Presidente%20reflej%C3%B3%20los%20avances%2C%20a%20pesar%20de%20las%20complejidades%20y%20nos%20llam%C3%B3%20a%20dialogar%20por%20el%20futuro%20de%20Chile%E2%80%9D&#038;url=https:\/\/radiorevelacionfm.cl\/?p=4783' aria-hidden='false' data-av_icon='\ue8fc' data-av_iconfont='entypo-fontello' title='' data-avia-related-tooltip='Compartir en LinkedIn' rel=\"noopener\"><span class='avia_hidden_link_text'>Compartir en LinkedIn<\/span><\/a><\/li><li class='av-share-link av-social-link-mail' ><a  aria-label=\"Compartir por correo\" href='mailto:?subject=Intendenta%20Ossa%20tras%20cuenta%20p%C3%BAblica%3A%20%E2%80%9CEl%20Presidente%20reflej%C3%B3%20los%20avances%2C%20a%20pesar%20de%20las%20complejidades%20y%20nos%20llam%C3%B3%20a%20dialogar%20por%20el%20futuro%20de%20Chile%E2%80%9D&#038;body=https:\/\/radiorevelacionfm.cl\/?p=4783' aria-hidden='false' data-av_icon='\ue805' data-av_iconfont='entypo-fontello' title='' data-avia-related-tooltip='Compartir por correo'><span class='avia_hidden_link_text'>Compartir por correo<\/span><\/a><\/li><\/ul><\/div><\/div>\n<div  style='height:50px' class='hr hr-invisible   avia-builder-el-8  el_after_av_social_share  el_before_av_comments_list '><span class='hr-inner ' ><span class='hr-inner-style'><\/span><\/span><\/div>\n<div  class='av-buildercomment  av-blog-meta-html-info-disabled av-blog-meta-tag-disabled  '><\/div>\n","protected":false},"excerpt":{"rendered":"","protected":false},"author":1,"featured_media":0,"comment_status":"open","ping_status":"open","sticky":false,"template":"","format":"standard","meta":{"footnotes":""},"categories":[38],"tags":[],"class_list":["post-4783","post","type-post","status-publish","format-standard","hentry","category-regional"],"jetpack_featured_media_url":"","_links":{"self":[{"href":"https:\/\/radiorevelacionfm.cl\/index.php?rest_route=\/wp\/v2\/posts\/4783","targetHints":{"allow":["GET"]}}],"collection":[{"href":"https:\/\/radiorevelacionfm.cl\/index.php?rest_route=\/wp\/v2\/posts"}],"about":[{"href":"https:\/\/radiorevelacionfm.cl\/index.php?rest_route=\/wp\/v2\/types\/post"}],"author":[{"embeddable":true,"href":"https:\/\/radiorevelacionfm.cl\/index.php?rest_route=\/wp\/v2\/users\/1"}],"replies":[{"embeddable":true,"href":"https:\/\/radiorevelacionfm.cl\/index.php?rest_route=%2Fwp%2Fv2%2Fcomments&post=4783"}],"version-history":[{"count":1,"href":"https:\/\/radiorevelacionfm.cl\/index.php?rest_route=\/wp\/v2\/posts\/4783\/revisions"}],"predecessor-version":[{"id":4785,"href":"https:\/\/radiorevelacionfm.cl\/index.php?rest_route=\/wp\/v2\/posts\/4783\/revisions\/4785"}],"wp:attachment":[{"href":"https:\/\/radiorevelacionfm.cl\/index.php?rest_route=%2Fwp%2Fv2%2Fmedia&parent=4783"}],"wp:term":[{"taxonomy":"category","embeddable":true,"href":"https:\/\/radiorevelacionfm.cl\/index.php?rest_route=%2Fwp%2Fv2%2Fcategories&post=4783"},{"taxonomy":"post_tag","embeddable":true,"href":"https:\/\/radiorevelacionfm.cl\/index.php?rest_route=%2Fwp%2Fv2%2Ftags&post=4783"}],"curies":[{"name":"wp","href":"https:\/\/api.w.org\/{rel}","templated":true}]}}