{"id":47827,"date":"2024-11-08T23:04:21","date_gmt":"2024-11-09T02:04:21","guid":{"rendered":"https:\/\/radiorevelacionfm.cl\/?p=47827"},"modified":"2024-11-08T23:04:21","modified_gmt":"2024-11-09T02:04:21","slug":"el-proyecto-habitacional-chacra-g-en-coyhaique-iniciara-la-construccion-de-sus-primeras-viviendas","status":"publish","type":"post","link":"https:\/\/radiorevelacionfm.cl\/?p=47827","title":{"rendered":"El proyecto habitacional Chacra G en Coyhaique iniciar\u00e1 la construcci\u00f3n de sus primeras viviendas"},"content":{"rendered":"<div class=\"flex_column av_one_full  flex_column_div av-zero-column-padding first  avia-builder-el-0  el_before_av_one_full  avia-builder-el-first  \" style='border-radius:0px; '><div  class='avia-image-container  av-styling-    avia-builder-el-1  avia-builder-el-no-sibling  avia-align-center '  itemprop=\"image\" itemscope=\"itemscope\" itemtype=\"https:\/\/schema.org\/ImageObject\"  ><div class='avia-image-container-inner'><div class='avia-image-overlay-wrap'><img decoding=\"async\" class='wp-image-47828 avia-img-lazy-loading-not-47828 avia_image' src=\"https:\/\/radiorevelacionfm.cl\/wp-content\/uploads\/2024\/11\/Foto-autoridades-empresas-dirigentes-y-familias-en-terreno-Chacra-G-de-Ciyhaque-1-1.jpeg\" alt='' title='Foto autoridades, empresas, dirigentes y familias en terreno Chacra G de Ciyhaque (1) (1)' height=\"600\" width=\"716\"  itemprop=\"thumbnailUrl\" srcset=\"https:\/\/radiorevelacionfm.cl\/wp-content\/uploads\/2024\/11\/Foto-autoridades-empresas-dirigentes-y-familias-en-terreno-Chacra-G-de-Ciyhaque-1-1.jpeg 716w, https:\/\/radiorevelacionfm.cl\/wp-content\/uploads\/2024\/11\/Foto-autoridades-empresas-dirigentes-y-familias-en-terreno-Chacra-G-de-Ciyhaque-1-1-300x251.jpeg 300w, https:\/\/radiorevelacionfm.cl\/wp-content\/uploads\/2024\/11\/Foto-autoridades-empresas-dirigentes-y-familias-en-terreno-Chacra-G-de-Ciyhaque-1-1-705x591.jpeg 705w, https:\/\/radiorevelacionfm.cl\/wp-content\/uploads\/2024\/11\/Foto-autoridades-empresas-dirigentes-y-familias-en-terreno-Chacra-G-de-Ciyhaque-1-1-450x377.jpeg 450w, https:\/\/radiorevelacionfm.cl\/wp-content\/uploads\/2024\/11\/Foto-autoridades-empresas-dirigentes-y-familias-en-terreno-Chacra-G-de-Ciyhaque-1-1-600x503.jpeg 600w\" sizes=\"(max-width: 716px) 100vw, 716px\" \/><\/div><\/div><\/div><\/div><div class=\"flex_column av_one_full  flex_column_div av-zero-column-padding first  avia-builder-el-2  el_after_av_one_full  el_before_av_one_full  column-top-margin\" style='border-radius:0px; '><section class=\"av_textblock_section \"  itemscope=\"itemscope\" itemtype=\"https:\/\/schema.org\/BlogPosting\" itemprop=\"blogPost\" ><div class='avia_textblock  '   itemprop=\"text\" ><p style=\"text-align: center;\"><strong><span style=\"font-size: 18pt;\">El proyecto habitacional Chacra G en Coyhaique iniciar\u00e1 la construcci\u00f3n de sus primeras viviendas<\/span><\/strong><\/p>\n<div id=\"gtx-trans\" style=\"position: absolute; left: -50px; top: 4.31534px;\">\n<div class=\"gtx-trans-icon\"><\/div>\n<\/div>\n<\/div><\/section><\/div><div class=\"flex_column av_one_full  flex_column_div av-zero-column-padding first  avia-builder-el-4  el_after_av_one_full  el_before_av_hr  column-top-margin\" style='border-radius:0px; '><section class=\"av_textblock_section \"  itemscope=\"itemscope\" itemtype=\"https:\/\/schema.org\/BlogPosting\" itemprop=\"blogPost\" ><div class='avia_textblock  '   itemprop=\"text\" ><p style=\"text-align: justify;\">En un paso hist\u00f3rico para la regi\u00f3n de Ays\u00e9n, el Ministerio de Vivienda y Urbanismo, a trav\u00e9s del proyecto Chacra G, ha obtenido el permiso de edificaci\u00f3n para iniciar la construcci\u00f3n de las primeras 237 viviendas, dando as\u00ed respuesta al sue\u00f1o de la casa propia para m\u00e1s de 1000 familias de Coyhaique. Este megaproyecto es el m\u00e1s grande en la historia de la regi\u00f3n y beneficiar\u00e1 a cientos de familias.<\/p>\n<p style=\"text-align: justify;\">La Seremi de Vivienda y Urbanismo, Paulina Ruz Delf\u00edn, quien ha acompa\u00f1ado y apoyado a las familias en momentos clave de este proceso, envi\u00f3 un saludo especial y sus felicitaciones a las familias de los comit\u00e9s \u00abEl Ventisquero,\u00bb \u00abAdonai,\u00bb \u00abChilcos de la Patagonia,\u00bb y \u00abCaminando por Coyhaique.\u00bb En su mensaje, Ruz destac\u00f3 el esfuerzo colectivo de los dirigentes, las entidades patrocinantes y el equipo de planificaci\u00f3n comunal. Adem\u00e1s, se subraya la importancia del trabajo comprometido de los funcionarios de la Seremi y del Serviu, cuya dedicaci\u00f3n ha sido fundamental en la obtenci\u00f3n del permiso de edificaci\u00f3n, permitiendo el inicio de la construcci\u00f3n de las primeras 237 viviendas en el proyecto Chacra G.<\/p>\n<p style=\"text-align: justify;\">Las obras preliminares abarcan trabajos de macrourbanizaci\u00f3n en el terreno, con la instalaci\u00f3n de servicios b\u00e1sicos como agua potable, electricidad y pavimentaci\u00f3n, indispensables para consolidar un entorno habitable de calidad. Este avance no solo marca un cambio en la vida de los futuros habitantes, sino que tambi\u00e9n impulsa la econom\u00eda local, generando empleos y dinamizando las econom\u00edas locales.<\/p>\n<p style=\"text-align: justify;\">Este proyecto se enmarca en el Plan de Emergencia Habitacional del Gobierno, con una meta regional de entregar 1,293 viviendas en cuatro a\u00f1os. Para llevar a cabo esta iniciativa, se cuenta con financiamiento del Fondo Solidario de Elecci\u00f3n de Vivienda del MINVU, junto con el aporte del Gobierno Regional de Ays\u00e9n. La inversi\u00f3n total supera los 32 mil millones de pesos, destinada tanto a las viviendas como a infraestructura, e incluye un sistema de calefacci\u00f3n sustentable de baja emisi\u00f3n en l\u00ednea con el Plan de Descontaminaci\u00f3n Atmosf\u00e9rica de Coyhaique.<\/p>\n<p style=\"text-align: justify;\">La Seremi reafirm\u00f3 el compromiso del Ministerio para continuar trabajando hasta concretar el sue\u00f1o de la vivienda propia para las familias de la regi\u00f3n. \u201cNuestro compromiso sigue m\u00e1s firme que nunca hasta que podamos concretarles el sue\u00f1o de la casa propia,\u201d subray\u00f3 Ruz, destacando adem\u00e1s la perseverancia y el liderazgo de los dirigentes de cada comit\u00e9.<\/p>\n<p style=\"text-align: justify;\">Este hito representa un logro fundamental en la b\u00fasqueda de soluciones habitacionales dignas y sostenibles en Coyhaique, resultado del trabajo conjunto entre el sector p\u00fablico, autoridades locales y la comunidad.<\/p>\n<\/div><\/section><\/div><div  style='height:50px' class='hr hr-invisible   avia-builder-el-6  el_after_av_one_full  el_before_av_social_share '><span class='hr-inner ' ><span class='hr-inner-style'><\/span><\/span><\/div><\/p>\n<div  class='av-social-sharing-box  avia-builder-el-7  el_after_av_hr  el_before_av_hr  '><div class='av-share-box'><h5 class='av-share-link-description av-no-toc '>Compartir esta noticia<\/h5><ul class='av-share-box-list noLightbox'><li class='av-share-link av-social-link-facebook' ><a target=\"_blank\" aria-label=\"Compartir en Facebook\" href='https:\/\/www.facebook.com\/sharer.php?u=https:\/\/radiorevelacionfm.cl\/?p=47827&#038;t=El%20proyecto%20habitacional%20Chacra%20G%20en%20Coyhaique%20iniciar%C3%A1%20la%20construcci%C3%B3n%20de%20sus%20primeras%20viviendas' aria-hidden='false' data-av_icon='\ue8f3' data-av_iconfont='entypo-fontello' title='' data-avia-related-tooltip='Compartir en Facebook' rel=\"noopener\"><span class='avia_hidden_link_text'>Compartir en Facebook<\/span><\/a><\/li><li class='av-share-link av-social-link-twitter' ><a target=\"_blank\" aria-label=\"Compartir en Twitter\" href='https:\/\/twitter.com\/share?text=El%20proyecto%20habitacional%20Chacra%20G%20en%20Coyhaique%20iniciar%C3%A1%20la%20construcci%C3%B3n%20de%20sus%20primeras%20viviendas&#038;url=https:\/\/radiorevelacionfm.cl\/?p=47827' aria-hidden='false' data-av_icon='\ue8f1' data-av_iconfont='entypo-fontello' title='' data-avia-related-tooltip='Compartir en Twitter' rel=\"noopener\"><span class='avia_hidden_link_text'>Compartir en Twitter<\/span><\/a><\/li><li class='av-share-link av-social-link-whatsapp' ><a target=\"_blank\" aria-label=\"Compartir en Whatsapp\" href='https:\/\/api.whatsapp.com\/send?text=https:\/\/radiorevelacionfm.cl\/?p=47827' aria-hidden='false' data-av_icon='\uf232' data-av_iconfont='entypo-fontello' title='' data-avia-related-tooltip='Compartir en Whatsapp' rel=\"noopener\"><span class='avia_hidden_link_text'>Compartir en Whatsapp<\/span><\/a><\/li><li class='av-share-link av-social-link-linkedin' ><a target=\"_blank\" aria-label=\"Compartir en LinkedIn\" href='https:\/\/linkedin.com\/shareArticle?mini=true&#038;title=El%20proyecto%20habitacional%20Chacra%20G%20en%20Coyhaique%20iniciar%C3%A1%20la%20construcci%C3%B3n%20de%20sus%20primeras%20viviendas&#038;url=https:\/\/radiorevelacionfm.cl\/?p=47827' aria-hidden='false' data-av_icon='\ue8fc' data-av_iconfont='entypo-fontello' title='' data-avia-related-tooltip='Compartir en LinkedIn' rel=\"noopener\"><span class='avia_hidden_link_text'>Compartir en LinkedIn<\/span><\/a><\/li><li class='av-share-link av-social-link-mail' ><a  aria-label=\"Compartir por correo\" href='mailto:?subject=El%20proyecto%20habitacional%20Chacra%20G%20en%20Coyhaique%20iniciar%C3%A1%20la%20construcci%C3%B3n%20de%20sus%20primeras%20viviendas&#038;body=https:\/\/radiorevelacionfm.cl\/?p=47827' aria-hidden='false' data-av_icon='\ue805' data-av_iconfont='entypo-fontello' title='' data-avia-related-tooltip='Compartir por correo'><span class='avia_hidden_link_text'>Compartir por correo<\/span><\/a><\/li><\/ul><\/div><\/div>\n<div  style='height:50px' class='hr hr-invisible   avia-builder-el-8  el_after_av_social_share  el_before_av_comments_list '><span class='hr-inner ' ><span class='hr-inner-style'><\/span><\/span><\/div>\n<div  class='av-buildercomment  av-blog-meta-html-info-disabled av-blog-meta-tag-disabled  '><\/div>\n","protected":false},"excerpt":{"rendered":"","protected":false},"author":1,"featured_media":47828,"comment_status":"open","ping_status":"open","sticky":false,"template":"","format":"standard","meta":{"footnotes":""},"categories":[57],"tags":[],"class_list":["post-47827","post","type-post","status-publish","format-standard","has-post-thumbnail","hentry","category-vivienda"],"jetpack_featured_media_url":"https:\/\/radiorevelacionfm.cl\/wp-content\/uploads\/2024\/11\/Foto-autoridades-empresas-dirigentes-y-familias-en-terreno-Chacra-G-de-Ciyhaque-1-1.jpeg","_links":{"self":[{"href":"https:\/\/radiorevelacionfm.cl\/index.php?rest_route=\/wp\/v2\/posts\/47827","targetHints":{"allow":["GET"]}}],"collection":[{"href":"https:\/\/radiorevelacionfm.cl\/index.php?rest_route=\/wp\/v2\/posts"}],"about":[{"href":"https:\/\/radiorevelacionfm.cl\/index.php?rest_route=\/wp\/v2\/types\/post"}],"author":[{"embeddable":true,"href":"https:\/\/radiorevelacionfm.cl\/index.php?rest_route=\/wp\/v2\/users\/1"}],"replies":[{"embeddable":true,"href":"https:\/\/radiorevelacionfm.cl\/index.php?rest_route=%2Fwp%2Fv2%2Fcomments&post=47827"}],"version-history":[{"count":1,"href":"https:\/\/radiorevelacionfm.cl\/index.php?rest_route=\/wp\/v2\/posts\/47827\/revisions"}],"predecessor-version":[{"id":47829,"href":"https:\/\/radiorevelacionfm.cl\/index.php?rest_route=\/wp\/v2\/posts\/47827\/revisions\/47829"}],"wp:featuredmedia":[{"embeddable":true,"href":"https:\/\/radiorevelacionfm.cl\/index.php?rest_route=\/wp\/v2\/media\/47828"}],"wp:attachment":[{"href":"https:\/\/radiorevelacionfm.cl\/index.php?rest_route=%2Fwp%2Fv2%2Fmedia&parent=47827"}],"wp:term":[{"taxonomy":"category","embeddable":true,"href":"https:\/\/radiorevelacionfm.cl\/index.php?rest_route=%2Fwp%2Fv2%2Fcategories&post=47827"},{"taxonomy":"post_tag","embeddable":true,"href":"https:\/\/radiorevelacionfm.cl\/index.php?rest_route=%2Fwp%2Fv2%2Ftags&post=47827"}],"curies":[{"name":"wp","href":"https:\/\/api.w.org\/{rel}","templated":true}]}}