{"id":47823,"date":"2024-11-08T20:23:08","date_gmt":"2024-11-08T23:23:08","guid":{"rendered":"https:\/\/radiorevelacionfm.cl\/?p=47823"},"modified":"2024-11-09T22:31:23","modified_gmt":"2024-11-10T01:31:23","slug":"direccion-de-aeropuertos-cumple-60-anos-con-importantes-inversiones-en-macrozona-austral","status":"publish","type":"post","link":"https:\/\/radiorevelacionfm.cl\/?p=47823","title":{"rendered":"Direcci\u00f3n de Aeropuertos cumple 60 a\u00f1os con importantes inversiones en Macrozona Austral"},"content":{"rendered":"<div class=\"flex_column av_one_full  flex_column_div av-zero-column-padding first  avia-builder-el-0  el_before_av_one_full  avia-builder-el-first  \" style='border-radius:0px; '><div  class='avia-image-container  av-styling-    avia-builder-el-1  avia-builder-el-no-sibling  avia-align-center '  itemprop=\"image\" itemscope=\"itemscope\" itemtype=\"https:\/\/schema.org\/ImageObject\"  ><div class='avia-image-container-inner'><div class='avia-image-overlay-wrap'><img decoding=\"async\" class='wp-image-47824 avia-img-lazy-loading-not-47824 avia_image' src=\"https:\/\/radiorevelacionfm.cl\/wp-content\/uploads\/2024\/11\/Aerodromo-Balmaceda-_6_-1-1.jpg\" alt='' title='Aer\u00f3dromo Balmaceda _6_ (1) (1)' height=\"600\" width=\"900\"  itemprop=\"thumbnailUrl\" srcset=\"https:\/\/radiorevelacionfm.cl\/wp-content\/uploads\/2024\/11\/Aerodromo-Balmaceda-_6_-1-1.jpg 900w, https:\/\/radiorevelacionfm.cl\/wp-content\/uploads\/2024\/11\/Aerodromo-Balmaceda-_6_-1-1-300x200.jpg 300w, https:\/\/radiorevelacionfm.cl\/wp-content\/uploads\/2024\/11\/Aerodromo-Balmaceda-_6_-1-1-768x512.jpg 768w, https:\/\/radiorevelacionfm.cl\/wp-content\/uploads\/2024\/11\/Aerodromo-Balmaceda-_6_-1-1-705x470.jpg 705w, https:\/\/radiorevelacionfm.cl\/wp-content\/uploads\/2024\/11\/Aerodromo-Balmaceda-_6_-1-1-450x300.jpg 450w, https:\/\/radiorevelacionfm.cl\/wp-content\/uploads\/2024\/11\/Aerodromo-Balmaceda-_6_-1-1-600x400.jpg 600w\" sizes=\"(max-width: 900px) 100vw, 900px\" \/><\/div><\/div><\/div><\/div><div class=\"flex_column av_one_full  flex_column_div av-zero-column-padding first  avia-builder-el-2  el_after_av_one_full  el_before_av_one_full  column-top-margin\" style='border-radius:0px; '><section class=\"av_textblock_section \"  itemscope=\"itemscope\" itemtype=\"https:\/\/schema.org\/BlogPosting\" itemprop=\"blogPost\" ><div class='avia_textblock  '   itemprop=\"text\" ><p style=\"text-align: center;\"><span style=\"font-size: 18pt;\"><strong>Direcci\u00f3n de Aeropuertos cumple 60 a\u00f1os con importantes inversiones en Macrozona Austral<\/strong><\/span><\/p>\n<div id=\"gtx-trans\" style=\"position: absolute; left: -50px; top: 4.31534px;\">\n<div class=\"gtx-trans-icon\"><\/div>\n<\/div>\n<\/div><\/section><\/div><div class=\"flex_column av_one_full  flex_column_div av-zero-column-padding first  avia-builder-el-4  el_after_av_one_full  el_before_av_hr  column-top-margin\" style='border-radius:0px; '><section class=\"av_textblock_section \"  itemscope=\"itemscope\" itemtype=\"https:\/\/schema.org\/BlogPosting\" itemprop=\"blogPost\" ><div class='avia_textblock  '   itemprop=\"text\" ><p style=\"text-align: justify;\"><em>En m\u00e1s de 160 mil millones de pesos est\u00e1n valorizadas las iniciativas que esta instituci\u00f3n est\u00e1 impulsando en las regiones de Ays\u00e9n y Magallanes con el objetivo de reforzar la conectividad a\u00e9rea, especialmente en zonas aisladas.<\/em><\/p>\n<p style=\"text-align: justify;\"><strong>\u00a0<\/strong>M\u00faltiples iniciativas destinadas a mejorar la actual infraestructura aeroportuaria de las regiones de Ays\u00e9n y Magallanes y reforzar la conectividad con las zonas m\u00e1s aisladas est\u00e1 impulsando actualmente la Direcci\u00f3n de Aeropuertos del Ministerio de Obras P\u00fablicas, que este 9 de noviembre conmemora 60 a\u00f1os de existencia.<\/p>\n<p style=\"text-align: justify;\">Las actuales obras de mejoramiento en la pista y edificaciones del aeropuerto Presidente Ib\u00e1\u00f1ez de Punta Arenas y la pr\u00f3xima normalizaci\u00f3n del \u00e1rea de movimiento del aer\u00f3dromo de Balmaceda son los proyectos de mayor inversi\u00f3n que se est\u00e1n desarrollando en la macrozona austral, a los que se suman diversas obras de conservaci\u00f3n en peque\u00f1os aer\u00f3dromos y la habilitaci\u00f3n de plataformas para la operaci\u00f3n de helic\u00f3pteros en situaciones de emergencia.<\/p>\n<p style=\"text-align: justify;\">Considerando las obras desarrolladas durante este a\u00f1o y aquellas que est\u00e1n programadas para 2025 y 2026, en la macrozona austral se est\u00e1n impulsando casi cuarenta iniciativas en materia de infraestructura aeroportuaria, que en conjunto est\u00e1n valorizadas en m\u00e1s de 160 mil millones de pesos. El 70% de esta inversi\u00f3n corresponde a la regi\u00f3n de Magallanes y el resto a la regi\u00f3n de Ays\u00e9n.<\/p>\n<p style=\"text-align: justify;\">La Ministra de Obras P\u00fablicas, Jessica L\u00f3pez, destac\u00f3 que \u201cla conectividad de nuestro pa\u00eds es un desaf\u00edo prioritario y la red aeroportuaria es fundamental para el desarrollo del pa\u00eds. La Direcci\u00f3n de Aeropuertos cumple una misi\u00f3n fundamental, porque es la encargada de efectuar trabajos peri\u00f3dicos para que la infraestructura se mantenga operativa y, al mismo tiempo, es la que proyecta las obras que se requieren para que la red aeroportuaria crezca en forma arm\u00f3nica de acuerdo con las necesidades del pa\u00eds\u201d.<\/p>\n<p style=\"text-align: justify;\">Por su parte, la Directora Nacional de Aeropuertos, Claudia Silva, sostuvo que \u201cnos sentimos orgullosos de estos 60 a\u00f1os de existencia y nos comprometemos a seguir velando por la conservaci\u00f3n y mejoramiento de los 129 aeropuertos y aer\u00f3dromos de uso p\u00fablico del pa\u00eds, junto con desarrollar la infraestructura que se requiere para conectar a los lugares m\u00e1s remotos del pa\u00eds\u201d.<\/p>\n<p style=\"text-align: justify;\"><strong>Obras en Ays\u00e9n<\/strong><\/p>\n<p style=\"text-align: justify;\">En la regi\u00f3n de Ays\u00e9n, \u201ceste a\u00f1o se concretaron importantes obras de conservaci\u00f3n en los aer\u00f3dromos de Melinka, Villa O\u2019Higgins, Chile Chico y Puyuhuapi, mientras que entre 2025 y 2026 se har\u00e1n trabajos similares en los aer\u00f3dromos Teniente Vidal de Coyhaique, Laguna San Rafael y Fachinal\u201d, destac\u00f3 la SEREMI del MOP Paloma Jara Vald\u00e9s<\/p>\n<p style=\"text-align: justify;\">Asimismo, \u201cse proyecta que durante el primer trimestre de 2025 se inicien las obras de normalizaci\u00f3n del \u00e1rea de movimiento del aer\u00f3dromo Balmaceda, que son necesarias para que este recinto obtenga su certificaci\u00f3n internacional. Estos trabajos, valorizados en m\u00e1s de 32 mil millones de pesos, posibilitar\u00e1n la instalaci\u00f3n de un sistema de aproximaci\u00f3n por instrumentos (ILS categor\u00eda 1) para el aterrizaje de aviones con visibilidad superior a 550 metros\u201d, agreg\u00f3 Paloma Jara.<\/p>\n<p style=\"text-align: justify;\">Paralelamente, indic\u00f3 la autoridad de Obras P\u00fablicas en la regi\u00f3n de Ays\u00e9n, \u201cdurante 2025 se iniciar\u00e1 una consultor\u00eda de dise\u00f1o para mejorar la pista del aer\u00f3dromo de Balmaceda mediante el reemplazo de la actual v\u00eda de asfalto por una de hormig\u00f3n. Esta acci\u00f3n permitir\u00e1 la instalaci\u00f3n de los circuitos electr\u00f3nicos y sensores que se requieren para la operaci\u00f3n del sistema ILS m\u00e1s avanzado (categor\u00eda 3 B), que posibilita aterrizar con visibilidad sobre 50 metros\u201d. Sumado a ello, con ocasi\u00f3n de este sexag\u00e9simo Aniversario, Paloma Jara agradeci\u00f3 la labor que realizan las trabajadoras y los trabajadores de la Direcci\u00f3n de Aeropuertos todos los d\u00edas construyendo y conservando infraestructura que hace posible que miles de chilenos y extranjeros en el pa\u00eds y en la regi\u00f3n de Ays\u00e9n se mantengan conectados.<\/p>\n<p style=\"text-align: justify;\"><strong>Proyectos en Magallanes<\/strong><\/p>\n<p style=\"text-align: justify;\">En Punta Arenas, la Direcci\u00f3n de Aeropuertos ha estado desarrollando trabajos en el \u00e1rea de movimiento y en edificaciones del aeropuerto Presidente Ib\u00e1\u00f1ez, valorizados en m\u00e1s de 36 mil millones de pesos. Mediante ambos trabajos, que finalizar\u00e1n a mediados de 2025, se est\u00e1 preparando el terreno para las futuras obras de mejoramiento de la pista principal, a ejecutarse desde 2026.<\/p>\n<p style=\"text-align: justify;\">El aer\u00f3dromo Teniente Marsh en el territorio ant\u00e1rtico es otra infraestructura pr\u00f3xima a ser mejorada. Actualmente se est\u00e1 licitando la conservaci\u00f3n mayor de su \u00e1rea de movimiento, con un presupuesto de casi 29 mil millones de pesos, con el objetivo de iniciar los trabajos durante el cuarto trimestre de 2025. Luego se sumar\u00e1 la ampliaci\u00f3n del refugio de pasajeros, que se encuentra actualmente en dise\u00f1o, cuyas obras podr\u00edan iniciarse a fines de 2027.<\/p>\n<p style=\"text-align: justify;\">En Puerto Williams, adem\u00e1s de la ampliaci\u00f3n del terminal del aer\u00f3dromo Guardiamarina Za\u00f1artu, obras inauguradas recientemente, se est\u00e1n ejecutando trabajos en sus accesos y estacionamientos, adem\u00e1s de realizarse faenas de conservaci\u00f3n en los cercos perimetrales. Durante 2025 se licitar\u00e1n las obras de ampliaci\u00f3n de la calle de rodaje y plataforma del recinto, as\u00ed como el estudio de prefactibilidad para evaluar sus opciones de ampliaci\u00f3n y mejoramiento.<\/p>\n<p style=\"text-align: justify;\"><strong>Puntos de emergencia para helic\u00f3pteros<\/strong><\/p>\n<p style=\"text-align: justify;\">Con el objetivo de garantizar la conectividad y el soporte por v\u00eda a\u00e9rea ante la eventualidad de desastres naturales, accidentes, incendios forestales o emergencias m\u00e9dicas, este a\u00f1o el MOP anunci\u00f3 la implementaci\u00f3n de un plan nacional de Infraestructura de Soporte A\u00e9reo para Emergencias (ISAE). A cargo de la Direcci\u00f3n de Aeropuertos, este plan consiste en la habilitaci\u00f3n de un centenar de puntos de posada para helic\u00f3pteros (PPH) en todo el pa\u00eds para el a\u00f1o 2026, red que superar\u00e1 las 250 posiciones hacia fines de esta d\u00e9cada.<\/p>\n<p style=\"text-align: justify;\">En Magallanes se est\u00e1 impulsando la habilitaci\u00f3n de quince plataformas. Ya se encuentra operativa la posici\u00f3n ubicada en Villa Punta Delgada, mientras que est\u00e1n pr\u00f3ximos a entregarse los PPH situados en cuarteles de Carabineros de Cerro Castillo, Cerro Guido, Casas Viejas, Morro Chico y Monte Aymond, adem\u00e1s de la Prefectura Aeropolicial de Punta Arenas. En los pr\u00f3ximos meses se iniciar\u00e1n obras similares en Puerto Toro, San Gregorio, Laguna Blanca, \u00daltima Esperanza, Torres del Paine, Yendegaia, Isla Wolleston y Tortuoso.<\/p>\n<p style=\"text-align: justify;\">En Ays\u00e9n, por su parte, se est\u00e1n ejecutando las obras de conservaci\u00f3n de PPH ubicados en los aer\u00f3dromos de Coyhaique, Cochrane y Chacabuco, mientras que se est\u00e1 planificando que entre 2025 y 2026 se habiliten otros ocho puntos en sectores como La Junta, \u00d1irehuao, Tortel, Coyhaique Alto y Lago Castor, entre otros.<\/p>\n<\/div><\/section><\/div><div  style='height:50px' class='hr hr-invisible   avia-builder-el-6  el_after_av_one_full  el_before_av_social_share '><span class='hr-inner ' ><span class='hr-inner-style'><\/span><\/span><\/div><\/p>\n<div  class='av-social-sharing-box  avia-builder-el-7  el_after_av_hr  el_before_av_hr  '><div class='av-share-box'><h5 class='av-share-link-description av-no-toc '>Compartir esta noticia<\/h5><ul class='av-share-box-list noLightbox'><li class='av-share-link av-social-link-facebook' ><a target=\"_blank\" aria-label=\"Compartir en Facebook\" href='https:\/\/www.facebook.com\/sharer.php?u=https:\/\/radiorevelacionfm.cl\/?p=47823&#038;t=Direcci%C3%B3n%20de%20Aeropuertos%20cumple%2060%20a%C3%B1os%20con%20importantes%20inversiones%20en%20Macrozona%20Austral' aria-hidden='false' data-av_icon='\ue8f3' data-av_iconfont='entypo-fontello' title='' data-avia-related-tooltip='Compartir en Facebook' rel=\"noopener\"><span class='avia_hidden_link_text'>Compartir en Facebook<\/span><\/a><\/li><li class='av-share-link av-social-link-twitter' ><a target=\"_blank\" aria-label=\"Compartir en Twitter\" href='https:\/\/twitter.com\/share?text=Direcci%C3%B3n%20de%20Aeropuertos%20cumple%2060%20a%C3%B1os%20con%20importantes%20inversiones%20en%20Macrozona%20Austral&#038;url=https:\/\/radiorevelacionfm.cl\/?p=47823' aria-hidden='false' data-av_icon='\ue8f1' data-av_iconfont='entypo-fontello' title='' data-avia-related-tooltip='Compartir en Twitter' rel=\"noopener\"><span class='avia_hidden_link_text'>Compartir en Twitter<\/span><\/a><\/li><li class='av-share-link av-social-link-whatsapp' ><a target=\"_blank\" aria-label=\"Compartir en Whatsapp\" href='https:\/\/api.whatsapp.com\/send?text=https:\/\/radiorevelacionfm.cl\/?p=47823' aria-hidden='false' data-av_icon='\uf232' data-av_iconfont='entypo-fontello' title='' data-avia-related-tooltip='Compartir en Whatsapp' rel=\"noopener\"><span class='avia_hidden_link_text'>Compartir en Whatsapp<\/span><\/a><\/li><li class='av-share-link av-social-link-linkedin' ><a target=\"_blank\" aria-label=\"Compartir en LinkedIn\" href='https:\/\/linkedin.com\/shareArticle?mini=true&#038;title=Direcci%C3%B3n%20de%20Aeropuertos%20cumple%2060%20a%C3%B1os%20con%20importantes%20inversiones%20en%20Macrozona%20Austral&#038;url=https:\/\/radiorevelacionfm.cl\/?p=47823' aria-hidden='false' data-av_icon='\ue8fc' data-av_iconfont='entypo-fontello' title='' data-avia-related-tooltip='Compartir en LinkedIn' rel=\"noopener\"><span class='avia_hidden_link_text'>Compartir en LinkedIn<\/span><\/a><\/li><li class='av-share-link av-social-link-mail' ><a  aria-label=\"Compartir por correo\" href='mailto:?subject=Direcci%C3%B3n%20de%20Aeropuertos%20cumple%2060%20a%C3%B1os%20con%20importantes%20inversiones%20en%20Macrozona%20Austral&#038;body=https:\/\/radiorevelacionfm.cl\/?p=47823' aria-hidden='false' data-av_icon='\ue805' data-av_iconfont='entypo-fontello' title='' data-avia-related-tooltip='Compartir por correo'><span class='avia_hidden_link_text'>Compartir por correo<\/span><\/a><\/li><\/ul><\/div><\/div>\n<div  style='height:50px' class='hr hr-invisible   avia-builder-el-8  el_after_av_social_share  el_before_av_comments_list '><span class='hr-inner ' ><span class='hr-inner-style'><\/span><\/span><\/div>\n<div  class='av-buildercomment  av-blog-meta-html-info-disabled av-blog-meta-tag-disabled  '><\/div>\n","protected":false},"excerpt":{"rendered":"","protected":false},"author":1,"featured_media":47824,"comment_status":"open","ping_status":"open","sticky":false,"template":"","format":"standard","meta":{"footnotes":""},"categories":[38],"tags":[],"class_list":["post-47823","post","type-post","status-publish","format-standard","has-post-thumbnail","hentry","category-regional"],"jetpack_featured_media_url":"https:\/\/radiorevelacionfm.cl\/wp-content\/uploads\/2024\/11\/Aerodromo-Balmaceda-_6_-1-1.jpg","_links":{"self":[{"href":"https:\/\/radiorevelacionfm.cl\/index.php?rest_route=\/wp\/v2\/posts\/47823","targetHints":{"allow":["GET"]}}],"collection":[{"href":"https:\/\/radiorevelacionfm.cl\/index.php?rest_route=\/wp\/v2\/posts"}],"about":[{"href":"https:\/\/radiorevelacionfm.cl\/index.php?rest_route=\/wp\/v2\/types\/post"}],"author":[{"embeddable":true,"href":"https:\/\/radiorevelacionfm.cl\/index.php?rest_route=\/wp\/v2\/users\/1"}],"replies":[{"embeddable":true,"href":"https:\/\/radiorevelacionfm.cl\/index.php?rest_route=%2Fwp%2Fv2%2Fcomments&post=47823"}],"version-history":[{"count":1,"href":"https:\/\/radiorevelacionfm.cl\/index.php?rest_route=\/wp\/v2\/posts\/47823\/revisions"}],"predecessor-version":[{"id":47825,"href":"https:\/\/radiorevelacionfm.cl\/index.php?rest_route=\/wp\/v2\/posts\/47823\/revisions\/47825"}],"wp:featuredmedia":[{"embeddable":true,"href":"https:\/\/radiorevelacionfm.cl\/index.php?rest_route=\/wp\/v2\/media\/47824"}],"wp:attachment":[{"href":"https:\/\/radiorevelacionfm.cl\/index.php?rest_route=%2Fwp%2Fv2%2Fmedia&parent=47823"}],"wp:term":[{"taxonomy":"category","embeddable":true,"href":"https:\/\/radiorevelacionfm.cl\/index.php?rest_route=%2Fwp%2Fv2%2Fcategories&post=47823"},{"taxonomy":"post_tag","embeddable":true,"href":"https:\/\/radiorevelacionfm.cl\/index.php?rest_route=%2Fwp%2Fv2%2Ftags&post=47823"}],"curies":[{"name":"wp","href":"https:\/\/api.w.org\/{rel}","templated":true}]}}