{"id":47814,"date":"2024-11-08T14:46:41","date_gmt":"2024-11-08T17:46:41","guid":{"rendered":"https:\/\/radiorevelacionfm.cl\/?p=47814"},"modified":"2024-11-09T22:32:13","modified_gmt":"2024-11-10T01:32:13","slug":"diputado-calisto-y-dirigentes-habitacionales-celebran-confirmacion-de-inicio-de-obras-en-la-chacra-g","status":"publish","type":"post","link":"https:\/\/radiorevelacionfm.cl\/?p=47814","title":{"rendered":"Diputado Calisto y dirigentes habitacionales celebran confirmaci\u00f3n de inicio de obras en la Chacra G"},"content":{"rendered":"<div class=\"flex_column av_one_full  flex_column_div av-zero-column-padding first  avia-builder-el-0  el_before_av_one_full  avia-builder-el-first  \" style='border-radius:0px; '><div  class='avia-image-container  av-styling-    avia-builder-el-1  avia-builder-el-no-sibling  avia-align-center '  itemprop=\"image\" itemscope=\"itemscope\" itemtype=\"https:\/\/schema.org\/ImageObject\"  ><div class='avia-image-container-inner'><div class='avia-image-overlay-wrap'><img decoding=\"async\" class='wp-image-47815 avia-img-lazy-loading-not-47815 avia_image' src=\"https:\/\/radiorevelacionfm.cl\/wp-content\/uploads\/2024\/11\/FOTO-REU-CHACRA-G-3-1-1.jpeg\" alt='' title='FOTO REU CHACRA G (3) (1) (1)' height=\"600\" width=\"800\"  itemprop=\"thumbnailUrl\" srcset=\"https:\/\/radiorevelacionfm.cl\/wp-content\/uploads\/2024\/11\/FOTO-REU-CHACRA-G-3-1-1.jpeg 800w, https:\/\/radiorevelacionfm.cl\/wp-content\/uploads\/2024\/11\/FOTO-REU-CHACRA-G-3-1-1-300x225.jpeg 300w, https:\/\/radiorevelacionfm.cl\/wp-content\/uploads\/2024\/11\/FOTO-REU-CHACRA-G-3-1-1-768x576.jpeg 768w, https:\/\/radiorevelacionfm.cl\/wp-content\/uploads\/2024\/11\/FOTO-REU-CHACRA-G-3-1-1-705x529.jpeg 705w, https:\/\/radiorevelacionfm.cl\/wp-content\/uploads\/2024\/11\/FOTO-REU-CHACRA-G-3-1-1-450x338.jpeg 450w, https:\/\/radiorevelacionfm.cl\/wp-content\/uploads\/2024\/11\/FOTO-REU-CHACRA-G-3-1-1-600x450.jpeg 600w\" sizes=\"(max-width: 800px) 100vw, 800px\" \/><\/div><\/div><\/div><\/div><div class=\"flex_column av_one_full  flex_column_div av-zero-column-padding first  avia-builder-el-2  el_after_av_one_full  el_before_av_one_full  column-top-margin\" style='border-radius:0px; '><section class=\"av_textblock_section \"  itemscope=\"itemscope\" itemtype=\"https:\/\/schema.org\/BlogPosting\" itemprop=\"blogPost\" ><div class='avia_textblock  '   itemprop=\"text\" ><p style=\"text-align: center;\"><span style=\"font-size: 18pt;\"><b><span lang=\"ES-CL\">Diputado Calisto y dirigentes habitacionales celebran confirmaci\u00f3n de inicio de obras en la Chacra G<\/span><\/b><\/span><\/p>\n<div id=\"gtx-trans\" style=\"position: absolute; left: -50px; top: 4.31534px;\">\n<div class=\"gtx-trans-icon\"><\/div>\n<\/div>\n<\/div><\/section><\/div><div class=\"flex_column av_one_full  flex_column_div av-zero-column-padding first  avia-builder-el-4  el_after_av_one_full  el_before_av_hr  column-top-margin\" style='border-radius:0px; '><section class=\"av_textblock_section \"  itemscope=\"itemscope\" itemtype=\"https:\/\/schema.org\/BlogPosting\" itemprop=\"blogPost\" ><div class='avia_textblock  '   itemprop=\"text\" ><p style=\"font-weight: 400; text-align: justify;\">Con alegr\u00eda y esperanza reaccionaron los dirigentes de los comit\u00e9s de la Chacra G y el diputado Miguel \u00c1ngel Calisto, luego que se confirmara por parte de SERVIU y de la Municipalidad la autorizaci\u00f3n para comenzar con las obras de este gran proyecto habitacional proyectado en la parte alta de Coyhaique, y que permitir\u00e1 concretar el sue\u00f1o de la casa propia a m\u00e1s de 1200 familias de la Capital Regional.<\/p>\n<p style=\"font-weight: 400; text-align: justify;\">Seg\u00fan el diputado Calisto, \u201cestamos muy contentos con la aprobaci\u00f3n de la autorizaci\u00f3n de inicio de obras del proyecto de Chacra G1. Estamos hablando de las 270 primeras familias que van a poder contar con sus viviendas en este sector, un proyecto por el cual hemos trabajado cerca de 12, 13 a\u00f1os y que finalmente hoy d\u00eda se est\u00e1 iniciando\u201d.<\/p>\n<p style=\"font-weight: 400; text-align: justify;\">\u201cAgradecer a los dirigentes, a las familias, porque ha sido un esfuerzo conjunto y que va a permitir en total a 1240 familias en la Chacra G1 y otras tantas en la Chacra G2, contar con su casa propia. Es un avance importante porque da garant\u00eda y certeza de la proyecci\u00f3n del crecimiento de la ciudad de Coyhaique en las 60 hect\u00e1reas totales que representa la Chacra G. As\u00ed que estamos muy contentos, felices por esta noticia\u201d, afirm\u00f3.<\/p>\n<p style=\"font-weight: 400; text-align: justify;\">Por su parte, el Consejero Regional Felipe Klein indic\u00f3 que \u201crecibimos grandes noticias, que ya se aprob\u00f3 el permiso de edificaci\u00f3n de la Chacra G1 completo. Estamos con todos los dirigentes despu\u00e9s de casi 15 a\u00f1os, as\u00ed que muy contentos, felicitarlo a todos los que fueron parte de este proceso, especialmente tambi\u00e9n a los dirigentes que han llevado todo este peso encima y ya a sus socios se les puede comunicar que este proyecto ya est\u00e1 aprobado y dentro yo creo que de un mes van a empezar todas las obras de construcci\u00f3n de la Chacra G1. As\u00ed que son noticias muy, muy importantes y muy felices por todas las familias de la Chacra G1\u201d.<\/p>\n<p style=\"font-weight: 400; text-align: justify;\"><strong>La reacci\u00f3n de los dirigentes<\/strong><\/p>\n<p style=\"font-weight: 400; text-align: justify;\">Seg\u00fan Juan Carvajal, presidente del comit\u00e9 Ventisqueros, \u201cse firm\u00f3 ya definitivamente el proyecto, que est\u00e1 aprobado y ahora empieza el tema de la construcci\u00f3n. Este es un anhelo que todos estamos esperando, nuestras familias del comit\u00e9 y de los comit\u00e9s que est\u00e1n en el sector de la Ch\u00e1cara G1. As\u00ed que estamos emocionados, contentos, muchas gracias al diputado Calisto que siempre ha estado con nosotros en este proyecto, desde el inicio, hace m\u00e1s de 13 a\u00f1os\u201d.<\/p>\n<p style=\"font-weight: 400; text-align: justify;\">La dirigenta Lila Huichapani agreg\u00f3 que \u201cfue un trabajo en conjunto que permiti\u00f3 que saliera esta revisi\u00f3n y aprobaci\u00f3n del permiso de edificaci\u00f3n del Loteo Chacra G 1, as\u00ed que estamos muy felices, contentos. Detr\u00e1s de esta gran noticia hay mucha gente que no est\u00e1 hoy d\u00eda presente, que se ha ido, se ha muerto esperando esta gran noticia, as\u00ed que en honor a ellos, un saludo a las familias y a todos los comit\u00e9s que est\u00e1n en espera de esta gran resoluci\u00f3n que tuvimos hoy d\u00eda\u201d.<\/p>\n<p style=\"font-weight: 400; text-align: justify;\">Finalmente, Deisy Fuentes, dirigenta de los comit\u00e9s, afirm\u00f3 que \u201cesto va a significar un cambio en la regi\u00f3n, ya que es uno de los proyectos m\u00e1s grandes a nivel nacional. Por lo tanto, nos llenamos de orgullo, estamos muy satisfechos con el trabajo que se ha hecho y nuevamente agradecer a las personas involucradas en esto, a nuestra EP, a don Carlos Gatica, alcalde, al diputado Miguel \u00c1ngel Calisto y Felipe Klein, quienes han sido pilares fundamentales en este proceso. Agradecer nuevamente cada gesti\u00f3n que se ha hecho, esperar que nuestras viviendas ya sean, desde lo m\u00e1s pronto posible, ejecutadas.<\/p>\n<\/div><\/section><\/div><div  style='height:50px' class='hr hr-invisible   avia-builder-el-6  el_after_av_one_full  el_before_av_social_share '><span class='hr-inner ' ><span class='hr-inner-style'><\/span><\/span><\/div><\/p>\n<div  class='av-social-sharing-box  avia-builder-el-7  el_after_av_hr  el_before_av_hr  '><div class='av-share-box'><h5 class='av-share-link-description av-no-toc '>Compartir esta noticia<\/h5><ul class='av-share-box-list noLightbox'><li class='av-share-link av-social-link-facebook' ><a target=\"_blank\" aria-label=\"Compartir en Facebook\" href='https:\/\/www.facebook.com\/sharer.php?u=https:\/\/radiorevelacionfm.cl\/?p=47814&#038;t=Diputado%20Calisto%20y%20dirigentes%20habitacionales%20celebran%20confirmaci%C3%B3n%20de%20inicio%20de%20obras%20en%20la%20Chacra%20G' aria-hidden='false' data-av_icon='\ue8f3' data-av_iconfont='entypo-fontello' title='' data-avia-related-tooltip='Compartir en Facebook' rel=\"noopener\"><span class='avia_hidden_link_text'>Compartir en Facebook<\/span><\/a><\/li><li class='av-share-link av-social-link-twitter' ><a target=\"_blank\" aria-label=\"Compartir en Twitter\" href='https:\/\/twitter.com\/share?text=Diputado%20Calisto%20y%20dirigentes%20habitacionales%20celebran%20confirmaci%C3%B3n%20de%20inicio%20de%20obras%20en%20la%20Chacra%20G&#038;url=https:\/\/radiorevelacionfm.cl\/?p=47814' aria-hidden='false' data-av_icon='\ue8f1' data-av_iconfont='entypo-fontello' title='' data-avia-related-tooltip='Compartir en Twitter' rel=\"noopener\"><span class='avia_hidden_link_text'>Compartir en Twitter<\/span><\/a><\/li><li class='av-share-link av-social-link-whatsapp' ><a target=\"_blank\" aria-label=\"Compartir en Whatsapp\" href='https:\/\/api.whatsapp.com\/send?text=https:\/\/radiorevelacionfm.cl\/?p=47814' aria-hidden='false' data-av_icon='\uf232' data-av_iconfont='entypo-fontello' title='' data-avia-related-tooltip='Compartir en Whatsapp' rel=\"noopener\"><span class='avia_hidden_link_text'>Compartir en Whatsapp<\/span><\/a><\/li><li class='av-share-link av-social-link-linkedin' ><a target=\"_blank\" aria-label=\"Compartir en LinkedIn\" href='https:\/\/linkedin.com\/shareArticle?mini=true&#038;title=Diputado%20Calisto%20y%20dirigentes%20habitacionales%20celebran%20confirmaci%C3%B3n%20de%20inicio%20de%20obras%20en%20la%20Chacra%20G&#038;url=https:\/\/radiorevelacionfm.cl\/?p=47814' aria-hidden='false' data-av_icon='\ue8fc' data-av_iconfont='entypo-fontello' title='' data-avia-related-tooltip='Compartir en LinkedIn' rel=\"noopener\"><span class='avia_hidden_link_text'>Compartir en LinkedIn<\/span><\/a><\/li><li class='av-share-link av-social-link-mail' ><a  aria-label=\"Compartir por correo\" href='mailto:?subject=Diputado%20Calisto%20y%20dirigentes%20habitacionales%20celebran%20confirmaci%C3%B3n%20de%20inicio%20de%20obras%20en%20la%20Chacra%20G&#038;body=https:\/\/radiorevelacionfm.cl\/?p=47814' aria-hidden='false' data-av_icon='\ue805' data-av_iconfont='entypo-fontello' title='' data-avia-related-tooltip='Compartir por correo'><span class='avia_hidden_link_text'>Compartir por correo<\/span><\/a><\/li><\/ul><\/div><\/div>\n<div  style='height:50px' class='hr hr-invisible   avia-builder-el-8  el_after_av_social_share  el_before_av_comments_list '><span class='hr-inner ' ><span class='hr-inner-style'><\/span><\/span><\/div>\n<div  class='av-buildercomment  av-blog-meta-html-info-disabled av-blog-meta-tag-disabled  '><\/div>\n","protected":false},"excerpt":{"rendered":"","protected":false},"author":1,"featured_media":47815,"comment_status":"open","ping_status":"open","sticky":false,"template":"","format":"standard","meta":{"footnotes":""},"categories":[57],"tags":[],"class_list":["post-47814","post","type-post","status-publish","format-standard","has-post-thumbnail","hentry","category-vivienda"],"jetpack_featured_media_url":"https:\/\/radiorevelacionfm.cl\/wp-content\/uploads\/2024\/11\/FOTO-REU-CHACRA-G-3-1-1.jpeg","_links":{"self":[{"href":"https:\/\/radiorevelacionfm.cl\/index.php?rest_route=\/wp\/v2\/posts\/47814","targetHints":{"allow":["GET"]}}],"collection":[{"href":"https:\/\/radiorevelacionfm.cl\/index.php?rest_route=\/wp\/v2\/posts"}],"about":[{"href":"https:\/\/radiorevelacionfm.cl\/index.php?rest_route=\/wp\/v2\/types\/post"}],"author":[{"embeddable":true,"href":"https:\/\/radiorevelacionfm.cl\/index.php?rest_route=\/wp\/v2\/users\/1"}],"replies":[{"embeddable":true,"href":"https:\/\/radiorevelacionfm.cl\/index.php?rest_route=%2Fwp%2Fv2%2Fcomments&post=47814"}],"version-history":[{"count":1,"href":"https:\/\/radiorevelacionfm.cl\/index.php?rest_route=\/wp\/v2\/posts\/47814\/revisions"}],"predecessor-version":[{"id":47816,"href":"https:\/\/radiorevelacionfm.cl\/index.php?rest_route=\/wp\/v2\/posts\/47814\/revisions\/47816"}],"wp:featuredmedia":[{"embeddable":true,"href":"https:\/\/radiorevelacionfm.cl\/index.php?rest_route=\/wp\/v2\/media\/47815"}],"wp:attachment":[{"href":"https:\/\/radiorevelacionfm.cl\/index.php?rest_route=%2Fwp%2Fv2%2Fmedia&parent=47814"}],"wp:term":[{"taxonomy":"category","embeddable":true,"href":"https:\/\/radiorevelacionfm.cl\/index.php?rest_route=%2Fwp%2Fv2%2Fcategories&post=47814"},{"taxonomy":"post_tag","embeddable":true,"href":"https:\/\/radiorevelacionfm.cl\/index.php?rest_route=%2Fwp%2Fv2%2Ftags&post=47814"}],"curies":[{"name":"wp","href":"https:\/\/api.w.org\/{rel}","templated":true}]}}