{"id":47805,"date":"2024-11-09T10:41:19","date_gmt":"2024-11-09T13:41:19","guid":{"rendered":"https:\/\/radiorevelacionfm.cl\/?p=47805"},"modified":"2024-11-09T22:34:03","modified_gmt":"2024-11-10T01:34:03","slug":"programa-de-atraccion-de-inversiones-de-corfo-aysen-impulsa-la-construccion-sostenible-y-nuevas-oportunidades-para-la-lana-regional","status":"publish","type":"post","link":"https:\/\/radiorevelacionfm.cl\/?p=47805","title":{"rendered":"Programa de Atracci\u00f3n de Inversiones de Corfo Ays\u00e9n impulsa la construcci\u00f3n sostenible y nuevas oportunidades para la lana regional"},"content":{"rendered":"<div class=\"flex_column av_one_full  flex_column_div av-zero-column-padding first  avia-builder-el-0  el_before_av_one_full  avia-builder-el-first  \" style='border-radius:0px; '><div  class='avia-image-container  av-styling-    avia-builder-el-1  avia-builder-el-no-sibling  avia-align-center '  itemprop=\"image\" itemscope=\"itemscope\" itemtype=\"https:\/\/schema.org\/ImageObject\"  ><div class='avia-image-container-inner'><div class='avia-image-overlay-wrap'><img decoding=\"async\" class='wp-image-47806 avia-img-lazy-loading-not-47806 avia_image' src=\"https:\/\/radiorevelacionfm.cl\/wp-content\/uploads\/2024\/11\/04-AI-Bioaislant-Corfo-1-1.jpg\" alt='' title='04 AI Bioaislant Corfo (1) (1)' height=\"600\" width=\"1067\"  itemprop=\"thumbnailUrl\" srcset=\"https:\/\/radiorevelacionfm.cl\/wp-content\/uploads\/2024\/11\/04-AI-Bioaislant-Corfo-1-1.jpg 1067w, https:\/\/radiorevelacionfm.cl\/wp-content\/uploads\/2024\/11\/04-AI-Bioaislant-Corfo-1-1-300x169.jpg 300w, https:\/\/radiorevelacionfm.cl\/wp-content\/uploads\/2024\/11\/04-AI-Bioaislant-Corfo-1-1-1030x579.jpg 1030w, https:\/\/radiorevelacionfm.cl\/wp-content\/uploads\/2024\/11\/04-AI-Bioaislant-Corfo-1-1-768x432.jpg 768w, https:\/\/radiorevelacionfm.cl\/wp-content\/uploads\/2024\/11\/04-AI-Bioaislant-Corfo-1-1-705x396.jpg 705w, https:\/\/radiorevelacionfm.cl\/wp-content\/uploads\/2024\/11\/04-AI-Bioaislant-Corfo-1-1-450x253.jpg 450w, https:\/\/radiorevelacionfm.cl\/wp-content\/uploads\/2024\/11\/04-AI-Bioaislant-Corfo-1-1-600x337.jpg 600w\" sizes=\"(max-width: 1067px) 100vw, 1067px\" \/><\/div><\/div><\/div><\/div><div class=\"flex_column av_one_full  flex_column_div av-zero-column-padding first  avia-builder-el-2  el_after_av_one_full  el_before_av_one_full  column-top-margin\" style='border-radius:0px; '><section class=\"av_textblock_section \"  itemscope=\"itemscope\" itemtype=\"https:\/\/schema.org\/BlogPosting\" itemprop=\"blogPost\" ><div class='avia_textblock  '   itemprop=\"text\" ><p style=\"text-align: center;\"><span style=\"font-size: 18pt;\"><b>Programa de Atracci\u00f3n de Inversiones de Corfo Ays\u00e9n impulsa la construcci\u00f3n sostenible y nuevas oportunidades para la lana regional<\/b><\/span><\/p>\n<div id=\"gtx-trans\" style=\"position: absolute; left: -50px; top: 4.31534px;\">\n<div class=\"gtx-trans-icon\"><\/div>\n<\/div>\n<\/div><\/section><\/div><div class=\"flex_column av_one_full  flex_column_div av-zero-column-padding first  avia-builder-el-4  el_after_av_one_full  el_before_av_hr  column-top-margin\" style='border-radius:0px; '><section class=\"av_textblock_section \"  itemscope=\"itemscope\" itemtype=\"https:\/\/schema.org\/BlogPosting\" itemprop=\"blogPost\" ><div class='avia_textblock  '   itemprop=\"text\" ><p style=\"font-weight: 400; text-align: justify;\"><em>El Programa de Atracci\u00f3n de Inversiones de Corfo Ays\u00e9n busca impulsar la inversi\u00f3n privada en la Regi\u00f3n, mediante la construcci\u00f3n de capacidades y el desarrollo de actividades que promuevan las potencialidades del territorio. A trav\u00e9s de la creaci\u00f3n y fortalecimiento de una red de promoci\u00f3n y facilitaci\u00f3n p\u00fablico-privada, el programa conecta a productores locales con oportunidades comerciales innovadoras.<\/em><\/p>\n<p style=\"font-weight: 400; text-align: justify;\"><em>\u00a0<\/em>Con el objetivo de revitalizar el mercado de la lana en la Regi\u00f3n de Ays\u00e9n, el Programa de Atracci\u00f3n de Inversiones de Corfo ha establecido una alianza estrat\u00e9gica con Bioaislant, empresa de la Regi\u00f3n del Biob\u00edo dedicada a la fabricaci\u00f3n de aislantes t\u00e9rmicos de lana de oveja. Esta iniciativa no solo apunta a reducir el stock acumulado de lana, sino tambi\u00e9n a impulsar un mercado regional que aproveche este recurso natural en proyectos de construcci\u00f3n sostenible, promoviendo as\u00ed el desarrollo econ\u00f3mico local y el uso de materiales sustentables en la regi\u00f3n.<\/p>\n<p style=\"font-weight: 400; text-align: justify;\">\u00abEstamos trabajando activamente para encontrar mecanismos de venta y salida para la lana que ha estado almacenada durante a\u00f1os, afectando a nuestros productores locales,\u00bb explic\u00f3 Fernando Johnson Dur\u00e1n, Subdirector de Corfo Ays\u00e9n. \u00abGracias a este programa, hemos logrado conectar a los productores de la regi\u00f3n con el empresario Francisco Arriagada, quien no solo fabrica productos de aislamiento t\u00e9rmico con lana, sino que tambi\u00e9n explora nuevos usos para este material.\u00bb<\/p>\n<p style=\"font-weight: 400; text-align: justify;\">El proyecto apunta a crear un mercado estable para la lana, promoviendo su uso como aislante t\u00e9rmico en viviendas, en l\u00ednea con los objetivos de eficiencia energ\u00e9tica del Ministerio de Vivienda y Urbanismo. \u00abEsta iniciativa es una excelente oportunidad para Ays\u00e9n, ya que nos permite utilizar un recurso local y generar desarrollo econ\u00f3mico en la regi\u00f3n,\u00bb se\u00f1al\u00f3 Paulina Ruz Delf\u00edn, Seremi de Vivienda, quien destac\u00f3 la importancia de esta soluci\u00f3n en el marco del Plan de Emergencia Habitacional. \u00abAdem\u00e1s, esto contribuye a que m\u00e1s familias puedan acceder a viviendas t\u00e9rmicamente eficientes y sostenibles.\u00bb<\/p>\n<p style=\"font-weight: 400; text-align: justify;\">Por su parte, Francisco Arriagada T., Director Comercial de la empresa BioAislant, expres\u00f3 su entusiasmo por las posibilidades que ofrece este proyecto. \u00abLa alianza entre el sector p\u00fablico y privado es clave para sacar adelante proyectos como este. Estamos muy entusiasmados con la perspectiva de comenzar la producci\u00f3n en la regi\u00f3n durante el primer semestre de 2025,\u00bb afirm\u00f3.<\/p>\n<p style=\"font-weight: 400; text-align: justify;\">El apoyo de Corfo y otras instituciones p\u00fablicas regionales, como la Seremi de Agricultura, son piezas fundamentales para avanzar en este proyecto. \u00abLa instalaci\u00f3n de una planta que use lana como aislante no s\u00f3lo ofrecer\u00e1 una soluci\u00f3n innovadora, sino que tambi\u00e9n aliviar\u00e1 la presi\u00f3n sobre nuestros agricultores, quienes han visto c\u00f3mo el stock de lana ha crecido sin salida comercial en los \u00faltimos a\u00f1os,\u00bb coment\u00f3 la Seremi.<\/p>\n<p style=\"font-weight: 400; text-align: justify;\">El programa de Atracci\u00f3n de Inversiones de Corfo Ays\u00e9n contin\u00faa explorando v\u00edas para que el proyecto se concrete, incluyendo el desarrollo de incentivos y la b\u00fasqueda de m\u00e1s actores interesados en participar en este creciente mercado.<\/p>\n<\/div><\/section><\/div><div  style='height:50px' class='hr hr-invisible   avia-builder-el-6  el_after_av_one_full  el_before_av_social_share '><span class='hr-inner ' ><span class='hr-inner-style'><\/span><\/span><\/div><\/p>\n<div  class='av-social-sharing-box  avia-builder-el-7  el_after_av_hr  el_before_av_hr  '><div class='av-share-box'><h5 class='av-share-link-description av-no-toc '>Compartir esta noticia<\/h5><ul class='av-share-box-list noLightbox'><li class='av-share-link av-social-link-facebook' ><a target=\"_blank\" aria-label=\"Compartir en Facebook\" href='https:\/\/www.facebook.com\/sharer.php?u=https:\/\/radiorevelacionfm.cl\/?p=47805&#038;t=Programa%20de%20Atracci%C3%B3n%20de%20Inversiones%20de%20Corfo%20Ays%C3%A9n%20impulsa%20la%20construcci%C3%B3n%20sostenible%20y%20nuevas%20oportunidades%20para%20la%20lana%20regional' aria-hidden='false' data-av_icon='\ue8f3' data-av_iconfont='entypo-fontello' title='' data-avia-related-tooltip='Compartir en Facebook' rel=\"noopener\"><span class='avia_hidden_link_text'>Compartir en Facebook<\/span><\/a><\/li><li class='av-share-link av-social-link-twitter' ><a target=\"_blank\" aria-label=\"Compartir en Twitter\" href='https:\/\/twitter.com\/share?text=Programa%20de%20Atracci%C3%B3n%20de%20Inversiones%20de%20Corfo%20Ays%C3%A9n%20impulsa%20la%20construcci%C3%B3n%20sostenible%20y%20nuevas%20oportunidades%20para%20la%20lana%20regional&#038;url=https:\/\/radiorevelacionfm.cl\/?p=47805' aria-hidden='false' data-av_icon='\ue8f1' data-av_iconfont='entypo-fontello' title='' data-avia-related-tooltip='Compartir en Twitter' rel=\"noopener\"><span class='avia_hidden_link_text'>Compartir en Twitter<\/span><\/a><\/li><li class='av-share-link av-social-link-whatsapp' ><a target=\"_blank\" aria-label=\"Compartir en Whatsapp\" href='https:\/\/api.whatsapp.com\/send?text=https:\/\/radiorevelacionfm.cl\/?p=47805' aria-hidden='false' data-av_icon='\uf232' data-av_iconfont='entypo-fontello' title='' data-avia-related-tooltip='Compartir en Whatsapp' rel=\"noopener\"><span class='avia_hidden_link_text'>Compartir en Whatsapp<\/span><\/a><\/li><li class='av-share-link av-social-link-linkedin' ><a target=\"_blank\" aria-label=\"Compartir en LinkedIn\" href='https:\/\/linkedin.com\/shareArticle?mini=true&#038;title=Programa%20de%20Atracci%C3%B3n%20de%20Inversiones%20de%20Corfo%20Ays%C3%A9n%20impulsa%20la%20construcci%C3%B3n%20sostenible%20y%20nuevas%20oportunidades%20para%20la%20lana%20regional&#038;url=https:\/\/radiorevelacionfm.cl\/?p=47805' aria-hidden='false' data-av_icon='\ue8fc' data-av_iconfont='entypo-fontello' title='' data-avia-related-tooltip='Compartir en LinkedIn' rel=\"noopener\"><span class='avia_hidden_link_text'>Compartir en LinkedIn<\/span><\/a><\/li><li class='av-share-link av-social-link-mail' ><a  aria-label=\"Compartir por correo\" href='mailto:?subject=Programa%20de%20Atracci%C3%B3n%20de%20Inversiones%20de%20Corfo%20Ays%C3%A9n%20impulsa%20la%20construcci%C3%B3n%20sostenible%20y%20nuevas%20oportunidades%20para%20la%20lana%20regional&#038;body=https:\/\/radiorevelacionfm.cl\/?p=47805' aria-hidden='false' data-av_icon='\ue805' data-av_iconfont='entypo-fontello' title='' data-avia-related-tooltip='Compartir por correo'><span class='avia_hidden_link_text'>Compartir por correo<\/span><\/a><\/li><\/ul><\/div><\/div>\n<div  style='height:50px' class='hr hr-invisible   avia-builder-el-8  el_after_av_social_share  el_before_av_comments_list '><span class='hr-inner ' ><span class='hr-inner-style'><\/span><\/span><\/div>\n<div  class='av-buildercomment  av-blog-meta-html-info-disabled av-blog-meta-tag-disabled  '><\/div>\n","protected":false},"excerpt":{"rendered":"","protected":false},"author":1,"featured_media":47806,"comment_status":"open","ping_status":"open","sticky":false,"template":"","format":"standard","meta":{"footnotes":""},"categories":[38],"tags":[],"class_list":["post-47805","post","type-post","status-publish","format-standard","has-post-thumbnail","hentry","category-regional"],"jetpack_featured_media_url":"https:\/\/radiorevelacionfm.cl\/wp-content\/uploads\/2024\/11\/04-AI-Bioaislant-Corfo-1-1.jpg","_links":{"self":[{"href":"https:\/\/radiorevelacionfm.cl\/index.php?rest_route=\/wp\/v2\/posts\/47805","targetHints":{"allow":["GET"]}}],"collection":[{"href":"https:\/\/radiorevelacionfm.cl\/index.php?rest_route=\/wp\/v2\/posts"}],"about":[{"href":"https:\/\/radiorevelacionfm.cl\/index.php?rest_route=\/wp\/v2\/types\/post"}],"author":[{"embeddable":true,"href":"https:\/\/radiorevelacionfm.cl\/index.php?rest_route=\/wp\/v2\/users\/1"}],"replies":[{"embeddable":true,"href":"https:\/\/radiorevelacionfm.cl\/index.php?rest_route=%2Fwp%2Fv2%2Fcomments&post=47805"}],"version-history":[{"count":1,"href":"https:\/\/radiorevelacionfm.cl\/index.php?rest_route=\/wp\/v2\/posts\/47805\/revisions"}],"predecessor-version":[{"id":47807,"href":"https:\/\/radiorevelacionfm.cl\/index.php?rest_route=\/wp\/v2\/posts\/47805\/revisions\/47807"}],"wp:featuredmedia":[{"embeddable":true,"href":"https:\/\/radiorevelacionfm.cl\/index.php?rest_route=\/wp\/v2\/media\/47806"}],"wp:attachment":[{"href":"https:\/\/radiorevelacionfm.cl\/index.php?rest_route=%2Fwp%2Fv2%2Fmedia&parent=47805"}],"wp:term":[{"taxonomy":"category","embeddable":true,"href":"https:\/\/radiorevelacionfm.cl\/index.php?rest_route=%2Fwp%2Fv2%2Fcategories&post=47805"},{"taxonomy":"post_tag","embeddable":true,"href":"https:\/\/radiorevelacionfm.cl\/index.php?rest_route=%2Fwp%2Fv2%2Ftags&post=47805"}],"curies":[{"name":"wp","href":"https:\/\/api.w.org\/{rel}","templated":true}]}}