{"id":47802,"date":"2024-11-08T23:16:27","date_gmt":"2024-11-09T02:16:27","guid":{"rendered":"https:\/\/radiorevelacionfm.cl\/?p=47802"},"modified":"2024-11-09T22:34:46","modified_gmt":"2024-11-10T01:34:46","slug":"jovenes-participan-de-seminario-de-innovacion-para-la-educacion-tecnico-profesional","status":"publish","type":"post","link":"https:\/\/radiorevelacionfm.cl\/?p=47802","title":{"rendered":"J\u00f3venes participan de seminario de innovaci\u00f3n para la educaci\u00f3n t\u00e9cnico profesional"},"content":{"rendered":"<div class=\"flex_column av_one_full  flex_column_div av-zero-column-padding first  avia-builder-el-0  el_before_av_one_full  avia-builder-el-first  \" style='border-radius:0px; '><div  class='avia-image-container  av-styling-    avia-builder-el-1  avia-builder-el-no-sibling  avia-align-center '  itemprop=\"image\" itemscope=\"itemscope\" itemtype=\"https:\/\/schema.org\/ImageObject\"  ><div class='avia-image-container-inner'><div class='avia-image-overlay-wrap'><img decoding=\"async\" class='wp-image-47803 avia-img-lazy-loading-not-47803 avia_image' src=\"https:\/\/radiorevelacionfm.cl\/wp-content\/uploads\/2024\/11\/6-56-1-1.jpg\" alt='' title='6 (56) (1) (1)' height=\"600\" width=\"1066\"  itemprop=\"thumbnailUrl\" srcset=\"https:\/\/radiorevelacionfm.cl\/wp-content\/uploads\/2024\/11\/6-56-1-1.jpg 1066w, https:\/\/radiorevelacionfm.cl\/wp-content\/uploads\/2024\/11\/6-56-1-1-300x169.jpg 300w, https:\/\/radiorevelacionfm.cl\/wp-content\/uploads\/2024\/11\/6-56-1-1-1030x580.jpg 1030w, https:\/\/radiorevelacionfm.cl\/wp-content\/uploads\/2024\/11\/6-56-1-1-768x432.jpg 768w, https:\/\/radiorevelacionfm.cl\/wp-content\/uploads\/2024\/11\/6-56-1-1-705x397.jpg 705w, https:\/\/radiorevelacionfm.cl\/wp-content\/uploads\/2024\/11\/6-56-1-1-450x253.jpg 450w, https:\/\/radiorevelacionfm.cl\/wp-content\/uploads\/2024\/11\/6-56-1-1-600x338.jpg 600w\" sizes=\"(max-width: 1066px) 100vw, 1066px\" \/><\/div><\/div><\/div><\/div><div class=\"flex_column av_one_full  flex_column_div av-zero-column-padding first  avia-builder-el-2  el_after_av_one_full  el_before_av_one_full  column-top-margin\" style='border-radius:0px; '><section class=\"av_textblock_section \"  itemscope=\"itemscope\" itemtype=\"https:\/\/schema.org\/BlogPosting\" itemprop=\"blogPost\" ><div class='avia_textblock  '   itemprop=\"text\" ><p style=\"text-align: center;\"><span style=\"font-size: 18pt;\"><strong>J\u00f3venes participan de Seminario de Innovaci\u00f3n para la Educaci\u00f3n T\u00e9cnico Profesional<\/strong><\/span><\/p>\n<div id=\"gtx-trans\" style=\"position: absolute; left: -50px; top: 4.31534px;\">\n<div class=\"gtx-trans-icon\"><\/div>\n<\/div>\n<\/div><\/section><\/div><div class=\"flex_column av_one_full  flex_column_div av-zero-column-padding first  avia-builder-el-4  el_after_av_one_full  el_before_av_hr  column-top-margin\" style='border-radius:0px; '><section class=\"av_textblock_section \"  itemscope=\"itemscope\" itemtype=\"https:\/\/schema.org\/BlogPosting\" itemprop=\"blogPost\" ><div class='avia_textblock  '   itemprop=\"text\" ><p style=\"text-align: justify;\"><em>Actividad fue organizada por la C\u00e1mara de la Construcci\u00f3n, ONG Canales y la seremi de Educaci\u00f3n, enmarcado en el programa \u201cConstruyo mi Futuro\u201d.<\/em><\/p>\n<p style=\"text-align: justify;\">\u00a0J\u00f3venes estudiantes de la regi\u00f3n, de liceos t\u00e9cnico profesionales, participaron de la actividad \u201cConstruyo mi Futuro: Seminario de innovaci\u00f3n en la educaci\u00f3n t\u00e9cnico profesional\u201d, organizado por la C\u00e1mara Chilena de la Construcci\u00f3n, ONG Canales y la seremi de Educaci\u00f3n.<\/p>\n<p style=\"text-align: justify;\">El evento, se desarroll\u00f3 en dependencias del liceo Juan Pablo II de Coyhaique, y ofreci\u00f3 a los estudiantes, informaci\u00f3n y charlas contingentes para su proceso formativo, que, entre otras cosas, busc\u00f3 motivarlos a poner en pr\u00e1ctica los conocimientos adquiridos durante su formaci\u00f3n y a continuar sus aprendizajes en instituciones de educaci\u00f3n superior.<\/p>\n<p style=\"text-align: justify;\">En este caso, el foco estuvo en las carreras t\u00e9cnico profesionales ligadas al rubro de la construcci\u00f3n, de hecho, uno de los estands que los j\u00f3venes pudieron visitar fue el de la carrera t\u00e9cnica de obras viales que imparte el liceo Juan Pablo II, lugar donde los alumnos compartieron sus experiencias con sus pares.<\/p>\n<p style=\"text-align: justify;\">\u201cNosotros trabajamos en varias fases, en laboratorio, topograf\u00eda, prevenci\u00f3n de riesgo y en caminos\u201d, explic\u00f3 Josefina Garc\u00e9s, lo que fue complementado por su compa\u00f1ero Yohan Navarro, quien detall\u00f3 que trabajan \u201cTodo lo que se hace de pavimento, solera y asfalto, entre otros\u201d.<\/p>\n<p style=\"text-align: justify;\">Ambos esperan seguir trabajando en lo que est\u00e1n estudiando, e incluso, no descartan continuar carreras profesionales, como ingenier\u00eda civil o construcci\u00f3n civil.<\/p>\n<p style=\"text-align: justify;\">La C\u00e1mara Chilena de la Construcci\u00f3n, junto a ONG Canales, ejecutan el programa \u201cConstruyo mi Futuro\u201d, que en la regi\u00f3n de Ays\u00e9n cuenta con tres liceos inscritos, (liceo Juan Pablo II y Bicentenario Agr\u00edcola e Industrial de la Patagonia de Coyhaique y el liceo Bicentenario Luisa Rabanal Palma\u00a0de\u00a0Chile\u00a0Chico). A trav\u00e9s de esta iniciativa, se desarrollan actividades con los estudiantes del \u00e1rea de la construcci\u00f3n, con el fin de motivarlos a que, una vez egresados, contin\u00faen desempe\u00f1\u00e1ndose en este rubro.<\/p>\n<p style=\"text-align: justify;\">En ese contexto, Pedro Pablo Arriagada, vicepresidente gremial de la CChC sede Coyhaique, explic\u00f3 que, esperan que instancias como esta \u201cAyuden a los alumnos a poder definir su futuro y (a elegir) qu\u00e9 es lo que quieren hacer. Ojal\u00e1 que sean cercanos a las carreras de la construcci\u00f3n, porque el pilar de la industria son los trabajadores calificados a todo nivel\u201d.<\/p>\n<p style=\"text-align: justify;\">La educaci\u00f3n t\u00e9cnico profesional est\u00e1 presente en Chile hace m\u00e1s de 80 a\u00f1os, permitiendo explorar vocaciones a temprana edad, en el caso de los j\u00f3venes que cursan la educaci\u00f3n media.<\/p>\n<p style=\"text-align: justify;\">Desde la seremi de Educaci\u00f3n, valoraron las alianzas p\u00fablico privadas para el desarrollo de actividades que entreguen m\u00e1s y mejores herramientas a los estudiantes, tal como sucedi\u00f3 para el desarrollo de este seminario, as\u00ed lo explic\u00f3 la secretaria regional ministerial Isabel Garrido, \u201cLa educaci\u00f3n t\u00e9cnico profesional crece y se desarrolla, cuando los establecimientos trabajan en redes junto con las empresas, con el sector productivo y entre distintos establecimientos\u201d.<\/p>\n<p style=\"text-align: justify;\">A nivel regional, el programa Construyo mi Futuro, de la C\u00e1mara Chilena de la Construcci\u00f3n, cuenta con 401 j\u00f3venes beneficiados, de entre segundo a cuarto medios, quienes, a trav\u00e9s de sus liceos, reciben orientaci\u00f3n para elegir carreras del \u00e1rea de la construcci\u00f3n, participan en actividades de vinculaci\u00f3n con la industria y cuentan con apoyo formativo, entre otros beneficios.<\/p>\n<\/div><\/section><\/div><div  style='height:50px' class='hr hr-invisible   avia-builder-el-6  el_after_av_one_full  el_before_av_social_share '><span class='hr-inner ' ><span class='hr-inner-style'><\/span><\/span><\/div><\/p>\n<div  class='av-social-sharing-box  avia-builder-el-7  el_after_av_hr  el_before_av_hr  '><div class='av-share-box'><h5 class='av-share-link-description av-no-toc '>Compartir esta noticia<\/h5><ul class='av-share-box-list noLightbox'><li class='av-share-link av-social-link-facebook' ><a target=\"_blank\" aria-label=\"Compartir en Facebook\" href='https:\/\/www.facebook.com\/sharer.php?u=https:\/\/radiorevelacionfm.cl\/?p=47802&#038;t=J%C3%B3venes%20participan%20de%20seminario%20de%20innovaci%C3%B3n%20para%20la%20educaci%C3%B3n%20t%C3%A9cnico%20profesional' aria-hidden='false' data-av_icon='\ue8f3' data-av_iconfont='entypo-fontello' title='' data-avia-related-tooltip='Compartir en Facebook' rel=\"noopener\"><span class='avia_hidden_link_text'>Compartir en Facebook<\/span><\/a><\/li><li class='av-share-link av-social-link-twitter' ><a target=\"_blank\" aria-label=\"Compartir en Twitter\" href='https:\/\/twitter.com\/share?text=J%C3%B3venes%20participan%20de%20seminario%20de%20innovaci%C3%B3n%20para%20la%20educaci%C3%B3n%20t%C3%A9cnico%20profesional&#038;url=https:\/\/radiorevelacionfm.cl\/?p=47802' aria-hidden='false' data-av_icon='\ue8f1' data-av_iconfont='entypo-fontello' title='' data-avia-related-tooltip='Compartir en Twitter' rel=\"noopener\"><span class='avia_hidden_link_text'>Compartir en Twitter<\/span><\/a><\/li><li class='av-share-link av-social-link-whatsapp' ><a target=\"_blank\" aria-label=\"Compartir en Whatsapp\" href='https:\/\/api.whatsapp.com\/send?text=https:\/\/radiorevelacionfm.cl\/?p=47802' aria-hidden='false' data-av_icon='\uf232' data-av_iconfont='entypo-fontello' title='' data-avia-related-tooltip='Compartir en Whatsapp' rel=\"noopener\"><span class='avia_hidden_link_text'>Compartir en Whatsapp<\/span><\/a><\/li><li class='av-share-link av-social-link-linkedin' ><a target=\"_blank\" aria-label=\"Compartir en LinkedIn\" href='https:\/\/linkedin.com\/shareArticle?mini=true&#038;title=J%C3%B3venes%20participan%20de%20seminario%20de%20innovaci%C3%B3n%20para%20la%20educaci%C3%B3n%20t%C3%A9cnico%20profesional&#038;url=https:\/\/radiorevelacionfm.cl\/?p=47802' aria-hidden='false' data-av_icon='\ue8fc' data-av_iconfont='entypo-fontello' title='' data-avia-related-tooltip='Compartir en LinkedIn' rel=\"noopener\"><span class='avia_hidden_link_text'>Compartir en LinkedIn<\/span><\/a><\/li><li class='av-share-link av-social-link-mail' ><a  aria-label=\"Compartir por correo\" href='mailto:?subject=J%C3%B3venes%20participan%20de%20seminario%20de%20innovaci%C3%B3n%20para%20la%20educaci%C3%B3n%20t%C3%A9cnico%20profesional&#038;body=https:\/\/radiorevelacionfm.cl\/?p=47802' aria-hidden='false' data-av_icon='\ue805' data-av_iconfont='entypo-fontello' title='' data-avia-related-tooltip='Compartir por correo'><span class='avia_hidden_link_text'>Compartir por correo<\/span><\/a><\/li><\/ul><\/div><\/div>\n<div  style='height:50px' class='hr hr-invisible   avia-builder-el-8  el_after_av_social_share  el_before_av_comments_list '><span class='hr-inner ' ><span class='hr-inner-style'><\/span><\/span><\/div>\n<div  class='av-buildercomment  av-blog-meta-html-info-disabled av-blog-meta-tag-disabled  '><\/div>\n","protected":false},"excerpt":{"rendered":"","protected":false},"author":1,"featured_media":47803,"comment_status":"open","ping_status":"open","sticky":false,"template":"","format":"standard","meta":{"footnotes":""},"categories":[49],"tags":[],"class_list":["post-47802","post","type-post","status-publish","format-standard","has-post-thumbnail","hentry","category-educacion"],"jetpack_featured_media_url":"https:\/\/radiorevelacionfm.cl\/wp-content\/uploads\/2024\/11\/6-56-1-1.jpg","_links":{"self":[{"href":"https:\/\/radiorevelacionfm.cl\/index.php?rest_route=\/wp\/v2\/posts\/47802","targetHints":{"allow":["GET"]}}],"collection":[{"href":"https:\/\/radiorevelacionfm.cl\/index.php?rest_route=\/wp\/v2\/posts"}],"about":[{"href":"https:\/\/radiorevelacionfm.cl\/index.php?rest_route=\/wp\/v2\/types\/post"}],"author":[{"embeddable":true,"href":"https:\/\/radiorevelacionfm.cl\/index.php?rest_route=\/wp\/v2\/users\/1"}],"replies":[{"embeddable":true,"href":"https:\/\/radiorevelacionfm.cl\/index.php?rest_route=%2Fwp%2Fv2%2Fcomments&post=47802"}],"version-history":[{"count":1,"href":"https:\/\/radiorevelacionfm.cl\/index.php?rest_route=\/wp\/v2\/posts\/47802\/revisions"}],"predecessor-version":[{"id":47804,"href":"https:\/\/radiorevelacionfm.cl\/index.php?rest_route=\/wp\/v2\/posts\/47802\/revisions\/47804"}],"wp:featuredmedia":[{"embeddable":true,"href":"https:\/\/radiorevelacionfm.cl\/index.php?rest_route=\/wp\/v2\/media\/47803"}],"wp:attachment":[{"href":"https:\/\/radiorevelacionfm.cl\/index.php?rest_route=%2Fwp%2Fv2%2Fmedia&parent=47802"}],"wp:term":[{"taxonomy":"category","embeddable":true,"href":"https:\/\/radiorevelacionfm.cl\/index.php?rest_route=%2Fwp%2Fv2%2Fcategories&post=47802"},{"taxonomy":"post_tag","embeddable":true,"href":"https:\/\/radiorevelacionfm.cl\/index.php?rest_route=%2Fwp%2Fv2%2Ftags&post=47802"}],"curies":[{"name":"wp","href":"https:\/\/api.w.org\/{rel}","templated":true}]}}