{"id":47799,"date":"2024-11-07T21:41:15","date_gmt":"2024-11-08T00:41:15","guid":{"rendered":"https:\/\/radiorevelacionfm.cl\/?p=47799"},"modified":"2024-11-09T22:35:31","modified_gmt":"2024-11-10T01:35:31","slug":"delegado-provincial-de-aysen-convoca-cogrid-para-monitorear-y-avanzar-en-acciones-tras-corte-de-agua-potable-en-aysen","status":"publish","type":"post","link":"https:\/\/radiorevelacionfm.cl\/?p=47799","title":{"rendered":"Delegado Provincial de Ays\u00e9n convoca Cogrid para monitorear y avanzar en acciones tras corte de agua potable en Ays\u00e9n"},"content":{"rendered":"<div class=\"flex_column av_one_full  flex_column_div av-zero-column-padding first  avia-builder-el-0  el_before_av_one_full  avia-builder-el-first  \" style='border-radius:0px; '><div  class='avia-image-container  av-styling-    avia-builder-el-1  avia-builder-el-no-sibling  avia-align-center '  itemprop=\"image\" itemscope=\"itemscope\" itemtype=\"https:\/\/schema.org\/ImageObject\"  ><div class='avia-image-container-inner'><div class='avia-image-overlay-wrap'><img decoding=\"async\" class='wp-image-47800 avia-img-lazy-loading-not-47800 avia_image' src=\"https:\/\/radiorevelacionfm.cl\/wp-content\/uploads\/2024\/11\/terreno-monitoreo-trabajo-empresa-aguas-patagonias-2-1_optimized.jpg\" alt='' title='terreno-monitoreo-trabajo-empresa-aguas-patagonias-2-(1)_optimized' height=\"600\" width=\"800\"  itemprop=\"thumbnailUrl\" srcset=\"https:\/\/radiorevelacionfm.cl\/wp-content\/uploads\/2024\/11\/terreno-monitoreo-trabajo-empresa-aguas-patagonias-2-1_optimized.jpg 800w, https:\/\/radiorevelacionfm.cl\/wp-content\/uploads\/2024\/11\/terreno-monitoreo-trabajo-empresa-aguas-patagonias-2-1_optimized-300x225.jpg 300w, https:\/\/radiorevelacionfm.cl\/wp-content\/uploads\/2024\/11\/terreno-monitoreo-trabajo-empresa-aguas-patagonias-2-1_optimized-768x576.jpg 768w, https:\/\/radiorevelacionfm.cl\/wp-content\/uploads\/2024\/11\/terreno-monitoreo-trabajo-empresa-aguas-patagonias-2-1_optimized-705x529.jpg 705w, https:\/\/radiorevelacionfm.cl\/wp-content\/uploads\/2024\/11\/terreno-monitoreo-trabajo-empresa-aguas-patagonias-2-1_optimized-450x338.jpg 450w, https:\/\/radiorevelacionfm.cl\/wp-content\/uploads\/2024\/11\/terreno-monitoreo-trabajo-empresa-aguas-patagonias-2-1_optimized-600x450.jpg 600w\" sizes=\"(max-width: 800px) 100vw, 800px\" \/><\/div><\/div><\/div><\/div><div class=\"flex_column av_one_full  flex_column_div av-zero-column-padding first  avia-builder-el-2  el_after_av_one_full  el_before_av_one_full  column-top-margin\" style='border-radius:0px; '><section class=\"av_textblock_section \"  itemscope=\"itemscope\" itemtype=\"https:\/\/schema.org\/BlogPosting\" itemprop=\"blogPost\" ><div class='avia_textblock  '   itemprop=\"text\" ><p style=\"text-align: center;\"><span style=\"font-size: 18pt;\"><strong>Delegado Provincial de Ays\u00e9n convoca Cogrid para monitorear y avanzar en acciones tras corte de agua potable en Ays\u00e9n<\/strong><\/span><\/p>\n<div id=\"gtx-trans\" style=\"position: absolute; left: -50px; top: 4.31534px;\">\n<div class=\"gtx-trans-icon\"><\/div>\n<\/div>\n<\/div><\/section><\/div><div class=\"flex_column av_one_full  flex_column_div av-zero-column-padding first  avia-builder-el-4  el_after_av_one_full  el_before_av_hr  column-top-margin\" style='border-radius:0px; '><section class=\"av_textblock_section \"  itemscope=\"itemscope\" itemtype=\"https:\/\/schema.org\/BlogPosting\" itemprop=\"blogPost\" ><div class='avia_textblock  '   itemprop=\"text\" ><p style=\"text-align: justify;\">Delegaci\u00f3n Presidencial Provincial de Ays\u00e9n convoc\u00f3 Comit\u00e9 de Gesti\u00f3n de Riesgo de Desastre (COGRID) por la situaci\u00f3n de emergencia que vive la comuna de Ays\u00e9n durante su segundo d\u00eda sin agua potable debido a trabajos de la Empresa Aguas Patagonia.<\/p>\n<p style=\"text-align: justify;\">Esta reuni\u00f3n se llev\u00f3 a cabo en las inmediaciones de la Delegaci\u00f3n Presidencial Provincial de Ays\u00e9n con las instituciones que son parte del Cogrid, entre ellos Senapred, Carabineros, PDI, Municipalidad de Ays\u00e9n, Superintendencia de Servicios Sanitarios, Seremi de Salud, Hospital de Ays\u00e9n, Cesfam,\u00a0 MOP, Ejercito, Bomberos,\u00a0 Aguas Patagonia, Concejales y otras autoridades que estuvieron aunando criterios, avanzando en plan de monitoreo y acci\u00f3n para esta situaci\u00f3n acontecida en la comuna de Ays\u00e9n.<\/p>\n<p style=\"text-align: justify;\">Giovanni Queriolo, Jefe Oficina Superintendencia de Servicios Sanitarios, \u201cefectivamente lo que se constat\u00f3 y lo que se instruy\u00f3 a la empresa sanitaria de que aborden un plan B y un plan C de tal manera de que si les falla el punto que est\u00e1n tratando de reponer puedan abastecer a la ciudadan\u00eda. Este plan lo tiene que dise\u00f1ar la empresa, no lo tiene hoy dise\u00f1ado pero es lo que deber\u00edan trabajar durante las siguientes horas. Pueden llamar directamente a la empresa sanitaria para tomar los reclamos y requerimientos, nosotros como superintendencia de servicios sanitarios tambi\u00e9n tenemos tel\u00e9fono abierto 67252808, efectivamente estamos dispuestos a atender cualquier requerimiento que tenga la ciudadan\u00eda, adem\u00e1s tambi\u00e9n est\u00e1 presente nuestra p\u00e1gina web\u201d.<\/p>\n<p style=\"text-align: justify;\">Adem\u00e1s inform\u00f3 que, \u201cLa ley sanitaria no contempla compensaciones para la ciudadan\u00eda, no obstante existe la ley a trav\u00e9s del Sernac\u00a0 que efectivamente para cortes que son no programados para m\u00e1s de 4 horas, alg\u00fan tipo de compensaci\u00f3n que deber\u00eda venir en su pr\u00f3xima facturaci\u00f3n. Pero ahora cualquier da\u00f1o o perjuicio que haya sido ocasionado el \u00fanico canal hoy d\u00eda viable son los canales a trav\u00e9s de la justicia\u201d.<\/p>\n<p style=\"text-align: justify;\">Sidi Donoso, Director Senapred Regional, nos afirm\u00f3 que \u201cEsperamos tener lo antes posible nuevamente el suministro, se est\u00e1 trabajando por parte de la empresa, se le ha pedido mayor cantidad de camiones aljibes y esperamos que eso suceda. Tomar los resguardos del punto de vista sanitario, no hemos tenido activaciones en el \u00e1mbito de salud\u00a0 ni en el Hospital, ni el Cesfam que indiquen que estamos en emergencia sanitaria y eso se est\u00e1 trabajando para abastecer el sector del centro penitenciario. El hospital est\u00e1 funcionando de forma natural, donde restringir\u00e1 de alg\u00fan modo su suministro para no tener alguna problem\u00e1tica.<\/p>\n<p style=\"text-align: justify;\">Jorge D\u00edaz Guzm\u00e1n, Delegado Presidencial Provincial de Ays\u00e9n, \u201cDesde aproximadamente las 6 de la ma\u00f1ana hemos estado activando todos los protocolo que corresponden a una emergencia de \u00a0esta\u00a0 naturaleza y por eso tambi\u00e9n convocamos a un comit\u00e9 de emergencia provincial de tal manera de poder evaluar con la empresa\u00a0 y con la superintendencia de servicios sanitarios la envergadura de este problema y as\u00ed continuamos \u00a0con activar la emergencia \u00a0para que el municipio pueda proceder con su protocolo para atender a la poblaci\u00f3n m\u00e1s vulnerable y tambi\u00e9n con el sistema de Senapred el resto de los puntos cr\u00edticos. Por lo mismo es que esta ma\u00f1ana tambi\u00e9n estuvo la Seremi de Salud debido a que si continuamos con la emergencia ver cuando se decreta la emergencia sanitaria. Estamos tambi\u00e9n coordinados con MOP para ver la contraparte t\u00e9cnica y tambi\u00e9n servicios sanitarios, por lo tanto todos los protocolos por este d\u00e9ficit de agua potable est\u00e1n activados trabajando en la situaci\u00f3n. Hoy d\u00eda ya con el d\u00e9ficit de agua potable ya est\u00e1\u00a0 en marcha el protocolo de la empresa donde se est\u00e1 abasteciendo los 32 puntos con agua potable y que para consumo humano y en una segunda fase; bombero va a salir tambi\u00e9n con agua para abastecer estos puntos y al mismo tiempo para los servicios sanitario domiciliario\u201d.<\/p>\n<\/div><\/section><\/div><div  style='height:50px' class='hr hr-invisible   avia-builder-el-6  el_after_av_one_full  el_before_av_social_share '><span class='hr-inner ' ><span class='hr-inner-style'><\/span><\/span><\/div><\/p>\n<div  class='av-social-sharing-box  avia-builder-el-7  el_after_av_hr  el_before_av_hr  '><div class='av-share-box'><h5 class='av-share-link-description av-no-toc '>Compartir esta noticia<\/h5><ul class='av-share-box-list noLightbox'><li class='av-share-link av-social-link-facebook' ><a target=\"_blank\" aria-label=\"Compartir en Facebook\" href='https:\/\/www.facebook.com\/sharer.php?u=https:\/\/radiorevelacionfm.cl\/?p=47799&#038;t=Delegado%20Provincial%20de%20Ays%C3%A9n%20convoca%20Cogrid%20para%20monitorear%20y%20avanzar%20en%20acciones%20tras%20corte%20de%20agua%20potable%20en%20Ays%C3%A9n' aria-hidden='false' data-av_icon='\ue8f3' data-av_iconfont='entypo-fontello' title='' data-avia-related-tooltip='Compartir en Facebook' rel=\"noopener\"><span class='avia_hidden_link_text'>Compartir en Facebook<\/span><\/a><\/li><li class='av-share-link av-social-link-twitter' ><a target=\"_blank\" aria-label=\"Compartir en Twitter\" href='https:\/\/twitter.com\/share?text=Delegado%20Provincial%20de%20Ays%C3%A9n%20convoca%20Cogrid%20para%20monitorear%20y%20avanzar%20en%20acciones%20tras%20corte%20de%20agua%20potable%20en%20Ays%C3%A9n&#038;url=https:\/\/radiorevelacionfm.cl\/?p=47799' aria-hidden='false' data-av_icon='\ue8f1' data-av_iconfont='entypo-fontello' title='' data-avia-related-tooltip='Compartir en Twitter' rel=\"noopener\"><span class='avia_hidden_link_text'>Compartir en Twitter<\/span><\/a><\/li><li class='av-share-link av-social-link-whatsapp' ><a target=\"_blank\" aria-label=\"Compartir en Whatsapp\" href='https:\/\/api.whatsapp.com\/send?text=https:\/\/radiorevelacionfm.cl\/?p=47799' aria-hidden='false' data-av_icon='\uf232' data-av_iconfont='entypo-fontello' title='' data-avia-related-tooltip='Compartir en Whatsapp' rel=\"noopener\"><span class='avia_hidden_link_text'>Compartir en Whatsapp<\/span><\/a><\/li><li class='av-share-link av-social-link-linkedin' ><a target=\"_blank\" aria-label=\"Compartir en LinkedIn\" href='https:\/\/linkedin.com\/shareArticle?mini=true&#038;title=Delegado%20Provincial%20de%20Ays%C3%A9n%20convoca%20Cogrid%20para%20monitorear%20y%20avanzar%20en%20acciones%20tras%20corte%20de%20agua%20potable%20en%20Ays%C3%A9n&#038;url=https:\/\/radiorevelacionfm.cl\/?p=47799' aria-hidden='false' data-av_icon='\ue8fc' data-av_iconfont='entypo-fontello' title='' data-avia-related-tooltip='Compartir en LinkedIn' rel=\"noopener\"><span class='avia_hidden_link_text'>Compartir en LinkedIn<\/span><\/a><\/li><li class='av-share-link av-social-link-mail' ><a  aria-label=\"Compartir por correo\" href='mailto:?subject=Delegado%20Provincial%20de%20Ays%C3%A9n%20convoca%20Cogrid%20para%20monitorear%20y%20avanzar%20en%20acciones%20tras%20corte%20de%20agua%20potable%20en%20Ays%C3%A9n&#038;body=https:\/\/radiorevelacionfm.cl\/?p=47799' aria-hidden='false' data-av_icon='\ue805' data-av_iconfont='entypo-fontello' title='' data-avia-related-tooltip='Compartir por correo'><span class='avia_hidden_link_text'>Compartir por correo<\/span><\/a><\/li><\/ul><\/div><\/div>\n<div  style='height:50px' class='hr hr-invisible   avia-builder-el-8  el_after_av_social_share  el_before_av_comments_list '><span class='hr-inner ' ><span class='hr-inner-style'><\/span><\/span><\/div>\n<div  class='av-buildercomment  av-blog-meta-html-info-disabled av-blog-meta-tag-disabled  '><\/div>\n","protected":false},"excerpt":{"rendered":"","protected":false},"author":1,"featured_media":47800,"comment_status":"open","ping_status":"open","sticky":false,"template":"","format":"standard","meta":{"footnotes":""},"categories":[38],"tags":[],"class_list":["post-47799","post","type-post","status-publish","format-standard","has-post-thumbnail","hentry","category-regional"],"jetpack_featured_media_url":"https:\/\/radiorevelacionfm.cl\/wp-content\/uploads\/2024\/11\/terreno-monitoreo-trabajo-empresa-aguas-patagonias-2-1_optimized.jpg","_links":{"self":[{"href":"https:\/\/radiorevelacionfm.cl\/index.php?rest_route=\/wp\/v2\/posts\/47799","targetHints":{"allow":["GET"]}}],"collection":[{"href":"https:\/\/radiorevelacionfm.cl\/index.php?rest_route=\/wp\/v2\/posts"}],"about":[{"href":"https:\/\/radiorevelacionfm.cl\/index.php?rest_route=\/wp\/v2\/types\/post"}],"author":[{"embeddable":true,"href":"https:\/\/radiorevelacionfm.cl\/index.php?rest_route=\/wp\/v2\/users\/1"}],"replies":[{"embeddable":true,"href":"https:\/\/radiorevelacionfm.cl\/index.php?rest_route=%2Fwp%2Fv2%2Fcomments&post=47799"}],"version-history":[{"count":1,"href":"https:\/\/radiorevelacionfm.cl\/index.php?rest_route=\/wp\/v2\/posts\/47799\/revisions"}],"predecessor-version":[{"id":47801,"href":"https:\/\/radiorevelacionfm.cl\/index.php?rest_route=\/wp\/v2\/posts\/47799\/revisions\/47801"}],"wp:featuredmedia":[{"embeddable":true,"href":"https:\/\/radiorevelacionfm.cl\/index.php?rest_route=\/wp\/v2\/media\/47800"}],"wp:attachment":[{"href":"https:\/\/radiorevelacionfm.cl\/index.php?rest_route=%2Fwp%2Fv2%2Fmedia&parent=47799"}],"wp:term":[{"taxonomy":"category","embeddable":true,"href":"https:\/\/radiorevelacionfm.cl\/index.php?rest_route=%2Fwp%2Fv2%2Fcategories&post=47799"},{"taxonomy":"post_tag","embeddable":true,"href":"https:\/\/radiorevelacionfm.cl\/index.php?rest_route=%2Fwp%2Fv2%2Ftags&post=47799"}],"curies":[{"name":"wp","href":"https:\/\/api.w.org\/{rel}","templated":true}]}}