{"id":47796,"date":"2024-11-08T15:20:59","date_gmt":"2024-11-08T18:20:59","guid":{"rendered":"https:\/\/radiorevelacionfm.cl\/?p=47796"},"modified":"2024-11-09T22:36:06","modified_gmt":"2024-11-10T01:36:06","slug":"escuela-de-lideres-politicas-y-sociales-de-sernameg-certifica-a-mujeres-de-la-region-y-adelanta-nuevo-modelo-para-2025","status":"publish","type":"post","link":"https:\/\/radiorevelacionfm.cl\/?p=47796","title":{"rendered":"Escuela de L\u00edderes Pol\u00edticas y Sociales de SernamEG certifica a mujeres de la regi\u00f3n y adelanta nuevo modelo para 2025"},"content":{"rendered":"<div class=\"flex_column av_one_full  flex_column_div av-zero-column-padding first  avia-builder-el-0  el_before_av_one_full  avia-builder-el-first  \" style='border-radius:0px; '><div  class='avia-image-container  av-styling-    avia-builder-el-1  avia-builder-el-no-sibling  avia-align-center '  itemprop=\"image\" itemscope=\"itemscope\" itemtype=\"https:\/\/schema.org\/ImageObject\"  ><div class='avia-image-container-inner'><div class='avia-image-overlay-wrap'><img decoding=\"async\" class='wp-image-47797 avia-img-lazy-loading-not-47797 avia_image' src=\"https:\/\/radiorevelacionfm.cl\/wp-content\/uploads\/2024\/11\/ELPS-1-1-1.jpg\" alt='' title='ELPS 1 (1) (1)' height=\"600\" width=\"800\"  itemprop=\"thumbnailUrl\" srcset=\"https:\/\/radiorevelacionfm.cl\/wp-content\/uploads\/2024\/11\/ELPS-1-1-1.jpg 800w, https:\/\/radiorevelacionfm.cl\/wp-content\/uploads\/2024\/11\/ELPS-1-1-1-300x225.jpg 300w, https:\/\/radiorevelacionfm.cl\/wp-content\/uploads\/2024\/11\/ELPS-1-1-1-768x576.jpg 768w, https:\/\/radiorevelacionfm.cl\/wp-content\/uploads\/2024\/11\/ELPS-1-1-1-705x529.jpg 705w, https:\/\/radiorevelacionfm.cl\/wp-content\/uploads\/2024\/11\/ELPS-1-1-1-450x338.jpg 450w, https:\/\/radiorevelacionfm.cl\/wp-content\/uploads\/2024\/11\/ELPS-1-1-1-600x450.jpg 600w\" sizes=\"(max-width: 800px) 100vw, 800px\" \/><\/div><\/div><\/div><\/div><div class=\"flex_column av_one_full  flex_column_div av-zero-column-padding first  avia-builder-el-2  el_after_av_one_full  el_before_av_one_full  column-top-margin\" style='border-radius:0px; '><section class=\"av_textblock_section \"  itemscope=\"itemscope\" itemtype=\"https:\/\/schema.org\/BlogPosting\" itemprop=\"blogPost\" ><div class='avia_textblock  '   itemprop=\"text\" ><p style=\"text-align: center;\"><strong><span style=\"font-size: 18pt;\">Escuela de L\u00edderes Pol\u00edticas y Sociales de SernamEG certifica a mujeres de la regi\u00f3n y adelanta nuevo modelo para 2025<\/span><\/strong><\/p>\n<div id=\"gtx-trans\" style=\"position: absolute; left: -50px; top: 4.31534px;\">\n<div class=\"gtx-trans-icon\"><\/div>\n<\/div>\n<\/div><\/section><\/div><div class=\"flex_column av_one_full  flex_column_div av-zero-column-padding first  avia-builder-el-4  el_after_av_one_full  el_before_av_hr  column-top-margin\" style='border-radius:0px; '><section class=\"av_textblock_section \"  itemscope=\"itemscope\" itemtype=\"https:\/\/schema.org\/BlogPosting\" itemprop=\"blogPost\" ><div class='avia_textblock  '   itemprop=\"text\" ><p dir=\"ltr\" style=\"text-align: justify;\">Si bien las \u00faltimas elecciones en la Regi\u00f3n de Ays\u00e9n dejaron saldos positivos para las mujeres en las comunas de Tortel y Lago Verde, cuyos municipios ser\u00e1n dirigidos por alcaldesas desde el 6 de diciembre, en general en el territorio a\u00fan existe una gran brecha de g\u00e9nero en cargos p\u00fablicos, en los espacios donde se toman las decisiones y donde hay hoy en d\u00eda muchos m\u00e1s hombres que mujeres.<\/p>\n<p dir=\"ltr\" style=\"text-align: justify;\">Es por esto que el Servicio Nacional de la Mujer y la Equidad de G\u00e9nero (SernamEG) lleva a cabo a lo largo de todo el pa\u00eds su Escuela de L\u00edderes Pol\u00edticas y Sociales, que funcion\u00f3 este a\u00f1o de manera online en un convenio con la Pontificia Universidad Cat\u00f3lica de Valpara\u00edso, y donde mujeres de toda la regi\u00f3n se certificaron en competencias para potenciar su participaci\u00f3n en los espacios p\u00fablicos e influir en las decisiones que se toman para sus territorios.<\/p>\n<p dir=\"ltr\" style=\"text-align: justify;\">\u00a0\u201cFue una experiencia enriquecedora, no s\u00f3lo por lo pr\u00e1ctico y lo te\u00f3rico que se aprendi\u00f3 en esta escuela, sino tambi\u00e9n por la importancia que tiene trabajar en las comunidades y formar comunidades en conjunto. Estas instancias nos ayudan a empoderarnos como mujeres, creernos el cuento de que somos capaces. As\u00ed como somos l\u00edderes sociales, tambi\u00e9n podemos ser l\u00edderes pol\u00edticas\u201d, enfatiz\u00f3 Marissa Az\u00f3car Maldonado, presidenta de la Asociaci\u00f3n Gremial Arte Patagonia y egresada de la Escuela de L\u00edderes Pol\u00edticas y Sociales de 2024.<\/p>\n<p dir=\"ltr\" style=\"text-align: justify;\">\u00a0Asimismo, para la escuela de l\u00edderes de 2025 desde SernamEG adelantan modificaciones al programa, donde se buscar\u00e1 avanzar en calidad formativa\u00a0 territorial, abordando el fortalecimiento de las autonom\u00edas de una manera mucho m\u00e1s integral, y con una estrategia de acompa\u00f1amiento a las mujeres durante todos los procesos y a lo largo del a\u00f1o de manera presencial.<\/p>\n<p dir=\"ltr\" style=\"text-align: justify;\">\u00a0\u201cComo Direcci\u00f3n Regional de Ays\u00e9n de SernamEG, queremos felicitar a las mujeres que egresaron de la Escuela de L\u00edderes Pol\u00edticas y Sociales, que implementa y ejecuta nuestro servicio. Tambi\u00e9n queremos comentarle a la comunidad que hemos hecho un proceso interesante de evaluaci\u00f3n, en el cual hemos revisado los componentes de este programa y podemos dar las buenas noticias de que el pr\u00f3ximo a\u00f1o viene un programa en esta misma l\u00ednea de fortalecer a nuestras l\u00edderes pero renovado. Esto, con el objetivo de que podamos avanzar en potenciar las capacidades de mujeres que puedan incidir en la agenda p\u00fablica y levantar las tem\u00e1ticas de g\u00e9nero en nuestra regi\u00f3n\u201d, explic\u00f3 la directora regional de SernamEG, Patricia Baeza Cabezas.<\/p>\n<p dir=\"ltr\" style=\"text-align: justify;\">\u00a0Por \u00faltimo, desde el servicio llamaron a las mujeres a estar atentas durante el mes de noviembre y diciembre 2024 a las redes sociales y canales oficiales de SernamEG Ays\u00e9n para conocer las fechas, bases y toda la informaci\u00f3n de las postulaciones para la Escuela de L\u00edderes Pol\u00edticas y Sociales 2025.<\/p>\n<div class=\"yj6qo\" style=\"text-align: justify;\"><\/div>\n<div class=\"adL\"><\/div>\n<\/div><\/section><\/div><div  style='height:50px' class='hr hr-invisible   avia-builder-el-6  el_after_av_one_full  el_before_av_social_share '><span class='hr-inner ' ><span class='hr-inner-style'><\/span><\/span><\/div><\/p>\n<div  class='av-social-sharing-box  avia-builder-el-7  el_after_av_hr  el_before_av_hr  '><div class='av-share-box'><h5 class='av-share-link-description av-no-toc '>Compartir esta noticia<\/h5><ul class='av-share-box-list noLightbox'><li class='av-share-link av-social-link-facebook' ><a target=\"_blank\" aria-label=\"Compartir en Facebook\" href='https:\/\/www.facebook.com\/sharer.php?u=https:\/\/radiorevelacionfm.cl\/?p=47796&#038;t=Escuela%20de%20L%C3%ADderes%20Pol%C3%ADticas%20y%20Sociales%20de%20SernamEG%20certifica%20a%20mujeres%20de%20la%20regi%C3%B3n%20y%20adelanta%20nuevo%20modelo%20para%202025' aria-hidden='false' data-av_icon='\ue8f3' data-av_iconfont='entypo-fontello' title='' data-avia-related-tooltip='Compartir en Facebook' rel=\"noopener\"><span class='avia_hidden_link_text'>Compartir en Facebook<\/span><\/a><\/li><li class='av-share-link av-social-link-twitter' ><a target=\"_blank\" aria-label=\"Compartir en Twitter\" href='https:\/\/twitter.com\/share?text=Escuela%20de%20L%C3%ADderes%20Pol%C3%ADticas%20y%20Sociales%20de%20SernamEG%20certifica%20a%20mujeres%20de%20la%20regi%C3%B3n%20y%20adelanta%20nuevo%20modelo%20para%202025&#038;url=https:\/\/radiorevelacionfm.cl\/?p=47796' aria-hidden='false' data-av_icon='\ue8f1' data-av_iconfont='entypo-fontello' title='' data-avia-related-tooltip='Compartir en Twitter' rel=\"noopener\"><span class='avia_hidden_link_text'>Compartir en Twitter<\/span><\/a><\/li><li class='av-share-link av-social-link-whatsapp' ><a target=\"_blank\" aria-label=\"Compartir en Whatsapp\" href='https:\/\/api.whatsapp.com\/send?text=https:\/\/radiorevelacionfm.cl\/?p=47796' aria-hidden='false' data-av_icon='\uf232' data-av_iconfont='entypo-fontello' title='' data-avia-related-tooltip='Compartir en Whatsapp' rel=\"noopener\"><span class='avia_hidden_link_text'>Compartir en Whatsapp<\/span><\/a><\/li><li class='av-share-link av-social-link-linkedin' ><a target=\"_blank\" aria-label=\"Compartir en LinkedIn\" href='https:\/\/linkedin.com\/shareArticle?mini=true&#038;title=Escuela%20de%20L%C3%ADderes%20Pol%C3%ADticas%20y%20Sociales%20de%20SernamEG%20certifica%20a%20mujeres%20de%20la%20regi%C3%B3n%20y%20adelanta%20nuevo%20modelo%20para%202025&#038;url=https:\/\/radiorevelacionfm.cl\/?p=47796' aria-hidden='false' data-av_icon='\ue8fc' data-av_iconfont='entypo-fontello' title='' data-avia-related-tooltip='Compartir en LinkedIn' rel=\"noopener\"><span class='avia_hidden_link_text'>Compartir en LinkedIn<\/span><\/a><\/li><li class='av-share-link av-social-link-mail' ><a  aria-label=\"Compartir por correo\" href='mailto:?subject=Escuela%20de%20L%C3%ADderes%20Pol%C3%ADticas%20y%20Sociales%20de%20SernamEG%20certifica%20a%20mujeres%20de%20la%20regi%C3%B3n%20y%20adelanta%20nuevo%20modelo%20para%202025&#038;body=https:\/\/radiorevelacionfm.cl\/?p=47796' aria-hidden='false' data-av_icon='\ue805' data-av_iconfont='entypo-fontello' title='' data-avia-related-tooltip='Compartir por correo'><span class='avia_hidden_link_text'>Compartir por correo<\/span><\/a><\/li><\/ul><\/div><\/div>\n<div  style='height:50px' class='hr hr-invisible   avia-builder-el-8  el_after_av_social_share  el_before_av_comments_list '><span class='hr-inner ' ><span class='hr-inner-style'><\/span><\/span><\/div>\n<div  class='av-buildercomment  av-blog-meta-html-info-disabled av-blog-meta-tag-disabled  '><\/div>\n","protected":false},"excerpt":{"rendered":"","protected":false},"author":1,"featured_media":47797,"comment_status":"open","ping_status":"open","sticky":false,"template":"","format":"standard","meta":{"footnotes":""},"categories":[38],"tags":[],"class_list":["post-47796","post","type-post","status-publish","format-standard","has-post-thumbnail","hentry","category-regional"],"jetpack_featured_media_url":"https:\/\/radiorevelacionfm.cl\/wp-content\/uploads\/2024\/11\/ELPS-1-1-1.jpg","_links":{"self":[{"href":"https:\/\/radiorevelacionfm.cl\/index.php?rest_route=\/wp\/v2\/posts\/47796","targetHints":{"allow":["GET"]}}],"collection":[{"href":"https:\/\/radiorevelacionfm.cl\/index.php?rest_route=\/wp\/v2\/posts"}],"about":[{"href":"https:\/\/radiorevelacionfm.cl\/index.php?rest_route=\/wp\/v2\/types\/post"}],"author":[{"embeddable":true,"href":"https:\/\/radiorevelacionfm.cl\/index.php?rest_route=\/wp\/v2\/users\/1"}],"replies":[{"embeddable":true,"href":"https:\/\/radiorevelacionfm.cl\/index.php?rest_route=%2Fwp%2Fv2%2Fcomments&post=47796"}],"version-history":[{"count":1,"href":"https:\/\/radiorevelacionfm.cl\/index.php?rest_route=\/wp\/v2\/posts\/47796\/revisions"}],"predecessor-version":[{"id":47798,"href":"https:\/\/radiorevelacionfm.cl\/index.php?rest_route=\/wp\/v2\/posts\/47796\/revisions\/47798"}],"wp:featuredmedia":[{"embeddable":true,"href":"https:\/\/radiorevelacionfm.cl\/index.php?rest_route=\/wp\/v2\/media\/47797"}],"wp:attachment":[{"href":"https:\/\/radiorevelacionfm.cl\/index.php?rest_route=%2Fwp%2Fv2%2Fmedia&parent=47796"}],"wp:term":[{"taxonomy":"category","embeddable":true,"href":"https:\/\/radiorevelacionfm.cl\/index.php?rest_route=%2Fwp%2Fv2%2Fcategories&post=47796"},{"taxonomy":"post_tag","embeddable":true,"href":"https:\/\/radiorevelacionfm.cl\/index.php?rest_route=%2Fwp%2Fv2%2Ftags&post=47796"}],"curies":[{"name":"wp","href":"https:\/\/api.w.org\/{rel}","templated":true}]}}