{"id":47794,"date":"2024-11-08T14:28:41","date_gmt":"2024-11-08T17:28:41","guid":{"rendered":"https:\/\/radiorevelacionfm.cl\/?p=47794"},"modified":"2024-11-09T22:36:48","modified_gmt":"2024-11-10T01:36:48","slug":"corte-de-coyhaique-condena-a-empresa-de-telecomunicaciones-por-intermitencias-de-servicio-en-lago-verde","status":"publish","type":"post","link":"https:\/\/radiorevelacionfm.cl\/?p=47794","title":{"rendered":"Corte de Coyhaique condena a empresa de telecomunicaciones por intermitencias de servicio en Lago Verde"},"content":{"rendered":"<div class=\"flex_column av_one_full  flex_column_div av-zero-column-padding first  avia-builder-el-0  el_before_av_one_full  avia-builder-el-first  \" style='border-radius:0px; '><div  class='avia-image-container  av-styling-    avia-builder-el-1  avia-builder-el-no-sibling  avia-align-center '  itemprop=\"image\" itemscope=\"itemscope\" itemtype=\"https:\/\/schema.org\/ImageObject\"  ><div class='avia-image-container-inner'><div class='avia-image-overlay-wrap'><img decoding=\"async\" class='wp-image-37777 avia-img-lazy-loading-not-37777 avia_image' src=\"https:\/\/radiorevelacionfm.cl\/wp-content\/uploads\/2023\/12\/Corte-primera-sala-1-1.jpg\" alt='' title='Corte primera sala (1) (1)' height=\"600\" width=\"2028\"  itemprop=\"thumbnailUrl\" srcset=\"https:\/\/radiorevelacionfm.cl\/wp-content\/uploads\/2023\/12\/Corte-primera-sala-1-1.jpg 2028w, https:\/\/radiorevelacionfm.cl\/wp-content\/uploads\/2023\/12\/Corte-primera-sala-1-1-300x89.jpg 300w, https:\/\/radiorevelacionfm.cl\/wp-content\/uploads\/2023\/12\/Corte-primera-sala-1-1-1030x305.jpg 1030w, https:\/\/radiorevelacionfm.cl\/wp-content\/uploads\/2023\/12\/Corte-primera-sala-1-1-768x227.jpg 768w, https:\/\/radiorevelacionfm.cl\/wp-content\/uploads\/2023\/12\/Corte-primera-sala-1-1-1536x454.jpg 1536w, https:\/\/radiorevelacionfm.cl\/wp-content\/uploads\/2023\/12\/Corte-primera-sala-1-1-1500x444.jpg 1500w, https:\/\/radiorevelacionfm.cl\/wp-content\/uploads\/2023\/12\/Corte-primera-sala-1-1-705x209.jpg 705w, https:\/\/radiorevelacionfm.cl\/wp-content\/uploads\/2023\/12\/Corte-primera-sala-1-1-450x133.jpg 450w, https:\/\/radiorevelacionfm.cl\/wp-content\/uploads\/2023\/12\/Corte-primera-sala-1-1-600x178.jpg 600w\" sizes=\"(max-width: 2028px) 100vw, 2028px\" \/><\/div><\/div><\/div><\/div><div class=\"flex_column av_one_full  flex_column_div av-zero-column-padding first  avia-builder-el-2  el_after_av_one_full  el_before_av_one_full  column-top-margin\" style='border-radius:0px; '><section class=\"av_textblock_section \"  itemscope=\"itemscope\" itemtype=\"https:\/\/schema.org\/BlogPosting\" itemprop=\"blogPost\" ><div class='avia_textblock  '   itemprop=\"text\" ><p style=\"text-align: center;\"><span style=\"font-size: 18pt;\"><b>Corte de Coyhaique condena a empresa de telecomunicaciones por intermitencias de servicio en Lago Verde<\/b><\/span><\/p>\n<div id=\"gtx-trans\" style=\"position: absolute; left: -50px; top: 4.31534px;\">\n<div class=\"gtx-trans-icon\"><\/div>\n<\/div>\n<\/div><\/section><\/div><div class=\"flex_column av_one_full  flex_column_div av-zero-column-padding first  avia-builder-el-4  el_after_av_one_full  el_before_av_hr  column-top-margin\" style='border-radius:0px; '><section class=\"av_textblock_section \"  itemscope=\"itemscope\" itemtype=\"https:\/\/schema.org\/BlogPosting\" itemprop=\"blogPost\" ><div class='avia_textblock  '   itemprop=\"text\" ><p style=\"text-align: justify;\">La Corte de Coyhaique rechaz\u00f3 el recurso de apelaci\u00f3n deducido en contra de la sentencia que acogi\u00f3 la demanda interpuesta en contra de la empresa Entel PCS Telecomunicaciones SA, por las intermitencias en la se\u00f1al telef\u00f3nica y datos m\u00f3viles que afectaron a clientes de la comuna de Lago Verde.<\/p>\n<p style=\"text-align: justify;\">En fallo un\u00e1nime (causa rol 25-2024), la Primera Sala del tribunal de alzada\u00a0\u2013integrada por los ministros Pedro Castro, Jos\u00e9 Ignacio Mora y el fiscal judicial (i) Juan Patricio Silva\u2013\u00a0confirm\u00f3\u00a0la sentencia recurrida, dictada por el Juzgado de Polic\u00eda Local de Lago Verde, que le impuso a la recurrente el pago de una multa de 250 UTM, con declaraci\u00f3n que se reduce el monto indemnizatorio a $1.000.000 para cada cliente demandante.<\/p>\n<p style=\"text-align: justify;\">\u00a0\u201cQue, el apelante Entel PCS, en subsidio de lo anteriormente pedido, solicita se rebaje la multa impuesta a su parte, lo que ser\u00e1 desestimado, desde que el recurso que se conoce no contiene los fundamentos de hecho y derecho en que apoya petici\u00f3n concreta, lo que era su obligaci\u00f3n consignar al tenor del art\u00edculo 32 de la Ley 18.287, que exige que el recurso debe ser fundado, sin perjuicio que la sanci\u00f3n pecuniaria aplicada por el sentenciador\u00a0\u2013ascendente a la cantidad de 250 unidades tributarias mensuales\u2013, resulta correctamente aplicada, por ajustarse al art\u00edculo 24 de la Ley 19.496, dado que no supera el l\u00edmite de 300 de aquella unidad de cuenta prevista por esta regla y a que el juez del grado en su considerando Trig\u00e9simo Sexto, ponder\u00f3 racionalmente la agravante de haber sido sancionada la denunciada con anterioridad por la misma infracci\u00f3n durante los \u00faltimos veinticuatro meses, contados desde que est\u00e9 ejecutoriada la sentencia sancionatoria, sin atenuante de contrario, sumado al n\u00famero de afectados y al impacto en la comunidad de Lago Verde, por lo que se aplic\u00f3 al caso concreto una multa proporcional a la intensidad de la afectaci\u00f3n provocada en los derechos del consumidor\u201d, plantea el fallo.<\/p>\n<p style=\"text-align: justify;\">La resoluci\u00f3n agrega que: \u201c\u00a0(\u2026)\u00a0la denunciada basa su solicitud de rechazar las demandas civiles por da\u00f1o moral, en que no existe probanza alguna que permita acreditar los perjuicios supuestamente sufridos por los actores, lo que ser\u00e1 rechazado, por cuanto ello no es efectivo, fundamentalmente porque el juez de la instancia arrib\u00f3 a la existencia del da\u00f1o moral en base a presunciones judiciales, las que constituyen un medio de prueba legal que le permiti\u00f3 presumir las frustraciones, molestias y perjuicios a partir de las necesarias consecuencias del servicio deficiente prestado por la denunciada\u201d.<\/p>\n<p style=\"text-align: justify;\">\u201cQue, de otra parte, el recurrente en referencia, pide, en subsidio, se reduzcan las indemnizaciones determinadas en la suma $1.600.000, por da\u00f1o moral otorgadas a cada uno de los demandantes, fundado en que los montos solicitados por estos son totalmente desproporcionados, considerando la jurisprudencia de nuestros tribunales, sumado a que tales valores fueron fijados gen\u00e9ricamente para todos los demandantes\u00a0\u2013con distintas relaciones contractuales y algunos casos sin relaci\u00f3n jur\u00eddica alguna\u2013 y sin esgrimir fundamentos plausibles para ello, petici\u00f3n aquella a la que se prestar\u00e1 o\u00eddos, reduci\u00e9ndose el da\u00f1o moral a la suma de $1.000.000, por las razones expuestas el fundamento Quinto que precede, debiendo dejar asentado que la relaci\u00f3n de consumo no fue discutida entre las partes, tal como lo estableci\u00f3 el juez del grado en su considerando Noveno\u201d, releva.<\/p>\n<p style=\"text-align: justify;\">\u00a0Por tanto, resuelve que:<\/p>\n<p style=\"text-align: justify;\">\u201cI.- Que,\u00a0<b>SE RECHAZA<\/b>, sin costas, la objeci\u00f3n de documentos deducida en lo principal de la presentaci\u00f3n de fecha 23 de junio de 2023, de fojas 1455 a 1458, reiterada de fojas 1541 a 1544, por la parte demandante.<\/p>\n<p style=\"text-align: justify;\">II.- Que,\u00a0<b>SE CONFIRMA<\/b>, sin costas, en lo apelado, la sentencia definitiva de fecha 31 de marzo de 2023, dictada por el Juez del Juzgado de Polic\u00eda Local de Lago Verde, Rodolfo Federico Guillermo Knopke Beroiza, en cuanto por ella se acogen las querellas infraccionales y las acciones civiles indemnizatorias por da\u00f1o moral deducidas por los demandantes en contra de la demandada Entel PCS Telecomunicaciones,\u00a0<b>CON DECLARACI\u00d3N<\/b>\u00a0que la demandada deber\u00e1 pagar a cada uno de los demandantes (48) la suma de $1.000.000 ( un mill\u00f3n de pesos) por da\u00f1o moral\u201d.<\/p>\n<\/div><\/section><\/div><div  style='height:50px' class='hr hr-invisible   avia-builder-el-6  el_after_av_one_full  el_before_av_social_share '><span class='hr-inner ' ><span class='hr-inner-style'><\/span><\/span><\/div><\/p>\n<div  class='av-social-sharing-box  avia-builder-el-7  el_after_av_hr  el_before_av_hr  '><div class='av-share-box'><h5 class='av-share-link-description av-no-toc '>Compartir esta noticia<\/h5><ul class='av-share-box-list noLightbox'><li class='av-share-link av-social-link-facebook' ><a target=\"_blank\" aria-label=\"Compartir en Facebook\" href='https:\/\/www.facebook.com\/sharer.php?u=https:\/\/radiorevelacionfm.cl\/?p=47794&#038;t=Corte%20de%20Coyhaique%20condena%20a%20empresa%20de%20telecomunicaciones%20por%20intermitencias%20de%20servicio%20en%20Lago%20Verde' aria-hidden='false' data-av_icon='\ue8f3' data-av_iconfont='entypo-fontello' title='' data-avia-related-tooltip='Compartir en Facebook' rel=\"noopener\"><span class='avia_hidden_link_text'>Compartir en Facebook<\/span><\/a><\/li><li class='av-share-link av-social-link-twitter' ><a target=\"_blank\" aria-label=\"Compartir en Twitter\" href='https:\/\/twitter.com\/share?text=Corte%20de%20Coyhaique%20condena%20a%20empresa%20de%20telecomunicaciones%20por%20intermitencias%20de%20servicio%20en%20Lago%20Verde&#038;url=https:\/\/radiorevelacionfm.cl\/?p=47794' aria-hidden='false' data-av_icon='\ue8f1' data-av_iconfont='entypo-fontello' title='' data-avia-related-tooltip='Compartir en Twitter' rel=\"noopener\"><span class='avia_hidden_link_text'>Compartir en Twitter<\/span><\/a><\/li><li class='av-share-link av-social-link-whatsapp' ><a target=\"_blank\" aria-label=\"Compartir en Whatsapp\" href='https:\/\/api.whatsapp.com\/send?text=https:\/\/radiorevelacionfm.cl\/?p=47794' aria-hidden='false' data-av_icon='\uf232' data-av_iconfont='entypo-fontello' title='' data-avia-related-tooltip='Compartir en Whatsapp' rel=\"noopener\"><span class='avia_hidden_link_text'>Compartir en Whatsapp<\/span><\/a><\/li><li class='av-share-link av-social-link-linkedin' ><a target=\"_blank\" aria-label=\"Compartir en LinkedIn\" href='https:\/\/linkedin.com\/shareArticle?mini=true&#038;title=Corte%20de%20Coyhaique%20condena%20a%20empresa%20de%20telecomunicaciones%20por%20intermitencias%20de%20servicio%20en%20Lago%20Verde&#038;url=https:\/\/radiorevelacionfm.cl\/?p=47794' aria-hidden='false' data-av_icon='\ue8fc' data-av_iconfont='entypo-fontello' title='' data-avia-related-tooltip='Compartir en LinkedIn' rel=\"noopener\"><span class='avia_hidden_link_text'>Compartir en LinkedIn<\/span><\/a><\/li><li class='av-share-link av-social-link-mail' ><a  aria-label=\"Compartir por correo\" href='mailto:?subject=Corte%20de%20Coyhaique%20condena%20a%20empresa%20de%20telecomunicaciones%20por%20intermitencias%20de%20servicio%20en%20Lago%20Verde&#038;body=https:\/\/radiorevelacionfm.cl\/?p=47794' aria-hidden='false' data-av_icon='\ue805' data-av_iconfont='entypo-fontello' title='' data-avia-related-tooltip='Compartir por correo'><span class='avia_hidden_link_text'>Compartir por correo<\/span><\/a><\/li><\/ul><\/div><\/div>\n<div  style='height:50px' class='hr hr-invisible   avia-builder-el-8  el_after_av_social_share  el_before_av_comments_list '><span class='hr-inner ' ><span class='hr-inner-style'><\/span><\/span><\/div>\n<div  class='av-buildercomment  av-blog-meta-html-info-disabled av-blog-meta-tag-disabled  '><\/div>\n","protected":false},"excerpt":{"rendered":"","protected":false},"author":1,"featured_media":37777,"comment_status":"open","ping_status":"open","sticky":false,"template":"","format":"standard","meta":{"footnotes":""},"categories":[55],"tags":[],"class_list":["post-47794","post","type-post","status-publish","format-standard","has-post-thumbnail","hentry","category-justicia"],"jetpack_featured_media_url":"https:\/\/radiorevelacionfm.cl\/wp-content\/uploads\/2023\/12\/Corte-primera-sala-1-1.jpg","_links":{"self":[{"href":"https:\/\/radiorevelacionfm.cl\/index.php?rest_route=\/wp\/v2\/posts\/47794","targetHints":{"allow":["GET"]}}],"collection":[{"href":"https:\/\/radiorevelacionfm.cl\/index.php?rest_route=\/wp\/v2\/posts"}],"about":[{"href":"https:\/\/radiorevelacionfm.cl\/index.php?rest_route=\/wp\/v2\/types\/post"}],"author":[{"embeddable":true,"href":"https:\/\/radiorevelacionfm.cl\/index.php?rest_route=\/wp\/v2\/users\/1"}],"replies":[{"embeddable":true,"href":"https:\/\/radiorevelacionfm.cl\/index.php?rest_route=%2Fwp%2Fv2%2Fcomments&post=47794"}],"version-history":[{"count":1,"href":"https:\/\/radiorevelacionfm.cl\/index.php?rest_route=\/wp\/v2\/posts\/47794\/revisions"}],"predecessor-version":[{"id":47795,"href":"https:\/\/radiorevelacionfm.cl\/index.php?rest_route=\/wp\/v2\/posts\/47794\/revisions\/47795"}],"wp:featuredmedia":[{"embeddable":true,"href":"https:\/\/radiorevelacionfm.cl\/index.php?rest_route=\/wp\/v2\/media\/37777"}],"wp:attachment":[{"href":"https:\/\/radiorevelacionfm.cl\/index.php?rest_route=%2Fwp%2Fv2%2Fmedia&parent=47794"}],"wp:term":[{"taxonomy":"category","embeddable":true,"href":"https:\/\/radiorevelacionfm.cl\/index.php?rest_route=%2Fwp%2Fv2%2Fcategories&post=47794"},{"taxonomy":"post_tag","embeddable":true,"href":"https:\/\/radiorevelacionfm.cl\/index.php?rest_route=%2Fwp%2Fv2%2Ftags&post=47794"}],"curies":[{"name":"wp","href":"https:\/\/api.w.org\/{rel}","templated":true}]}}