{"id":47791,"date":"2024-11-07T21:03:56","date_gmt":"2024-11-08T00:03:56","guid":{"rendered":"https:\/\/radiorevelacionfm.cl\/?p=47791"},"modified":"2024-11-07T21:03:56","modified_gmt":"2024-11-08T00:03:56","slug":"carabineros-apoya-con-distribucion-de-agua-a-la-comunidad-tras-corte-del-suministro-en-puerto-aysen","status":"publish","type":"post","link":"https:\/\/radiorevelacionfm.cl\/?p=47791","title":{"rendered":"Carabineros apoya con distribuci\u00f3n de agua a la comunidad tras corte del suministro en Puerto Ays\u00e9n"},"content":{"rendered":"<div class=\"flex_column av_one_full  flex_column_div av-zero-column-padding first  avia-builder-el-0  el_before_av_one_full  avia-builder-el-first  \" style='border-radius:0px; '><div  class='avia-image-container  av-styling-    avia-builder-el-1  avia-builder-el-no-sibling  avia-align-center '  itemprop=\"image\" itemscope=\"itemscope\" itemtype=\"https:\/\/schema.org\/ImageObject\"  ><div class='avia-image-container-inner'><div class='avia-image-overlay-wrap'><img decoding=\"async\" class='wp-image-47792 avia-img-lazy-loading-not-47792 avia_image' src=\"https:\/\/radiorevelacionfm.cl\/wp-content\/uploads\/2024\/11\/3ba085df-98fb-4958-90a3-4420c949c074-2-2.jpg\" alt='' title='3ba085df-98fb-4958-90a3-4420c949c074-2-2' height=\"740\" width=\"803\"  itemprop=\"thumbnailUrl\" srcset=\"https:\/\/radiorevelacionfm.cl\/wp-content\/uploads\/2024\/11\/3ba085df-98fb-4958-90a3-4420c949c074-2-2.jpg 803w, https:\/\/radiorevelacionfm.cl\/wp-content\/uploads\/2024\/11\/3ba085df-98fb-4958-90a3-4420c949c074-2-2-300x276.jpg 300w, https:\/\/radiorevelacionfm.cl\/wp-content\/uploads\/2024\/11\/3ba085df-98fb-4958-90a3-4420c949c074-2-2-768x708.jpg 768w, https:\/\/radiorevelacionfm.cl\/wp-content\/uploads\/2024\/11\/3ba085df-98fb-4958-90a3-4420c949c074-2-2-705x650.jpg 705w, https:\/\/radiorevelacionfm.cl\/wp-content\/uploads\/2024\/11\/3ba085df-98fb-4958-90a3-4420c949c074-2-2-450x415.jpg 450w, https:\/\/radiorevelacionfm.cl\/wp-content\/uploads\/2024\/11\/3ba085df-98fb-4958-90a3-4420c949c074-2-2-600x553.jpg 600w\" sizes=\"(max-width: 803px) 100vw, 803px\" \/><\/div><\/div><\/div><\/div><div class=\"flex_column av_one_full  flex_column_div av-zero-column-padding first  avia-builder-el-2  el_after_av_one_full  el_before_av_one_full  column-top-margin\" style='border-radius:0px; '><section class=\"av_textblock_section \"  itemscope=\"itemscope\" itemtype=\"https:\/\/schema.org\/BlogPosting\" itemprop=\"blogPost\" ><div class='avia_textblock  '   itemprop=\"text\" ><p style=\"text-align: center;\"><span style=\"font-size: 18pt;\"><b><span lang=\"ES-MX\">Carabineros apoya con distribuci\u00f3n de agua a la comunidad tras corte del suministro en Puerto Ays\u00e9n<\/span><\/b><\/span><\/p>\n<div id=\"gtx-trans\" style=\"position: absolute; left: -50px; top: 4.31534px;\">\n<div class=\"gtx-trans-icon\"><\/div>\n<\/div>\n<\/div><\/section><\/div><div class=\"flex_column av_one_full  flex_column_div av-zero-column-padding first  avia-builder-el-4  el_after_av_one_full  el_before_av_hr  column-top-margin\" style='border-radius:0px; '><section class=\"av_textblock_section \"  itemscope=\"itemscope\" itemtype=\"https:\/\/schema.org\/BlogPosting\" itemprop=\"blogPost\" ><div class='avia_textblock  '   itemprop=\"text\" ><p class=\"v1gmail-MsoListParagraph\" style=\"text-align: justify;\"><span lang=\"ES-MX\">Recursos humanos y tecnol\u00f3gicos de la 5ta. Comisar\u00eda de Control de Orden P\u00fablico se traslad\u00f3 hasta esta ciudad y distribuye m\u00e1s de 12 mil litros del recurso tras catastro de adultos mayores y personas con movilidad reducida realizado por la Oficina del Modelo de Integraci\u00f3n Carabineros Comunidad (MICC) y la Direcci\u00f3n de Desarrollo Comunitario (Dideco) de la Municipalidad de Ays\u00e9n.<\/span><\/p>\n<p class=\"v1MsoNormal\" style=\"text-align: justify;\"><span lang=\"ES-MX\">Tras el corte del suministro de agua potable en la ciudad de Puerto Ays\u00e9n -y que este jueves enfrenta su segunda jornada- Carabineros de la 5ta. Comisar\u00eda de Control del Orden P\u00fablico (COP), concurri\u00f3 con medios mec\u00e1nicos y personal, realizando la distribuci\u00f3n del recurso, <\/span>permitiendo solventar las necesidades b\u00e1sicas en especial apoyo a <span lang=\"ES-MX\">adultos mayores y personas con movilidad reducida.<\/span><\/p>\n<p class=\"v1MsoNormal\" style=\"text-align: justify;\"><span lang=\"ES-MX\">El Oficial de Servicio de la 2da. Comisar\u00eda de Puerto Ays\u00e9n, Teniente Nicol\u00e1s Novoa, indic\u00f3 que dicha especialidad se traslad\u00f3 desde Coyhaique a la ciudad porte\u00f1a, con la finalidad de ir en apoyo de la comunidad, mientras se restablece el suministro.<\/span><\/p>\n<p class=\"v1MsoNormal\" style=\"text-align: justify;\"><span lang=\"ES-MX\">\u00abA trav\u00e9s de la Oficina de Integraci\u00f3n Comunitaria (MICC) se realiz\u00f3 un levantamiento en conjunto con la Direcci\u00f3n de Desarrollo Comunitario (Dideco) de la Ilustre Municipalidad de Ays\u00e9n, recopilando la informaci\u00f3n, extraer el listado de adultos mayores de la comuna y enviar a nuestro personal MICC en apoyo a estas labores, en compa\u00f1\u00eda de personal COP, haciendo entrega de bidones con agua, el abastecimiento para los servicios higi\u00e9nicos, permitiendo que las personas puedan solventar las necesidades a la espera de la reposici\u00f3n total del abastecimiento\u00bb, indic\u00f3 el Oficial.<\/span><\/p>\n<p class=\"v1MsoNormal\" style=\"text-align: justify;\"><span lang=\"ES-MX\">Durante la jornada, Carabineros ha distribuido m\u00e1s de 12 mil litros de agua, apoyando a vecinos del sector Ribera Norte y a residentes de la poblaci\u00f3n Pedro Aguirre Cerda a trav\u00e9s de diversos puntos de distribuci\u00f3n, acot\u00f3 el Teniente Novoa.<\/span><\/p>\n<p class=\"v1MsoNormal\" style=\"text-align: justify;\"><span lang=\"ES-MX\">El apoyo institucional ante la emergencia ha sido ampliamente valorado por la comunidad, as\u00ed como la designaci\u00f3n de los medios para apoyar esta labor de solidaridad social.<\/span><\/p>\n<p class=\"v1MsoNormal\" style=\"text-align: justify;\"><span lang=\"ES-MX\">\u00a0<\/span><\/p>\n<\/div><\/section><\/div><div  style='height:50px' class='hr hr-invisible   avia-builder-el-6  el_after_av_one_full  el_before_av_social_share '><span class='hr-inner ' ><span class='hr-inner-style'><\/span><\/span><\/div><\/p>\n<div  class='av-social-sharing-box  avia-builder-el-7  el_after_av_hr  el_before_av_hr  '><div class='av-share-box'><h5 class='av-share-link-description av-no-toc '>Compartir esta noticia<\/h5><ul class='av-share-box-list noLightbox'><li class='av-share-link av-social-link-facebook' ><a target=\"_blank\" aria-label=\"Compartir en Facebook\" href='https:\/\/www.facebook.com\/sharer.php?u=https:\/\/radiorevelacionfm.cl\/?p=47791&#038;t=Carabineros%20apoya%20con%20distribuci%C3%B3n%20de%20agua%20a%20la%20comunidad%20tras%20corte%20del%20suministro%20en%20Puerto%20Ays%C3%A9n' aria-hidden='false' data-av_icon='\ue8f3' data-av_iconfont='entypo-fontello' title='' data-avia-related-tooltip='Compartir en Facebook' rel=\"noopener\"><span class='avia_hidden_link_text'>Compartir en Facebook<\/span><\/a><\/li><li class='av-share-link av-social-link-twitter' ><a target=\"_blank\" aria-label=\"Compartir en Twitter\" href='https:\/\/twitter.com\/share?text=Carabineros%20apoya%20con%20distribuci%C3%B3n%20de%20agua%20a%20la%20comunidad%20tras%20corte%20del%20suministro%20en%20Puerto%20Ays%C3%A9n&#038;url=https:\/\/radiorevelacionfm.cl\/?p=47791' aria-hidden='false' data-av_icon='\ue8f1' data-av_iconfont='entypo-fontello' title='' data-avia-related-tooltip='Compartir en Twitter' rel=\"noopener\"><span class='avia_hidden_link_text'>Compartir en Twitter<\/span><\/a><\/li><li class='av-share-link av-social-link-whatsapp' ><a target=\"_blank\" aria-label=\"Compartir en Whatsapp\" href='https:\/\/api.whatsapp.com\/send?text=https:\/\/radiorevelacionfm.cl\/?p=47791' aria-hidden='false' data-av_icon='\uf232' data-av_iconfont='entypo-fontello' title='' data-avia-related-tooltip='Compartir en Whatsapp' rel=\"noopener\"><span class='avia_hidden_link_text'>Compartir en Whatsapp<\/span><\/a><\/li><li class='av-share-link av-social-link-linkedin' ><a target=\"_blank\" aria-label=\"Compartir en LinkedIn\" href='https:\/\/linkedin.com\/shareArticle?mini=true&#038;title=Carabineros%20apoya%20con%20distribuci%C3%B3n%20de%20agua%20a%20la%20comunidad%20tras%20corte%20del%20suministro%20en%20Puerto%20Ays%C3%A9n&#038;url=https:\/\/radiorevelacionfm.cl\/?p=47791' aria-hidden='false' data-av_icon='\ue8fc' data-av_iconfont='entypo-fontello' title='' data-avia-related-tooltip='Compartir en LinkedIn' rel=\"noopener\"><span class='avia_hidden_link_text'>Compartir en LinkedIn<\/span><\/a><\/li><li class='av-share-link av-social-link-mail' ><a  aria-label=\"Compartir por correo\" href='mailto:?subject=Carabineros%20apoya%20con%20distribuci%C3%B3n%20de%20agua%20a%20la%20comunidad%20tras%20corte%20del%20suministro%20en%20Puerto%20Ays%C3%A9n&#038;body=https:\/\/radiorevelacionfm.cl\/?p=47791' aria-hidden='false' data-av_icon='\ue805' data-av_iconfont='entypo-fontello' title='' data-avia-related-tooltip='Compartir por correo'><span class='avia_hidden_link_text'>Compartir por correo<\/span><\/a><\/li><\/ul><\/div><\/div>\n<div  style='height:50px' class='hr hr-invisible   avia-builder-el-8  el_after_av_social_share  el_before_av_comments_list '><span class='hr-inner ' ><span class='hr-inner-style'><\/span><\/span><\/div>\n<div  class='av-buildercomment  av-blog-meta-html-info-disabled av-blog-meta-tag-disabled  '><\/div>\n","protected":false},"excerpt":{"rendered":"","protected":false},"author":1,"featured_media":47792,"comment_status":"open","ping_status":"open","sticky":false,"template":"","format":"standard","meta":{"footnotes":""},"categories":[38],"tags":[],"class_list":["post-47791","post","type-post","status-publish","format-standard","has-post-thumbnail","hentry","category-regional"],"jetpack_featured_media_url":"https:\/\/radiorevelacionfm.cl\/wp-content\/uploads\/2024\/11\/3ba085df-98fb-4958-90a3-4420c949c074-2-2.jpg","_links":{"self":[{"href":"https:\/\/radiorevelacionfm.cl\/index.php?rest_route=\/wp\/v2\/posts\/47791","targetHints":{"allow":["GET"]}}],"collection":[{"href":"https:\/\/radiorevelacionfm.cl\/index.php?rest_route=\/wp\/v2\/posts"}],"about":[{"href":"https:\/\/radiorevelacionfm.cl\/index.php?rest_route=\/wp\/v2\/types\/post"}],"author":[{"embeddable":true,"href":"https:\/\/radiorevelacionfm.cl\/index.php?rest_route=\/wp\/v2\/users\/1"}],"replies":[{"embeddable":true,"href":"https:\/\/radiorevelacionfm.cl\/index.php?rest_route=%2Fwp%2Fv2%2Fcomments&post=47791"}],"version-history":[{"count":1,"href":"https:\/\/radiorevelacionfm.cl\/index.php?rest_route=\/wp\/v2\/posts\/47791\/revisions"}],"predecessor-version":[{"id":47793,"href":"https:\/\/radiorevelacionfm.cl\/index.php?rest_route=\/wp\/v2\/posts\/47791\/revisions\/47793"}],"wp:featuredmedia":[{"embeddable":true,"href":"https:\/\/radiorevelacionfm.cl\/index.php?rest_route=\/wp\/v2\/media\/47792"}],"wp:attachment":[{"href":"https:\/\/radiorevelacionfm.cl\/index.php?rest_route=%2Fwp%2Fv2%2Fmedia&parent=47791"}],"wp:term":[{"taxonomy":"category","embeddable":true,"href":"https:\/\/radiorevelacionfm.cl\/index.php?rest_route=%2Fwp%2Fv2%2Fcategories&post=47791"},{"taxonomy":"post_tag","embeddable":true,"href":"https:\/\/radiorevelacionfm.cl\/index.php?rest_route=%2Fwp%2Fv2%2Ftags&post=47791"}],"curies":[{"name":"wp","href":"https:\/\/api.w.org\/{rel}","templated":true}]}}