{"id":47787,"date":"2024-11-07T15:40:59","date_gmt":"2024-11-07T18:40:59","guid":{"rendered":"https:\/\/radiorevelacionfm.cl\/?p=47787"},"modified":"2024-11-09T22:37:25","modified_gmt":"2024-11-10T01:37:25","slug":"siss-supervisa-en-terreno-medidas-de-aguas-patagonia-por-masivo-corte-de-agua-en-puerto-aysen-e-inicia-investigacion","status":"publish","type":"post","link":"https:\/\/radiorevelacionfm.cl\/?p=47787","title":{"rendered":"SISS supervisa en terreno medidas de Aguas Patagonia  por masivo corte de agua en Puerto Ays\u00e9n e inicia investigaci\u00f3n"},"content":{"rendered":"<div class=\"flex_column av_one_full  flex_column_div av-zero-column-padding first  avia-builder-el-0  el_before_av_one_full  avia-builder-el-first  \" style='border-radius:0px; '><div  class='avia-image-container  av-styling-    avia-builder-el-1  avia-builder-el-no-sibling  avia-align-center '  itemprop=\"image\" itemscope=\"itemscope\" itemtype=\"https:\/\/schema.org\/ImageObject\"  ><div class='avia-image-container-inner'><div class='avia-image-overlay-wrap'><img decoding=\"async\" class='wp-image-47788 avia-img-lazy-loading-not-47788 avia_image' src=\"https:\/\/radiorevelacionfm.cl\/wp-content\/uploads\/2024\/11\/aguaspatagonia-1.jpg\" alt='' title='aguaspatagonia (1)' height=\"600\" width=\"882\"  itemprop=\"thumbnailUrl\" srcset=\"https:\/\/radiorevelacionfm.cl\/wp-content\/uploads\/2024\/11\/aguaspatagonia-1.jpg 882w, https:\/\/radiorevelacionfm.cl\/wp-content\/uploads\/2024\/11\/aguaspatagonia-1-300x204.jpg 300w, https:\/\/radiorevelacionfm.cl\/wp-content\/uploads\/2024\/11\/aguaspatagonia-1-768x522.jpg 768w, https:\/\/radiorevelacionfm.cl\/wp-content\/uploads\/2024\/11\/aguaspatagonia-1-705x480.jpg 705w, https:\/\/radiorevelacionfm.cl\/wp-content\/uploads\/2024\/11\/aguaspatagonia-1-450x306.jpg 450w, https:\/\/radiorevelacionfm.cl\/wp-content\/uploads\/2024\/11\/aguaspatagonia-1-600x408.jpg 600w\" sizes=\"(max-width: 882px) 100vw, 882px\" \/><\/div><\/div><\/div><\/div><div class=\"flex_column av_one_full  flex_column_div av-zero-column-padding first  avia-builder-el-2  el_after_av_one_full  el_before_av_one_full  column-top-margin\" style='border-radius:0px; '><section class=\"av_textblock_section \"  itemscope=\"itemscope\" itemtype=\"https:\/\/schema.org\/BlogPosting\" itemprop=\"blogPost\" ><div class='avia_textblock  '   itemprop=\"text\" ><p style=\"font-weight: 400; text-align: center;\"><span style=\"font-size: 18pt;\"><strong>SISS supervisa en terreno medidas de Aguas Patagonia\u00a0<\/strong><strong>por masivo corte de agua en Puerto Ays\u00e9n e inicia investigaci\u00f3n<\/strong><\/span><\/p>\n<div id=\"gtx-trans\" style=\"position: absolute; left: -50px; top: 4.31534px;\">\n<div class=\"gtx-trans-icon\"><\/div>\n<\/div>\n<\/div><\/section><\/div><\/p>\n<div class=\"flex_column av_one_full  flex_column_div av-zero-column-padding first  avia-builder-el-4  el_after_av_one_full  el_before_av_hr  column-top-margin\" style='border-radius:0px; '><section class=\"av_textblock_section \"  itemscope=\"itemscope\" itemtype=\"https:\/\/schema.org\/BlogPosting\" itemprop=\"blogPost\" ><div class='avia_textblock  '   itemprop=\"text\" ><p style=\"font-weight: 400; text-align: justify;\"><em>El organismo instruy\u00f3 a Aguas Patagonia S.A. que adopte todas las medidas referidas al abastecimiento alternativo de agua potable a los vecinos afectados y la reparaci\u00f3n al m\u00e1s breve plazo de la infraestructura que fall\u00f3 en el marco de una renovaci\u00f3n y ampliaci\u00f3n de redes.<\/em><\/p>\n<p style=\"font-weight: 400; text-align: justify;\">La Superintendencia de Servicios Sanitarios (SISS) inform\u00f3 que se mantiene en desarrollo la investigaci\u00f3n en contra de la empresa Aguas Patagonia para determinar y evaluar, en todos sus aspectos, el actuar de la empresa concesionaria, tras la emergencia que afecta con corte masivo de agua potable a los habitantes de Puerto Ays\u00e9n producto del desarrollo de obras de refuerzo y donde las reparaciones han fallado a lo menos 6 veces, lo cual ha debido extender la interrupci\u00f3n del suministro.<\/p>\n<p style=\"font-weight: 400; text-align: justify;\">El jefe de la Oficina Regional de Ays\u00e9n, Giovanni Queirolo inform\u00f3 que \u201cestamos muy molestos por los reiterados cortes que han afectado a los vecinos de Puerto Ays\u00e9n y por las explicaciones que hemos recibido por parte de Aguas Patagonia. Uno puede entender que una reparaci\u00f3n presente complejidades y que sea necesaria alguna iteraci\u00f3n, pero no es presentable la negligencia mostrada por la sanitaria en su planificaci\u00f3n, ejecuci\u00f3n y respuesta ante estas reiteradas fallas que perjudican no solo a los vecinos, si no que al normal funcionamiento de la ciudad\u201d.<\/p>\n<p style=\"font-weight: 400; text-align: justify;\">Un equipo de la SiSS se ha desplazado durante todos los d\u00edas de la contingencia para evaluar y monitorear en terreno todas las medidas de mitigaci\u00f3n que est\u00e1 desarrollando la empresa concesionaria, oportunidad en la que recorre los sectores afectados para constatar el despliegue de Aguas Patagonia para el reparto de suministro alternativo.<\/p>\n<p style=\"font-weight: 400; text-align: justify;\">\u00abEstamos levantando toda la informaci\u00f3n pertinente respecto a los motivos por los que se extendi\u00f3 el corte. Son aproximadamente 5 mil 700 familias afectadas, por lo que hemos instruido las medidas tendientes a minimizar el impacto de la interrupci\u00f3n del suministro y las acciones para su reposici\u00f3n que debiera comenzar prontamente\u00bb, inform\u00f3 el profesional de la SISS.<\/p>\n<\/div><\/section><\/div>\n<div  style='height:50px' class='hr hr-invisible   avia-builder-el-6  el_after_av_one_full  el_before_av_social_share '><span class='hr-inner ' ><span class='hr-inner-style'><\/span><\/span><\/div>\n<div  class='av-social-sharing-box  avia-builder-el-7  el_after_av_hr  el_before_av_hr  '><div class='av-share-box'><h5 class='av-share-link-description av-no-toc '>Compartir esta noticia<\/h5><ul class='av-share-box-list noLightbox'><li class='av-share-link av-social-link-facebook' ><a target=\"_blank\" aria-label=\"Compartir en Facebook\" href='https:\/\/www.facebook.com\/sharer.php?u=https:\/\/radiorevelacionfm.cl\/?p=47787&#038;t=SISS%20supervisa%20en%20terreno%20medidas%20de%20Aguas%20Patagonia%20%20por%20masivo%20corte%20de%20agua%20en%20Puerto%20Ays%C3%A9n%20e%20inicia%20investigaci%C3%B3n' aria-hidden='false' data-av_icon='\ue8f3' data-av_iconfont='entypo-fontello' title='' data-avia-related-tooltip='Compartir en Facebook' rel=\"noopener\"><span class='avia_hidden_link_text'>Compartir en Facebook<\/span><\/a><\/li><li class='av-share-link av-social-link-twitter' ><a target=\"_blank\" aria-label=\"Compartir en Twitter\" href='https:\/\/twitter.com\/share?text=SISS%20supervisa%20en%20terreno%20medidas%20de%20Aguas%20Patagonia%20%20por%20masivo%20corte%20de%20agua%20en%20Puerto%20Ays%C3%A9n%20e%20inicia%20investigaci%C3%B3n&#038;url=https:\/\/radiorevelacionfm.cl\/?p=47787' aria-hidden='false' data-av_icon='\ue8f1' data-av_iconfont='entypo-fontello' title='' data-avia-related-tooltip='Compartir en Twitter' rel=\"noopener\"><span class='avia_hidden_link_text'>Compartir en Twitter<\/span><\/a><\/li><li class='av-share-link av-social-link-whatsapp' ><a target=\"_blank\" aria-label=\"Compartir en Whatsapp\" href='https:\/\/api.whatsapp.com\/send?text=https:\/\/radiorevelacionfm.cl\/?p=47787' aria-hidden='false' data-av_icon='\uf232' data-av_iconfont='entypo-fontello' title='' data-avia-related-tooltip='Compartir en Whatsapp' rel=\"noopener\"><span class='avia_hidden_link_text'>Compartir en Whatsapp<\/span><\/a><\/li><li class='av-share-link av-social-link-linkedin' ><a target=\"_blank\" aria-label=\"Compartir en LinkedIn\" href='https:\/\/linkedin.com\/shareArticle?mini=true&#038;title=SISS%20supervisa%20en%20terreno%20medidas%20de%20Aguas%20Patagonia%20%20por%20masivo%20corte%20de%20agua%20en%20Puerto%20Ays%C3%A9n%20e%20inicia%20investigaci%C3%B3n&#038;url=https:\/\/radiorevelacionfm.cl\/?p=47787' aria-hidden='false' data-av_icon='\ue8fc' data-av_iconfont='entypo-fontello' title='' data-avia-related-tooltip='Compartir en LinkedIn' rel=\"noopener\"><span class='avia_hidden_link_text'>Compartir en LinkedIn<\/span><\/a><\/li><li class='av-share-link av-social-link-mail' ><a  aria-label=\"Compartir por correo\" href='mailto:?subject=SISS%20supervisa%20en%20terreno%20medidas%20de%20Aguas%20Patagonia%20%20por%20masivo%20corte%20de%20agua%20en%20Puerto%20Ays%C3%A9n%20e%20inicia%20investigaci%C3%B3n&#038;body=https:\/\/radiorevelacionfm.cl\/?p=47787' aria-hidden='false' data-av_icon='\ue805' data-av_iconfont='entypo-fontello' title='' data-avia-related-tooltip='Compartir por correo'><span class='avia_hidden_link_text'>Compartir por correo<\/span><\/a><\/li><\/ul><\/div><\/div>\n<div  style='height:50px' class='hr hr-invisible   avia-builder-el-8  el_after_av_social_share  el_before_av_comments_list '><span class='hr-inner ' ><span class='hr-inner-style'><\/span><\/span><\/div>\n<div  class='av-buildercomment  av-blog-meta-html-info-disabled av-blog-meta-tag-disabled  '><\/div>\n","protected":false},"excerpt":{"rendered":"","protected":false},"author":1,"featured_media":47788,"comment_status":"open","ping_status":"open","sticky":false,"template":"","format":"standard","meta":{"footnotes":""},"categories":[38],"tags":[],"class_list":["post-47787","post","type-post","status-publish","format-standard","has-post-thumbnail","hentry","category-regional"],"jetpack_featured_media_url":"https:\/\/radiorevelacionfm.cl\/wp-content\/uploads\/2024\/11\/aguaspatagonia-1.jpg","_links":{"self":[{"href":"https:\/\/radiorevelacionfm.cl\/index.php?rest_route=\/wp\/v2\/posts\/47787","targetHints":{"allow":["GET"]}}],"collection":[{"href":"https:\/\/radiorevelacionfm.cl\/index.php?rest_route=\/wp\/v2\/posts"}],"about":[{"href":"https:\/\/radiorevelacionfm.cl\/index.php?rest_route=\/wp\/v2\/types\/post"}],"author":[{"embeddable":true,"href":"https:\/\/radiorevelacionfm.cl\/index.php?rest_route=\/wp\/v2\/users\/1"}],"replies":[{"embeddable":true,"href":"https:\/\/radiorevelacionfm.cl\/index.php?rest_route=%2Fwp%2Fv2%2Fcomments&post=47787"}],"version-history":[{"count":2,"href":"https:\/\/radiorevelacionfm.cl\/index.php?rest_route=\/wp\/v2\/posts\/47787\/revisions"}],"predecessor-version":[{"id":47790,"href":"https:\/\/radiorevelacionfm.cl\/index.php?rest_route=\/wp\/v2\/posts\/47787\/revisions\/47790"}],"wp:featuredmedia":[{"embeddable":true,"href":"https:\/\/radiorevelacionfm.cl\/index.php?rest_route=\/wp\/v2\/media\/47788"}],"wp:attachment":[{"href":"https:\/\/radiorevelacionfm.cl\/index.php?rest_route=%2Fwp%2Fv2%2Fmedia&parent=47787"}],"wp:term":[{"taxonomy":"category","embeddable":true,"href":"https:\/\/radiorevelacionfm.cl\/index.php?rest_route=%2Fwp%2Fv2%2Fcategories&post=47787"},{"taxonomy":"post_tag","embeddable":true,"href":"https:\/\/radiorevelacionfm.cl\/index.php?rest_route=%2Fwp%2Fv2%2Ftags&post=47787"}],"curies":[{"name":"wp","href":"https:\/\/api.w.org\/{rel}","templated":true}]}}