{"id":47785,"date":"2024-11-07T15:08:55","date_gmt":"2024-11-07T18:08:55","guid":{"rendered":"https:\/\/radiorevelacionfm.cl\/?p=47785"},"modified":"2024-11-09T22:38:14","modified_gmt":"2024-11-10T01:38:14","slug":"formalizan-a-imputado-que-ocasiono-lesiones-graves-gravisimas-a-victima-de-39-anos","status":"publish","type":"post","link":"https:\/\/radiorevelacionfm.cl\/?p=47785","title":{"rendered":"Formalizan a imputado que ocasion\u00f3 lesiones graves grav\u00edsimas a v\u00edctima de 39 a\u00f1os"},"content":{"rendered":"<div class=\"flex_column av_one_full  flex_column_div av-zero-column-padding first  avia-builder-el-0  el_before_av_one_full  avia-builder-el-first  \" style='border-radius:0px; '><div  class='avia-image-container  av-styling-    avia-builder-el-1  avia-builder-el-no-sibling  avia-align-center '  itemprop=\"image\" itemscope=\"itemscope\" itemtype=\"https:\/\/schema.org\/ImageObject\"  ><div class='avia-image-container-inner'><div class='avia-image-overlay-wrap'><img decoding=\"async\" class='wp-image-46029 avia-img-lazy-loading-not-46029 avia_image' src=\"https:\/\/radiorevelacionfm.cl\/wp-content\/uploads\/2024\/09\/Fiscal_Estefania1-1-1-1.jpg\" alt='' title='Fiscal_Estefania1 (1) (1) (1)' height=\"600\" width=\"1000\"  itemprop=\"thumbnailUrl\" srcset=\"https:\/\/radiorevelacionfm.cl\/wp-content\/uploads\/2024\/09\/Fiscal_Estefania1-1-1-1.jpg 1000w, https:\/\/radiorevelacionfm.cl\/wp-content\/uploads\/2024\/09\/Fiscal_Estefania1-1-1-1-300x180.jpg 300w, https:\/\/radiorevelacionfm.cl\/wp-content\/uploads\/2024\/09\/Fiscal_Estefania1-1-1-1-768x461.jpg 768w, https:\/\/radiorevelacionfm.cl\/wp-content\/uploads\/2024\/09\/Fiscal_Estefania1-1-1-1-705x423.jpg 705w, https:\/\/radiorevelacionfm.cl\/wp-content\/uploads\/2024\/09\/Fiscal_Estefania1-1-1-1-450x270.jpg 450w, https:\/\/radiorevelacionfm.cl\/wp-content\/uploads\/2024\/09\/Fiscal_Estefania1-1-1-1-600x360.jpg 600w\" sizes=\"(max-width: 1000px) 100vw, 1000px\" \/><\/div><\/div><\/div><\/div><div class=\"flex_column av_one_full  flex_column_div av-zero-column-padding first  avia-builder-el-2  el_after_av_one_full  el_before_av_one_full  column-top-margin\" style='border-radius:0px; '><section class=\"av_textblock_section \"  itemscope=\"itemscope\" itemtype=\"https:\/\/schema.org\/BlogPosting\" itemprop=\"blogPost\" ><div class='avia_textblock  '   itemprop=\"text\" ><p style=\"text-align: center;\"><span style=\"font-size: 18pt;\"><b>Formalizan a imputado que ocasion\u00f3 lesiones graves grav\u00edsimas a v\u00edctima de 39 a\u00f1os<\/b><\/span><\/p>\n<div id=\"gtx-trans\" style=\"position: absolute; left: -50px; top: 4.31534px;\">\n<div class=\"gtx-trans-icon\"><\/div>\n<\/div>\n<\/div><\/section><\/div><div class=\"flex_column av_one_full  flex_column_div av-zero-column-padding first  avia-builder-el-4  el_after_av_one_full  el_before_av_hr  column-top-margin\" style='border-radius:0px; '><section class=\"av_textblock_section \"  itemscope=\"itemscope\" itemtype=\"https:\/\/schema.org\/BlogPosting\" itemprop=\"blogPost\" ><div class='avia_textblock  '   itemprop=\"text\" ><p style=\"font-weight: 400; text-align: justify;\"><em>Imputado de 57 a\u00f1os provoc\u00f3 lesiones deformantes al afectado, seg\u00fan coment\u00f3 la fiscal Estefan\u00eda Leiva.<\/em><\/p>\n<p style=\"font-weight: 400; text-align: justify;\">El Ministerio P\u00fablico formaliz\u00f3 una investigaci\u00f3n por el delito de lesiones graves grav\u00edsimas en contra de un imputado de 57 a\u00f1os, quien la noche del s\u00e1bado en Puerto Guadal agredi\u00f3 a una v\u00edctima en el cr\u00e1neo, utilizando para ello un trozo de madera.<\/p>\n<p style=\"font-weight: 400; text-align: justify;\">La aprehensi\u00f3n efectuada por Carabineros fue declarada legal por parte del Juzgado de Garant\u00eda de Chile Chico, audiencia a la que concurri\u00f3 el fiscal subrogante, Jorge Carrasco, quien solicit\u00f3 ampliar la detenci\u00f3n hasta el mi\u00e9rcoles reci\u00e9n pasado, ocasi\u00f3n en la que el imputado fue formalizado por la fiscal Estefan\u00eda Leiva.<\/p>\n<p style=\"font-weight: 400; text-align: justify;\">\u201cEn dependencias del Juzgado de Garant\u00eda de Chile Chico se llev\u00f3 a efecto una audiencia de formalizaci\u00f3n en contra de un imputado mayor de edad, de 57 a\u00f1os de edad, que fue detenido el fin de semana en la localidad de Puerto Guadal, luego de que \u00e9ste hubiese propinado distintos golpes con un objeto contundente a una v\u00edctima de sexo masculino de 39 a\u00f1os de edad, provoc\u00e1ndole, entre otras, lesiones deformantes en su cr\u00e1neo\u201d, coment\u00f3 la fiscal Leiva.<\/p>\n<p style=\"font-weight: 400; text-align: justify;\">\u201cEn atenci\u00f3n a ello, es que la detenci\u00f3n fue ampliada hasta el d\u00eda de hoy en que el Ministerio P\u00fablico formaliz\u00f3 los cargos, imputando un delito de lesiones graves grav\u00edsimas, en virtud de lo dispuesto en el art\u00edculo 397 n\u00famero uno del C\u00f3digo Penal\u201d, agreg\u00f3 la persecutora penal.<\/p>\n<p style=\"font-weight: 400; text-align: justify;\">\u201cEl Ministerio P\u00fablico solicit\u00f3, siendo concedida por parte del Tribunal, la prisi\u00f3n preventiva del imputado, decret\u00e1ndose un plazo de investigaci\u00f3n de 90 d\u00edas\u201d, concluy\u00f3 la fiscal Estefan\u00eda Leiva.<\/p>\n<\/div><\/section><\/div><div  style='height:50px' class='hr hr-invisible   avia-builder-el-6  el_after_av_one_full  el_before_av_social_share '><span class='hr-inner ' ><span class='hr-inner-style'><\/span><\/span><\/div><\/p>\n<div  class='av-social-sharing-box  avia-builder-el-7  el_after_av_hr  el_before_av_hr  '><div class='av-share-box'><h5 class='av-share-link-description av-no-toc '>Compartir esta noticia<\/h5><ul class='av-share-box-list noLightbox'><li class='av-share-link av-social-link-facebook' ><a target=\"_blank\" aria-label=\"Compartir en Facebook\" href='https:\/\/www.facebook.com\/sharer.php?u=https:\/\/radiorevelacionfm.cl\/?p=47785&#038;t=Formalizan%20a%20imputado%20que%20ocasion%C3%B3%20lesiones%20graves%20grav%C3%ADsimas%20a%20v%C3%ADctima%20de%2039%20a%C3%B1os' aria-hidden='false' data-av_icon='\ue8f3' data-av_iconfont='entypo-fontello' title='' data-avia-related-tooltip='Compartir en Facebook' rel=\"noopener\"><span class='avia_hidden_link_text'>Compartir en Facebook<\/span><\/a><\/li><li class='av-share-link av-social-link-twitter' ><a target=\"_blank\" aria-label=\"Compartir en Twitter\" href='https:\/\/twitter.com\/share?text=Formalizan%20a%20imputado%20que%20ocasion%C3%B3%20lesiones%20graves%20grav%C3%ADsimas%20a%20v%C3%ADctima%20de%2039%20a%C3%B1os&#038;url=https:\/\/radiorevelacionfm.cl\/?p=47785' aria-hidden='false' data-av_icon='\ue8f1' data-av_iconfont='entypo-fontello' title='' data-avia-related-tooltip='Compartir en Twitter' rel=\"noopener\"><span class='avia_hidden_link_text'>Compartir en Twitter<\/span><\/a><\/li><li class='av-share-link av-social-link-whatsapp' ><a target=\"_blank\" aria-label=\"Compartir en Whatsapp\" href='https:\/\/api.whatsapp.com\/send?text=https:\/\/radiorevelacionfm.cl\/?p=47785' aria-hidden='false' data-av_icon='\uf232' data-av_iconfont='entypo-fontello' title='' data-avia-related-tooltip='Compartir en Whatsapp' rel=\"noopener\"><span class='avia_hidden_link_text'>Compartir en Whatsapp<\/span><\/a><\/li><li class='av-share-link av-social-link-linkedin' ><a target=\"_blank\" aria-label=\"Compartir en LinkedIn\" href='https:\/\/linkedin.com\/shareArticle?mini=true&#038;title=Formalizan%20a%20imputado%20que%20ocasion%C3%B3%20lesiones%20graves%20grav%C3%ADsimas%20a%20v%C3%ADctima%20de%2039%20a%C3%B1os&#038;url=https:\/\/radiorevelacionfm.cl\/?p=47785' aria-hidden='false' data-av_icon='\ue8fc' data-av_iconfont='entypo-fontello' title='' data-avia-related-tooltip='Compartir en LinkedIn' rel=\"noopener\"><span class='avia_hidden_link_text'>Compartir en LinkedIn<\/span><\/a><\/li><li class='av-share-link av-social-link-mail' ><a  aria-label=\"Compartir por correo\" href='mailto:?subject=Formalizan%20a%20imputado%20que%20ocasion%C3%B3%20lesiones%20graves%20grav%C3%ADsimas%20a%20v%C3%ADctima%20de%2039%20a%C3%B1os&#038;body=https:\/\/radiorevelacionfm.cl\/?p=47785' aria-hidden='false' data-av_icon='\ue805' data-av_iconfont='entypo-fontello' title='' data-avia-related-tooltip='Compartir por correo'><span class='avia_hidden_link_text'>Compartir por correo<\/span><\/a><\/li><\/ul><\/div><\/div>\n<div  style='height:50px' class='hr hr-invisible   avia-builder-el-8  el_after_av_social_share  el_before_av_comments_list '><span class='hr-inner ' ><span class='hr-inner-style'><\/span><\/span><\/div>\n<div  class='av-buildercomment  av-blog-meta-html-info-disabled av-blog-meta-tag-disabled  '><\/div>\n","protected":false},"excerpt":{"rendered":"","protected":false},"author":1,"featured_media":46029,"comment_status":"open","ping_status":"open","sticky":false,"template":"","format":"standard","meta":{"footnotes":""},"categories":[55],"tags":[],"class_list":["post-47785","post","type-post","status-publish","format-standard","has-post-thumbnail","hentry","category-justicia"],"jetpack_featured_media_url":"https:\/\/radiorevelacionfm.cl\/wp-content\/uploads\/2024\/09\/Fiscal_Estefania1-1-1-1.jpg","_links":{"self":[{"href":"https:\/\/radiorevelacionfm.cl\/index.php?rest_route=\/wp\/v2\/posts\/47785","targetHints":{"allow":["GET"]}}],"collection":[{"href":"https:\/\/radiorevelacionfm.cl\/index.php?rest_route=\/wp\/v2\/posts"}],"about":[{"href":"https:\/\/radiorevelacionfm.cl\/index.php?rest_route=\/wp\/v2\/types\/post"}],"author":[{"embeddable":true,"href":"https:\/\/radiorevelacionfm.cl\/index.php?rest_route=\/wp\/v2\/users\/1"}],"replies":[{"embeddable":true,"href":"https:\/\/radiorevelacionfm.cl\/index.php?rest_route=%2Fwp%2Fv2%2Fcomments&post=47785"}],"version-history":[{"count":1,"href":"https:\/\/radiorevelacionfm.cl\/index.php?rest_route=\/wp\/v2\/posts\/47785\/revisions"}],"predecessor-version":[{"id":47786,"href":"https:\/\/radiorevelacionfm.cl\/index.php?rest_route=\/wp\/v2\/posts\/47785\/revisions\/47786"}],"wp:featuredmedia":[{"embeddable":true,"href":"https:\/\/radiorevelacionfm.cl\/index.php?rest_route=\/wp\/v2\/media\/46029"}],"wp:attachment":[{"href":"https:\/\/radiorevelacionfm.cl\/index.php?rest_route=%2Fwp%2Fv2%2Fmedia&parent=47785"}],"wp:term":[{"taxonomy":"category","embeddable":true,"href":"https:\/\/radiorevelacionfm.cl\/index.php?rest_route=%2Fwp%2Fv2%2Fcategories&post=47785"},{"taxonomy":"post_tag","embeddable":true,"href":"https:\/\/radiorevelacionfm.cl\/index.php?rest_route=%2Fwp%2Fv2%2Ftags&post=47785"}],"curies":[{"name":"wp","href":"https:\/\/api.w.org\/{rel}","templated":true}]}}