{"id":47782,"date":"2024-11-08T19:43:12","date_gmt":"2024-11-08T22:43:12","guid":{"rendered":"https:\/\/radiorevelacionfm.cl\/?p=47782"},"modified":"2024-11-09T22:40:50","modified_gmt":"2024-11-10T01:40:50","slug":"carpa-farmaceutica-visitara-coyhaique-y-puerto-aysen-para-educar-sobre-el-uso-racional-de-medicamentos","status":"publish","type":"post","link":"https:\/\/radiorevelacionfm.cl\/?p=47782","title":{"rendered":"\u201cCarpa Farmac\u00e9utica\u201d visitar\u00e1 Coyhaique y Puerto Ays\u00e9n para educar sobre el uso racional de medicamentos"},"content":{"rendered":"<div class=\"flex_column av_one_full  flex_column_div av-zero-column-padding first  avia-builder-el-0  el_before_av_one_full  avia-builder-el-first  \" style='border-radius:0px; '><div  class='avia-image-container  av-styling-    avia-builder-el-1  avia-builder-el-no-sibling  avia-align-center '  itemprop=\"image\" itemscope=\"itemscope\" itemtype=\"https:\/\/schema.org\/ImageObject\"  ><div class='avia-image-container-inner'><div class='avia-image-overlay-wrap'><img decoding=\"async\" class='wp-image-47783 avia-img-lazy-loading-not-47783 avia_image' src=\"https:\/\/radiorevelacionfm.cl\/wp-content\/uploads\/2024\/11\/Carpa-Farmaceutica-2-1-1.jpg\" alt='' title='Carpa Farmaceutica (2) (1) (1)' height=\"600\" width=\"900\"  itemprop=\"thumbnailUrl\" srcset=\"https:\/\/radiorevelacionfm.cl\/wp-content\/uploads\/2024\/11\/Carpa-Farmaceutica-2-1-1.jpg 900w, https:\/\/radiorevelacionfm.cl\/wp-content\/uploads\/2024\/11\/Carpa-Farmaceutica-2-1-1-300x200.jpg 300w, https:\/\/radiorevelacionfm.cl\/wp-content\/uploads\/2024\/11\/Carpa-Farmaceutica-2-1-1-768x512.jpg 768w, https:\/\/radiorevelacionfm.cl\/wp-content\/uploads\/2024\/11\/Carpa-Farmaceutica-2-1-1-705x470.jpg 705w, https:\/\/radiorevelacionfm.cl\/wp-content\/uploads\/2024\/11\/Carpa-Farmaceutica-2-1-1-450x300.jpg 450w, https:\/\/radiorevelacionfm.cl\/wp-content\/uploads\/2024\/11\/Carpa-Farmaceutica-2-1-1-600x400.jpg 600w\" sizes=\"(max-width: 900px) 100vw, 900px\" \/><\/div><\/div><\/div><\/div><div class=\"flex_column av_one_full  flex_column_div av-zero-column-padding first  avia-builder-el-2  el_after_av_one_full  el_before_av_one_full  column-top-margin\" style='border-radius:0px; '><section class=\"av_textblock_section \"  itemscope=\"itemscope\" itemtype=\"https:\/\/schema.org\/BlogPosting\" itemprop=\"blogPost\" ><div class='avia_textblock  '   itemprop=\"text\" ><p style=\"text-align: center;\"><span style=\"font-size: 18pt;\"><strong>\u201cCarpa Farmac\u00e9utica\u201d visitar\u00e1 Coyhaique y Puerto Ays\u00e9n para educar sobre el uso racional de medicamentos<\/strong><\/span><\/p>\n<div id=\"gtx-trans\" style=\"position: absolute; left: -50px; top: 4.31534px;\">\n<div class=\"gtx-trans-icon\"><\/div>\n<\/div>\n<\/div><\/section><\/div><div class=\"flex_column av_one_full  flex_column_div av-zero-column-padding first  avia-builder-el-4  el_after_av_one_full  el_before_av_hr  column-top-margin\" style='border-radius:0px; '><section class=\"av_textblock_section \"  itemscope=\"itemscope\" itemtype=\"https:\/\/schema.org\/BlogPosting\" itemprop=\"blogPost\" ><div class='avia_textblock  '   itemprop=\"text\" ><p style=\"text-align: justify;\"><em>La iniciativa, organizada por la Seremi de Salud Ays\u00e9n en colaboraci\u00f3n con el Colegio de Qu\u00edmicos Farmac\u00e9uticos, busca concientizar y empoderar a la comunidad sobre las buenas pr\u00e1cticas de uso de medicamentos y la automedicaci\u00f3n, a trav\u00e9s de stands informativos, incluyendo una intervenci\u00f3n teatral.<\/em><\/p>\n<p style=\"text-align: justify;\">Los medicamentos son una de las herramientas terap\u00e9uticas m\u00e1s utilizadas en la pr\u00e1ctica de la medicina. Si embargo, para que su uso sea beneficioso y se obtenga el objetivo propuesto, debe realizarse una correcta prescripci\u00f3n, una apropiada dispensaci\u00f3n y una oportuna administraci\u00f3n.<\/p>\n<p style=\"text-align: justify;\">Es en este contexto que la Seremi de Salud en colaboraci\u00f3n con el Colegio de Qu\u00edmicos Farmac\u00e9uticos y Bioqu\u00edmicos de Ays\u00e9n aunaron fuerzas para promover la importancia del uso racional de medicamentos mediante una \u201cCarpa Farmac\u00e9utica\u201d, iniciativa que se realizar\u00e1 este s\u00e1bado 9 de noviembre en la Plaza de Armas de Coyhaique, replic\u00e1ndose el s\u00e1bado 16 de noviembre en la Plaza de Puerto Ays\u00e9n. En ambas ciudades, la actividad se llevar\u00e1 a cabo de 15.00 a 18.00 horas.<\/p>\n<p style=\"text-align: justify;\">\u201cEstos son fondos de la Subsecretar\u00eda de Salud P\u00fablica, hab\u00eda tres fondos disponibles a nivel nacional para presentar proyectos relacionados con esta tem\u00e1tica, y nuestra profesional obtuvo 2 de los 3 proyectos, lo que nos permite realizar intervenciones m\u00e1s transversales, l\u00fadicas y did\u00e1cticas en Coyhaique y Puerto Ays\u00e9n\u201d, indic\u00f3 la Seremi de Salud Ays\u00e9n, Carmen Monsalve.<\/p>\n<p style=\"text-align: justify;\">Junto con destacar la importancia de estas acciones comunitarias incorporando a los colegios profesionales del sector, la autoridad sanitaria hizo hincapi\u00e9 en el aporte de estas iniciativas a la salud p\u00fablica, educando e informando a la comunidad sobre algo tan cotidiano y transversal como el consumo de f\u00e1rmacos.<\/p>\n<p style=\"text-align: justify;\">\u201cEsta es una acci\u00f3n que se enmarca en la protecci\u00f3n de la salud p\u00fablica, y de esta manera transversal y did\u00e1ctica podemos generar instancias de educaci\u00f3n y participaci\u00f3n que de seguro nos van a permitir instalar medidas de autocuidado en toda nuestra ciudadan\u00eda\u201d, sostuvo Carmen Monsalve.<\/p>\n<p style=\"text-align: justify;\">Por su parte, Andrea Aravena, encargada de la Unidad de Farmacia de la Seremi de Salud Ays\u00e9n, se\u00f1al\u00f3 que esta intervenci\u00f3n comunitaria busca fortalecer la salud y el bienestar de los habitantes de la regi\u00f3n, incentivando el uso racional de medicamentos a trav\u00e9s de la entrega de informaci\u00f3n por profesionales del \u00e1rea, aclarando dudas y realizando educaci\u00f3n al respecto, empoderando as\u00ed a las personas para una mejor toma de decisiones en torno a sus procesos de salud.<\/p>\n<p style=\"text-align: justify;\">\u201cLa idea es poder acercar a la comunidad servicios farmac\u00e9uticos, entregando informaci\u00f3n confiable por los profesionales adecuados como son los qu\u00edmicos farmac\u00e9uticos, y con eso contribuir al cambio conductual y buenas pr\u00e1cticas asociadas al uso racional de medicamentos. La ventaja de hacer un buen uso de \u00e9stos, es que se obtienen los beneficios que efectivamente se esperan del medicamento\u201d, explic\u00f3 la profesional.<\/p>\n<p style=\"text-align: justify;\">La encargada de la Unidad de Farmacia de la Seremi de Salud agreg\u00f3 que dentro de las recomendaciones b\u00e1sicas para hacer buen uso de los medicamentos y que \u00e9stos realmente tengan el efecto esperado, est\u00e1 \u201ctomar las dosis recomendadas, mantener los f\u00e1rmacos en las condiciones de almacenamiento adecuados, evitando as\u00ed las reacciones adversas, ya que a veces hay reacciones que uno no sabe que est\u00e1n asociadas al medicamento. Tambi\u00e9n es muy importante evitar la automedicaci\u00f3n, consultar a un m\u00e9dico y seguir sus instrucciones\u201d, explic\u00f3 Andrea Aravena.<\/p>\n<p style=\"text-align: justify;\">Tambi\u00e9n ser\u00e1n parte de esta actividad el Colegio de Qu\u00edmicos Farmac\u00e9uticos y Bioqu\u00edmicos de Ays\u00e9n, entidad que re\u00fane a m\u00e1s de 40 profesionales en la regi\u00f3n, y que estar\u00e1n tanto en Coyhaique como en Puerto Ays\u00e9n entregando recomendaciones y aclarando dudas sobre el uso racional de medicamentos en la \u201cCarpa Farmac\u00e9utica\u201d.<\/p>\n<p style=\"text-align: justify;\">\u201cComo Colegio fuimos invitados por la Seremi de Salud a participar de esta actividad, ya que el qu\u00edmico farmac\u00e9utico es el profesional m\u00e1s capacitado para poder orientar sobre el uso racional de medicamentos, ayudar a las personas con sus dudas de tratamiento y aclarar consultas. Es super importante que trabajemos en conjunto para ayudar a la comunidad\u201d, sostuvo Camila Arias, representante del Colegio de Qu\u00edmicos Farmac\u00e9uticos y Bioqu\u00edmicos de Ays\u00e9n.<\/p>\n<\/div><\/section><\/div><div  style='height:50px' class='hr hr-invisible   avia-builder-el-6  el_after_av_one_full  el_before_av_social_share '><span class='hr-inner ' ><span class='hr-inner-style'><\/span><\/span><\/div><\/p>\n<div  class='av-social-sharing-box  avia-builder-el-7  el_after_av_hr  el_before_av_hr  '><div class='av-share-box'><h5 class='av-share-link-description av-no-toc '>Compartir esta noticia<\/h5><ul class='av-share-box-list noLightbox'><li class='av-share-link av-social-link-facebook' ><a target=\"_blank\" aria-label=\"Compartir en Facebook\" href='https:\/\/www.facebook.com\/sharer.php?u=https:\/\/radiorevelacionfm.cl\/?p=47782&#038;t=%E2%80%9CCarpa%20Farmac%C3%A9utica%E2%80%9D%20visitar%C3%A1%20Coyhaique%20y%20Puerto%20Ays%C3%A9n%20para%20educar%20sobre%20el%20uso%20racional%20de%20medicamentos' aria-hidden='false' data-av_icon='\ue8f3' data-av_iconfont='entypo-fontello' title='' data-avia-related-tooltip='Compartir en Facebook' rel=\"noopener\"><span class='avia_hidden_link_text'>Compartir en Facebook<\/span><\/a><\/li><li class='av-share-link av-social-link-twitter' ><a target=\"_blank\" aria-label=\"Compartir en Twitter\" href='https:\/\/twitter.com\/share?text=%E2%80%9CCarpa%20Farmac%C3%A9utica%E2%80%9D%20visitar%C3%A1%20Coyhaique%20y%20Puerto%20Ays%C3%A9n%20para%20educar%20sobre%20el%20uso%20racional%20de%20medicamentos&#038;url=https:\/\/radiorevelacionfm.cl\/?p=47782' aria-hidden='false' data-av_icon='\ue8f1' data-av_iconfont='entypo-fontello' title='' data-avia-related-tooltip='Compartir en Twitter' rel=\"noopener\"><span class='avia_hidden_link_text'>Compartir en Twitter<\/span><\/a><\/li><li class='av-share-link av-social-link-whatsapp' ><a target=\"_blank\" aria-label=\"Compartir en Whatsapp\" href='https:\/\/api.whatsapp.com\/send?text=https:\/\/radiorevelacionfm.cl\/?p=47782' aria-hidden='false' data-av_icon='\uf232' data-av_iconfont='entypo-fontello' title='' data-avia-related-tooltip='Compartir en Whatsapp' rel=\"noopener\"><span class='avia_hidden_link_text'>Compartir en Whatsapp<\/span><\/a><\/li><li class='av-share-link av-social-link-linkedin' ><a target=\"_blank\" aria-label=\"Compartir en LinkedIn\" href='https:\/\/linkedin.com\/shareArticle?mini=true&#038;title=%E2%80%9CCarpa%20Farmac%C3%A9utica%E2%80%9D%20visitar%C3%A1%20Coyhaique%20y%20Puerto%20Ays%C3%A9n%20para%20educar%20sobre%20el%20uso%20racional%20de%20medicamentos&#038;url=https:\/\/radiorevelacionfm.cl\/?p=47782' aria-hidden='false' data-av_icon='\ue8fc' data-av_iconfont='entypo-fontello' title='' data-avia-related-tooltip='Compartir en LinkedIn' rel=\"noopener\"><span class='avia_hidden_link_text'>Compartir en LinkedIn<\/span><\/a><\/li><li class='av-share-link av-social-link-mail' ><a  aria-label=\"Compartir por correo\" href='mailto:?subject=%E2%80%9CCarpa%20Farmac%C3%A9utica%E2%80%9D%20visitar%C3%A1%20Coyhaique%20y%20Puerto%20Ays%C3%A9n%20para%20educar%20sobre%20el%20uso%20racional%20de%20medicamentos&#038;body=https:\/\/radiorevelacionfm.cl\/?p=47782' aria-hidden='false' data-av_icon='\ue805' data-av_iconfont='entypo-fontello' title='' data-avia-related-tooltip='Compartir por correo'><span class='avia_hidden_link_text'>Compartir por correo<\/span><\/a><\/li><\/ul><\/div><\/div>\n<div  style='height:50px' class='hr hr-invisible   avia-builder-el-8  el_after_av_social_share  el_before_av_comments_list '><span class='hr-inner ' ><span class='hr-inner-style'><\/span><\/span><\/div>\n<div  class='av-buildercomment  av-blog-meta-html-info-disabled av-blog-meta-tag-disabled  '><\/div>\n","protected":false},"excerpt":{"rendered":"","protected":false},"author":1,"featured_media":47783,"comment_status":"open","ping_status":"open","sticky":false,"template":"","format":"standard","meta":{"footnotes":""},"categories":[46],"tags":[],"class_list":["post-47782","post","type-post","status-publish","format-standard","has-post-thumbnail","hentry","category-salud"],"jetpack_featured_media_url":"https:\/\/radiorevelacionfm.cl\/wp-content\/uploads\/2024\/11\/Carpa-Farmaceutica-2-1-1.jpg","_links":{"self":[{"href":"https:\/\/radiorevelacionfm.cl\/index.php?rest_route=\/wp\/v2\/posts\/47782","targetHints":{"allow":["GET"]}}],"collection":[{"href":"https:\/\/radiorevelacionfm.cl\/index.php?rest_route=\/wp\/v2\/posts"}],"about":[{"href":"https:\/\/radiorevelacionfm.cl\/index.php?rest_route=\/wp\/v2\/types\/post"}],"author":[{"embeddable":true,"href":"https:\/\/radiorevelacionfm.cl\/index.php?rest_route=\/wp\/v2\/users\/1"}],"replies":[{"embeddable":true,"href":"https:\/\/radiorevelacionfm.cl\/index.php?rest_route=%2Fwp%2Fv2%2Fcomments&post=47782"}],"version-history":[{"count":1,"href":"https:\/\/radiorevelacionfm.cl\/index.php?rest_route=\/wp\/v2\/posts\/47782\/revisions"}],"predecessor-version":[{"id":47784,"href":"https:\/\/radiorevelacionfm.cl\/index.php?rest_route=\/wp\/v2\/posts\/47782\/revisions\/47784"}],"wp:featuredmedia":[{"embeddable":true,"href":"https:\/\/radiorevelacionfm.cl\/index.php?rest_route=\/wp\/v2\/media\/47783"}],"wp:attachment":[{"href":"https:\/\/radiorevelacionfm.cl\/index.php?rest_route=%2Fwp%2Fv2%2Fmedia&parent=47782"}],"wp:term":[{"taxonomy":"category","embeddable":true,"href":"https:\/\/radiorevelacionfm.cl\/index.php?rest_route=%2Fwp%2Fv2%2Fcategories&post=47782"},{"taxonomy":"post_tag","embeddable":true,"href":"https:\/\/radiorevelacionfm.cl\/index.php?rest_route=%2Fwp%2Fv2%2Ftags&post=47782"}],"curies":[{"name":"wp","href":"https:\/\/api.w.org\/{rel}","templated":true}]}}