{"id":47776,"date":"2024-11-07T14:46:38","date_gmt":"2024-11-07T17:46:38","guid":{"rendered":"https:\/\/radiorevelacionfm.cl\/?p=47776"},"modified":"2024-11-09T22:42:32","modified_gmt":"2024-11-10T01:42:32","slug":"asume-nueva-directora-regional-del-sernac-en-aysen","status":"publish","type":"post","link":"https:\/\/radiorevelacionfm.cl\/?p=47776","title":{"rendered":"Asume nueva Directora Regional del Sernac en Ays\u00e9n"},"content":{"rendered":"<div class=\"flex_column av_one_full  flex_column_div av-zero-column-padding first  avia-builder-el-0  el_before_av_one_full  avia-builder-el-first  \" style='border-radius:0px; '><div  class='avia-image-container  av-styling-    avia-builder-el-1  avia-builder-el-no-sibling  avia-align-center '  itemprop=\"image\" itemscope=\"itemscope\" itemtype=\"https:\/\/schema.org\/ImageObject\"  ><div class='avia-image-container-inner'><div class='avia-image-overlay-wrap'><img decoding=\"async\" class='wp-image-47777 avia-img-lazy-loading-not-47777 avia_image' src=\"https:\/\/radiorevelacionfm.cl\/wp-content\/uploads\/2024\/11\/DIRECTORA-SERNAC-1-1.jpg\" alt='' title='DIRECTORA SERNAC (1) (1)' height=\"600\" width=\"650\"  itemprop=\"thumbnailUrl\" srcset=\"https:\/\/radiorevelacionfm.cl\/wp-content\/uploads\/2024\/11\/DIRECTORA-SERNAC-1-1.jpg 650w, https:\/\/radiorevelacionfm.cl\/wp-content\/uploads\/2024\/11\/DIRECTORA-SERNAC-1-1-300x277.jpg 300w, https:\/\/radiorevelacionfm.cl\/wp-content\/uploads\/2024\/11\/DIRECTORA-SERNAC-1-1-450x415.jpg 450w, https:\/\/radiorevelacionfm.cl\/wp-content\/uploads\/2024\/11\/DIRECTORA-SERNAC-1-1-600x554.jpg 600w\" sizes=\"(max-width: 650px) 100vw, 650px\" \/><\/div><\/div><\/div><\/div><div class=\"flex_column av_one_full  flex_column_div av-zero-column-padding first  avia-builder-el-2  el_after_av_one_full  el_before_av_one_full  column-top-margin\" style='border-radius:0px; '><section class=\"av_textblock_section \"  itemscope=\"itemscope\" itemtype=\"https:\/\/schema.org\/BlogPosting\" itemprop=\"blogPost\" ><div class='avia_textblock  '   itemprop=\"text\" ><p style=\"text-align: center;\"><span style=\"font-size: 18pt;\"><strong>Asume nueva Directora Regional del Sernac en Ays\u00e9n<\/strong><\/span><\/p>\n<div id=\"gtx-trans\" style=\"position: absolute; left: -50px; top: 4.31534px;\">\n<div class=\"gtx-trans-icon\"><\/div>\n<\/div>\n<\/div><\/section><\/div><div class=\"flex_column av_one_full  flex_column_div av-zero-column-padding first  avia-builder-el-4  el_after_av_one_full  el_before_av_hr  column-top-margin\" style='border-radius:0px; '><section class=\"av_textblock_section \"  itemscope=\"itemscope\" itemtype=\"https:\/\/schema.org\/BlogPosting\" itemprop=\"blogPost\" ><div class='avia_textblock  '   itemprop=\"text\" ><p style=\"text-align: justify;\">Sandra Espinoza Tordecilla es la nueva directora regional del SERNAC en Ays\u00e9n, tras culminar el proceso de selecci\u00f3n a trav\u00e9s del sistema de Alta Direcci\u00f3n P\u00fablica (ADP). La nueva autoridad del Servicio Nacional del Consumidor, que asumi\u00f3 su cargo el pasado 04 de noviembre, es abogada de la Universidad de Chile, Diplomada en Gesti\u00f3n p\u00fablica con enfoque de g\u00e9nero y tambi\u00e9n en Gerencia social y pol\u00edticas p\u00fablicas.<\/p>\n<p style=\"text-align: justify;\">La directora regional fue presentada por el Seremi de Econom\u00eda, Felipe Rojas, mediante saludo protocolar al delegado Presidencial Regional, Rodrigo Araya.<\/p>\n<p style=\"text-align: justify;\">\u201cQuiero afianzar el compromiso con las personas m\u00e1s vulnerables de la regi\u00f3n, realizando acciones de despliegue territorial y acercando la oferta p\u00fablica del SERNAC a las comunas, en la continuidad de dar informaci\u00f3n, educaci\u00f3n y protecci\u00f3n a las y los consumidores\u201d, adelant\u00f3 Espinoza.<\/p>\n<p style=\"text-align: justify;\">El Seremi de Econom\u00eda Felipe Rojas, relev\u00f3 la impronta profesional de la nueva directora, mencionando que:<\/p>\n<p style=\"text-align: justify;\"><em>\u201cTanto la experiencia, como el profesionalismo que posee Sandra Espinoza, ser\u00e1n la clave de su gesti\u00f3n y liderazgo frente a un servicio tan importante para la protecci\u00f3n de las y los consumidores, renovando el <\/em><em>compromiso del SERNAC ante la ciudadan\u00eda, fortaleciendo su vinculaci\u00f3n con la comunidad, el que estar\u00e1 orientado en prevenir y detectar malas pr\u00e1cticas, acompa\u00f1ando a las personas usuarias en la protecci\u00f3n de sus derechos\u201d.<\/em><\/p>\n<p style=\"text-align: justify;\">Sandra Espinoza cuenta con m\u00e1s de 25 a\u00f1os de experiencia profesional en el sector p\u00fablico, liderando en la \u00faltima d\u00e9cada la Defensor\u00eda Laboral como unidad especializada de la Corporaci\u00f3n de Asistencia Judicial. Entre sus labores destacan su desempe\u00f1o como Seremi de Justicia de nuestra regi\u00f3n y anteriormente ya se hab\u00eda desempe\u00f1ado como directora regional del SERNAC en Ays\u00e9n, en el per\u00edodo 2002-2008.<\/p>\n<p style=\"text-align: justify;\">En cuanto a los desaf\u00edos institucionales la directora destac\u00f3 que; <em>\u201cSin duda, debemos relevar la importancia del proyecto de ley \u201cSERNAC te protege\u201d, el que actualmente se encuentra en tramitaci\u00f3n en el Congreso y se enfoca en dotar de nuevas herramientas y facultades al servicio para velar por el cumplimiento efectivo de la normativa. Proyecto que, en caso de convertirse en ley, permitir\u00e1 una mejor defensa de las y los consumidores\u201d.<\/em><\/p>\n<\/div><\/section><\/div><div  style='height:50px' class='hr hr-invisible   avia-builder-el-6  el_after_av_one_full  el_before_av_social_share '><span class='hr-inner ' ><span class='hr-inner-style'><\/span><\/span><\/div><\/p>\n<div  class='av-social-sharing-box  avia-builder-el-7  el_after_av_hr  el_before_av_hr  '><div class='av-share-box'><h5 class='av-share-link-description av-no-toc '>Compartir esta noticia<\/h5><ul class='av-share-box-list noLightbox'><li class='av-share-link av-social-link-facebook' ><a target=\"_blank\" aria-label=\"Compartir en Facebook\" href='https:\/\/www.facebook.com\/sharer.php?u=https:\/\/radiorevelacionfm.cl\/?p=47776&#038;t=Asume%20nueva%20Directora%20Regional%20del%20Sernac%20en%20Ays%C3%A9n' aria-hidden='false' data-av_icon='\ue8f3' data-av_iconfont='entypo-fontello' title='' data-avia-related-tooltip='Compartir en Facebook' rel=\"noopener\"><span class='avia_hidden_link_text'>Compartir en Facebook<\/span><\/a><\/li><li class='av-share-link av-social-link-twitter' ><a target=\"_blank\" aria-label=\"Compartir en Twitter\" href='https:\/\/twitter.com\/share?text=Asume%20nueva%20Directora%20Regional%20del%20Sernac%20en%20Ays%C3%A9n&#038;url=https:\/\/radiorevelacionfm.cl\/?p=47776' aria-hidden='false' data-av_icon='\ue8f1' data-av_iconfont='entypo-fontello' title='' data-avia-related-tooltip='Compartir en Twitter' rel=\"noopener\"><span class='avia_hidden_link_text'>Compartir en Twitter<\/span><\/a><\/li><li class='av-share-link av-social-link-whatsapp' ><a target=\"_blank\" aria-label=\"Compartir en Whatsapp\" href='https:\/\/api.whatsapp.com\/send?text=https:\/\/radiorevelacionfm.cl\/?p=47776' aria-hidden='false' data-av_icon='\uf232' data-av_iconfont='entypo-fontello' title='' data-avia-related-tooltip='Compartir en Whatsapp' rel=\"noopener\"><span class='avia_hidden_link_text'>Compartir en Whatsapp<\/span><\/a><\/li><li class='av-share-link av-social-link-linkedin' ><a target=\"_blank\" aria-label=\"Compartir en LinkedIn\" href='https:\/\/linkedin.com\/shareArticle?mini=true&#038;title=Asume%20nueva%20Directora%20Regional%20del%20Sernac%20en%20Ays%C3%A9n&#038;url=https:\/\/radiorevelacionfm.cl\/?p=47776' aria-hidden='false' data-av_icon='\ue8fc' data-av_iconfont='entypo-fontello' title='' data-avia-related-tooltip='Compartir en LinkedIn' rel=\"noopener\"><span class='avia_hidden_link_text'>Compartir en LinkedIn<\/span><\/a><\/li><li class='av-share-link av-social-link-mail' ><a  aria-label=\"Compartir por correo\" href='mailto:?subject=Asume%20nueva%20Directora%20Regional%20del%20Sernac%20en%20Ays%C3%A9n&#038;body=https:\/\/radiorevelacionfm.cl\/?p=47776' aria-hidden='false' data-av_icon='\ue805' data-av_iconfont='entypo-fontello' title='' data-avia-related-tooltip='Compartir por correo'><span class='avia_hidden_link_text'>Compartir por correo<\/span><\/a><\/li><\/ul><\/div><\/div>\n<div  style='height:50px' class='hr hr-invisible   avia-builder-el-8  el_after_av_social_share  el_before_av_comments_list '><span class='hr-inner ' ><span class='hr-inner-style'><\/span><\/span><\/div>\n<div  class='av-buildercomment  av-blog-meta-html-info-disabled av-blog-meta-tag-disabled  '><\/div>\n","protected":false},"excerpt":{"rendered":"","protected":false},"author":1,"featured_media":47777,"comment_status":"open","ping_status":"open","sticky":false,"template":"","format":"standard","meta":{"footnotes":""},"categories":[38],"tags":[],"class_list":["post-47776","post","type-post","status-publish","format-standard","has-post-thumbnail","hentry","category-regional"],"jetpack_featured_media_url":"https:\/\/radiorevelacionfm.cl\/wp-content\/uploads\/2024\/11\/DIRECTORA-SERNAC-1-1.jpg","_links":{"self":[{"href":"https:\/\/radiorevelacionfm.cl\/index.php?rest_route=\/wp\/v2\/posts\/47776","targetHints":{"allow":["GET"]}}],"collection":[{"href":"https:\/\/radiorevelacionfm.cl\/index.php?rest_route=\/wp\/v2\/posts"}],"about":[{"href":"https:\/\/radiorevelacionfm.cl\/index.php?rest_route=\/wp\/v2\/types\/post"}],"author":[{"embeddable":true,"href":"https:\/\/radiorevelacionfm.cl\/index.php?rest_route=\/wp\/v2\/users\/1"}],"replies":[{"embeddable":true,"href":"https:\/\/radiorevelacionfm.cl\/index.php?rest_route=%2Fwp%2Fv2%2Fcomments&post=47776"}],"version-history":[{"count":1,"href":"https:\/\/radiorevelacionfm.cl\/index.php?rest_route=\/wp\/v2\/posts\/47776\/revisions"}],"predecessor-version":[{"id":47778,"href":"https:\/\/radiorevelacionfm.cl\/index.php?rest_route=\/wp\/v2\/posts\/47776\/revisions\/47778"}],"wp:featuredmedia":[{"embeddable":true,"href":"https:\/\/radiorevelacionfm.cl\/index.php?rest_route=\/wp\/v2\/media\/47777"}],"wp:attachment":[{"href":"https:\/\/radiorevelacionfm.cl\/index.php?rest_route=%2Fwp%2Fv2%2Fmedia&parent=47776"}],"wp:term":[{"taxonomy":"category","embeddable":true,"href":"https:\/\/radiorevelacionfm.cl\/index.php?rest_route=%2Fwp%2Fv2%2Fcategories&post=47776"},{"taxonomy":"post_tag","embeddable":true,"href":"https:\/\/radiorevelacionfm.cl\/index.php?rest_route=%2Fwp%2Fv2%2Ftags&post=47776"}],"curies":[{"name":"wp","href":"https:\/\/api.w.org\/{rel}","templated":true}]}}