{"id":47769,"date":"2024-11-07T11:28:00","date_gmt":"2024-11-07T14:28:00","guid":{"rendered":"https:\/\/radiorevelacionfm.cl\/?p=47769"},"modified":"2024-11-09T22:43:41","modified_gmt":"2024-11-10T01:43:41","slug":"culturas-aysen-y-la-universidad-de-aysen-cierran-exitoso-mes-de-la-musica","status":"publish","type":"post","link":"https:\/\/radiorevelacionfm.cl\/?p=47769","title":{"rendered":"Culturas Ays\u00e9n y la Universidad de Ays\u00e9n cierran exitoso Mes de la M\u00fasica"},"content":{"rendered":"<div class=\"flex_column av_one_full  flex_column_div av-zero-column-padding first  avia-builder-el-0  el_before_av_one_full  avia-builder-el-first  \" style='border-radius:0px; '><div  class='avia-image-container  av-styling-    avia-builder-el-1  avia-builder-el-no-sibling  avia-align-center '  itemprop=\"image\" itemscope=\"itemscope\" itemtype=\"https:\/\/schema.org\/ImageObject\"  ><div class='avia-image-container-inner'><div class='avia-image-overlay-wrap'><img decoding=\"async\" class='wp-image-47770 avia-img-lazy-loading-not-47770 avia_image' src=\"https:\/\/radiorevelacionfm.cl\/wp-content\/uploads\/2024\/11\/trapnanda-1-1.jpg\" alt='' title='trapnanda (1) (1)' height=\"600\" width=\"898\"  itemprop=\"thumbnailUrl\" srcset=\"https:\/\/radiorevelacionfm.cl\/wp-content\/uploads\/2024\/11\/trapnanda-1-1.jpg 898w, https:\/\/radiorevelacionfm.cl\/wp-content\/uploads\/2024\/11\/trapnanda-1-1-300x200.jpg 300w, https:\/\/radiorevelacionfm.cl\/wp-content\/uploads\/2024\/11\/trapnanda-1-1-768x513.jpg 768w, https:\/\/radiorevelacionfm.cl\/wp-content\/uploads\/2024\/11\/trapnanda-1-1-705x471.jpg 705w, https:\/\/radiorevelacionfm.cl\/wp-content\/uploads\/2024\/11\/trapnanda-1-1-450x301.jpg 450w, https:\/\/radiorevelacionfm.cl\/wp-content\/uploads\/2024\/11\/trapnanda-1-1-600x401.jpg 600w\" sizes=\"(max-width: 898px) 100vw, 898px\" \/><\/div><\/div><\/div><\/div><div class=\"flex_column av_one_full  flex_column_div av-zero-column-padding first  avia-builder-el-2  el_after_av_one_full  el_before_av_one_full  column-top-margin\" style='border-radius:0px; '><section class=\"av_textblock_section \"  itemscope=\"itemscope\" itemtype=\"https:\/\/schema.org\/BlogPosting\" itemprop=\"blogPost\" ><div class='avia_textblock  '   itemprop=\"text\" ><p style=\"text-align: center;\"><span style=\"font-size: 18pt;\"><b>Culturas Ays\u00e9n y la Universidad de Ays\u00e9n cierran exitoso Mes de la M\u00fasica<\/b><\/span><\/p>\n<div id=\"gtx-trans\" style=\"position: absolute; left: -50px; top: 4.31534px;\">\n<div class=\"gtx-trans-icon\"><\/div>\n<\/div>\n<\/div><\/section><\/div><div class=\"flex_column av_one_full  flex_column_div av-zero-column-padding first  avia-builder-el-4  el_after_av_one_full  el_before_av_hr  column-top-margin\" style='border-radius:0px; '><section class=\"av_textblock_section \"  itemscope=\"itemscope\" itemtype=\"https:\/\/schema.org\/BlogPosting\" itemprop=\"blogPost\" ><div class='avia_textblock  '   itemprop=\"text\" ><div style=\"text-align: justify;\">Tras la masiva celebraci\u00f3n del D\u00eda de la M\u00fasica Nacional el pasado 4 de octubre con la comunidad de Villa O\u2019Higgins, un convenio entre la Seremi de Culturas Ays\u00e9n y la Universidad de Ays\u00e9n permiti\u00f3 prolongar las celebraciones del Mes de la M\u00fasica hasta el pr\u00f3ximo lunes 11 de noviembre.<\/div>\n<div style=\"text-align: justify;\"><\/div>\n<div style=\"text-align: justify;\">Durante octubre se realiz\u00f3 el concierto del Coro de la Universidad de Ays\u00e9n en la localidad de Chile Chico; se sumaron elencos locales, entre ellos, el coro de ni\u00f1os de la escuela y un taller de coro de la Ilustre Municipalidad de Chile Chico.<\/div>\n<div style=\"text-align: justify;\"><\/div>\n<div style=\"text-align: justify;\">El 25 de octubre, la Universidad de Ays\u00e9n recibi\u00f3 al m\u00fasico Rolando Form\u00f3n, quien ofreci\u00f3 su presentaci\u00f3n art\u00edstica a las y los estudiantes del establecimiento, adem\u00e1s de un conversatorio en el que dio a conocer las inspiraciones de su \u00faltimo trabajo: Viajes Cortos.<\/div>\n<div style=\"text-align: justify;\"><\/div>\n<div style=\"text-align: justify;\">El 30 de octubre el reconocido D\u00fao Trapananda se fusion\u00f3 con la m\u00fasica docta y ofreci\u00f3 un espect\u00e1culo \u00fanico en el Centro Cultural de la ciudad de Coyhaique junto a la Orquesta de C\u00e1mara de la Universidad de Ays\u00e9n.<\/div>\n<div style=\"text-align: justify;\"><\/div>\n<div style=\"text-align: justify;\">Elena Villarroel, m\u00fasica y profesional de la Direcci\u00f3n General de V\u00ednculos de la Universidad de Ays\u00e9n, cont\u00f3 que \u201ceste concierto estuvo muy bonito. El auditorio del Centro Cultural estaba lleno. En este mes hemos podido disfrutar del talento local, de los artistas regionales y tambi\u00e9n hemos abierto las puertas de la universidad para que la comunidad universitaria tambi\u00e9n reconozca y conozca a los artistas locales. Esperamos que este c\u00edrculo virtuoso de colaboraciones mutuas siga creciendo porque nos quedamos con la sensaci\u00f3n de que hay mucho talento en esta regi\u00f3n y que todav\u00eda nos hemos quedado cortos porque en estas invitaciones se quedaron varios artistas fuera y necesitamos una segunda versi\u00f3n y una tercera para que de a poco vayamos d\u00e1ndoles cabida a los y las artistas con trayectoria en la regi\u00f3n y a los que est\u00e1n partiendo\u201d.<\/div>\n<div style=\"text-align: justify;\"><\/div>\n<div style=\"text-align: justify;\">Para el seremi de Culturas Ays\u00e9n, Felipe Quiroz, \u201cha sido un Mes de la M\u00fasica muy nutrido, en el que diferentes ritmos de m\u00fasicos y m\u00fasicas regionales han estado en distintos escenarios, incluida nuestra celebraci\u00f3n central del 4 de octubre, cuando celebramos el cumplea\u00f1os de Violeta Parra en Villa O\u2019Higgins con un Sal\u00f3n de Eventos lleno de entusiastas vecinos y vecinas. Para este ministerio, cada a\u00f1o es un desaf\u00edo poder entregar una celebraci\u00f3n a la altura de quien fueron una creadora tan gigantesca como Violeta\u201d.<\/div>\n<div style=\"text-align: justify;\"><\/div>\n<div style=\"text-align: justify;\">Jos\u00e9 Aguilar, flautista y voz de Trapananda dijo que \u201ctocar con la Orquesta de C\u00e1mara de la Universidad Ays\u00e9n con H\u00e9ctor M\u00e9ndez como director fue maravilloso porque la amalgama de sonidos de la m\u00fasica popular y docta juntas nos hicieron sentir muy bien, adem\u00e1s que los m\u00fasicos muy cari\u00f1osos, muy buenos m\u00fasicos en la orquesta y pusieron todo de su parte para que saliera bonito. Nos sentimos muy felices y la gente nos recibi\u00f3 muy bien, as\u00ed que creo que fue un espect\u00e1culo redondo donde todos lo pasamos excelente. Nos gustar\u00eda mucho volver a vivirlo\u201d.<\/div>\n<div style=\"text-align: justify;\"><\/div>\n<div style=\"text-align: justify;\">Este Mes de la M\u00fasica que se prolong\u00f3 hasta noviembre cierra este lunes 11 en el Centro Cultural Coyahique, a partir de las 5 de la tarde con elencos escolares: tres bandas de colegios abrir\u00e1n el espect\u00e1culo para continuar con el payador Jorge Contreras, la joven rapera Katezi, Cepa Funk y el hiphopero Buza, adem\u00e1s de Las Chuc\u00e1s, grupo de mujeres de Puerto Ays\u00e9n.<\/div>\n<\/div><\/section><\/div><div  style='height:50px' class='hr hr-invisible   avia-builder-el-6  el_after_av_one_full  el_before_av_social_share '><span class='hr-inner ' ><span class='hr-inner-style'><\/span><\/span><\/div><\/p>\n<div  class='av-social-sharing-box  avia-builder-el-7  el_after_av_hr  el_before_av_hr  '><div class='av-share-box'><h5 class='av-share-link-description av-no-toc '>Compartir esta noticia<\/h5><ul class='av-share-box-list noLightbox'><li class='av-share-link av-social-link-facebook' ><a target=\"_blank\" aria-label=\"Compartir en Facebook\" href='https:\/\/www.facebook.com\/sharer.php?u=https:\/\/radiorevelacionfm.cl\/?p=47769&#038;t=Culturas%20Ays%C3%A9n%20y%20la%20Universidad%20de%20Ays%C3%A9n%20cierran%20exitoso%20Mes%20de%20la%20M%C3%BAsica' aria-hidden='false' data-av_icon='\ue8f3' data-av_iconfont='entypo-fontello' title='' data-avia-related-tooltip='Compartir en Facebook' rel=\"noopener\"><span class='avia_hidden_link_text'>Compartir en Facebook<\/span><\/a><\/li><li class='av-share-link av-social-link-twitter' ><a target=\"_blank\" aria-label=\"Compartir en Twitter\" href='https:\/\/twitter.com\/share?text=Culturas%20Ays%C3%A9n%20y%20la%20Universidad%20de%20Ays%C3%A9n%20cierran%20exitoso%20Mes%20de%20la%20M%C3%BAsica&#038;url=https:\/\/radiorevelacionfm.cl\/?p=47769' aria-hidden='false' data-av_icon='\ue8f1' data-av_iconfont='entypo-fontello' title='' data-avia-related-tooltip='Compartir en Twitter' rel=\"noopener\"><span class='avia_hidden_link_text'>Compartir en Twitter<\/span><\/a><\/li><li class='av-share-link av-social-link-whatsapp' ><a target=\"_blank\" aria-label=\"Compartir en Whatsapp\" href='https:\/\/api.whatsapp.com\/send?text=https:\/\/radiorevelacionfm.cl\/?p=47769' aria-hidden='false' data-av_icon='\uf232' data-av_iconfont='entypo-fontello' title='' data-avia-related-tooltip='Compartir en Whatsapp' rel=\"noopener\"><span class='avia_hidden_link_text'>Compartir en Whatsapp<\/span><\/a><\/li><li class='av-share-link av-social-link-linkedin' ><a target=\"_blank\" aria-label=\"Compartir en LinkedIn\" href='https:\/\/linkedin.com\/shareArticle?mini=true&#038;title=Culturas%20Ays%C3%A9n%20y%20la%20Universidad%20de%20Ays%C3%A9n%20cierran%20exitoso%20Mes%20de%20la%20M%C3%BAsica&#038;url=https:\/\/radiorevelacionfm.cl\/?p=47769' aria-hidden='false' data-av_icon='\ue8fc' data-av_iconfont='entypo-fontello' title='' data-avia-related-tooltip='Compartir en LinkedIn' rel=\"noopener\"><span class='avia_hidden_link_text'>Compartir en LinkedIn<\/span><\/a><\/li><li class='av-share-link av-social-link-mail' ><a  aria-label=\"Compartir por correo\" href='mailto:?subject=Culturas%20Ays%C3%A9n%20y%20la%20Universidad%20de%20Ays%C3%A9n%20cierran%20exitoso%20Mes%20de%20la%20M%C3%BAsica&#038;body=https:\/\/radiorevelacionfm.cl\/?p=47769' aria-hidden='false' data-av_icon='\ue805' data-av_iconfont='entypo-fontello' title='' data-avia-related-tooltip='Compartir por correo'><span class='avia_hidden_link_text'>Compartir por correo<\/span><\/a><\/li><\/ul><\/div><\/div>\n<div  style='height:50px' class='hr hr-invisible   avia-builder-el-8  el_after_av_social_share  el_before_av_comments_list '><span class='hr-inner ' ><span class='hr-inner-style'><\/span><\/span><\/div>\n<div  class='av-buildercomment  av-blog-meta-html-info-disabled av-blog-meta-tag-disabled  '><\/div>\n","protected":false},"excerpt":{"rendered":"","protected":false},"author":1,"featured_media":47770,"comment_status":"open","ping_status":"open","sticky":false,"template":"","format":"standard","meta":{"footnotes":""},"categories":[43],"tags":[],"class_list":["post-47769","post","type-post","status-publish","format-standard","has-post-thumbnail","hentry","category-musica"],"jetpack_featured_media_url":"https:\/\/radiorevelacionfm.cl\/wp-content\/uploads\/2024\/11\/trapnanda-1-1.jpg","_links":{"self":[{"href":"https:\/\/radiorevelacionfm.cl\/index.php?rest_route=\/wp\/v2\/posts\/47769","targetHints":{"allow":["GET"]}}],"collection":[{"href":"https:\/\/radiorevelacionfm.cl\/index.php?rest_route=\/wp\/v2\/posts"}],"about":[{"href":"https:\/\/radiorevelacionfm.cl\/index.php?rest_route=\/wp\/v2\/types\/post"}],"author":[{"embeddable":true,"href":"https:\/\/radiorevelacionfm.cl\/index.php?rest_route=\/wp\/v2\/users\/1"}],"replies":[{"embeddable":true,"href":"https:\/\/radiorevelacionfm.cl\/index.php?rest_route=%2Fwp%2Fv2%2Fcomments&post=47769"}],"version-history":[{"count":1,"href":"https:\/\/radiorevelacionfm.cl\/index.php?rest_route=\/wp\/v2\/posts\/47769\/revisions"}],"predecessor-version":[{"id":47771,"href":"https:\/\/radiorevelacionfm.cl\/index.php?rest_route=\/wp\/v2\/posts\/47769\/revisions\/47771"}],"wp:featuredmedia":[{"embeddable":true,"href":"https:\/\/radiorevelacionfm.cl\/index.php?rest_route=\/wp\/v2\/media\/47770"}],"wp:attachment":[{"href":"https:\/\/radiorevelacionfm.cl\/index.php?rest_route=%2Fwp%2Fv2%2Fmedia&parent=47769"}],"wp:term":[{"taxonomy":"category","embeddable":true,"href":"https:\/\/radiorevelacionfm.cl\/index.php?rest_route=%2Fwp%2Fv2%2Fcategories&post=47769"},{"taxonomy":"post_tag","embeddable":true,"href":"https:\/\/radiorevelacionfm.cl\/index.php?rest_route=%2Fwp%2Fv2%2Ftags&post=47769"}],"curies":[{"name":"wp","href":"https:\/\/api.w.org\/{rel}","templated":true}]}}