{"id":47763,"date":"2024-11-09T16:39:36","date_gmt":"2024-11-09T19:39:36","guid":{"rendered":"https:\/\/radiorevelacionfm.cl\/?p=47763"},"modified":"2024-11-09T16:39:36","modified_gmt":"2024-11-09T19:39:36","slug":"rolando-formon-recibe-doble-reconocimiento-en-festival-audiovisual-exposure-hay-entusiasmo-y-hambre-de-un-proximo-trabajo-audiovisual","status":"publish","type":"post","link":"https:\/\/radiorevelacionfm.cl\/?p=47763","title":{"rendered":"Rolando Form\u00f3n recibe doble reconocimiento en festival audiovisual ExpoSURE: \u201cHay entusiasmo y hambre de un pr\u00f3ximo trabajo audiovisual\u201d"},"content":{"rendered":"<div class=\"flex_column av_one_full  flex_column_div av-zero-column-padding first  avia-builder-el-0  el_before_av_one_full  avia-builder-el-first  \" style='border-radius:0px; '><div  class='avia-image-container  av-styling-    avia-builder-el-1  avia-builder-el-no-sibling  avia-align-center '  itemprop=\"image\" itemscope=\"itemscope\" itemtype=\"https:\/\/schema.org\/ImageObject\"  ><div class='avia-image-container-inner'><div class='avia-image-overlay-wrap'><img decoding=\"async\" class='wp-image-47764 avia-img-lazy-loading-not-47764 avia_image' src=\"https:\/\/radiorevelacionfm.cl\/wp-content\/uploads\/2024\/11\/FORMON-3-06-11-1-1.jpg\" alt='' title='FORMON 3 06-11 (1) (1)' height=\"600\" width=\"1067\"  itemprop=\"thumbnailUrl\" srcset=\"https:\/\/radiorevelacionfm.cl\/wp-content\/uploads\/2024\/11\/FORMON-3-06-11-1-1.jpg 1067w, https:\/\/radiorevelacionfm.cl\/wp-content\/uploads\/2024\/11\/FORMON-3-06-11-1-1-300x169.jpg 300w, https:\/\/radiorevelacionfm.cl\/wp-content\/uploads\/2024\/11\/FORMON-3-06-11-1-1-1030x579.jpg 1030w, https:\/\/radiorevelacionfm.cl\/wp-content\/uploads\/2024\/11\/FORMON-3-06-11-1-1-768x432.jpg 768w, https:\/\/radiorevelacionfm.cl\/wp-content\/uploads\/2024\/11\/FORMON-3-06-11-1-1-705x396.jpg 705w, https:\/\/radiorevelacionfm.cl\/wp-content\/uploads\/2024\/11\/FORMON-3-06-11-1-1-450x253.jpg 450w, https:\/\/radiorevelacionfm.cl\/wp-content\/uploads\/2024\/11\/FORMON-3-06-11-1-1-600x337.jpg 600w\" sizes=\"(max-width: 1067px) 100vw, 1067px\" \/><\/div><\/div><\/div><\/div><div class=\"flex_column av_one_full  flex_column_div av-zero-column-padding first  avia-builder-el-2  el_after_av_one_full  el_before_av_one_full  column-top-margin\" style='border-radius:0px; '><section class=\"av_textblock_section \"  itemscope=\"itemscope\" itemtype=\"https:\/\/schema.org\/BlogPosting\" itemprop=\"blogPost\" ><div class='avia_textblock  '   itemprop=\"text\" ><p style=\"text-align: center;\"><span style=\"font-size: 18pt;\"><strong>Rolando Form<\/strong><strong>\u00f3n recibe doble reconocimiento en festival audiovisual ExpoSURE: <\/strong><strong>\u201c<\/strong><strong>Hay entusiasmo y hambre de un pr\u00f3ximo trabajo audiovisual\u201d<\/strong><\/span><\/p>\n<div id=\"gtx-trans\" style=\"position: absolute; left: -50px; top: 4.31534px;\">\n<div class=\"gtx-trans-icon\"><\/div>\n<\/div>\n<\/div><\/section><\/div><div class=\"flex_column av_one_full  flex_column_div av-zero-column-padding first  avia-builder-el-4  el_after_av_one_full  el_before_av_hr  column-top-margin\" style='border-radius:0px; '><section class=\"av_textblock_section \"  itemscope=\"itemscope\" itemtype=\"https:\/\/schema.org\/BlogPosting\" itemprop=\"blogPost\" ><div class='avia_textblock  '   itemprop=\"text\" ><p style=\"text-align: justify;\"><em>El chilechiquense particip\u00f3 <\/em><em>con dos videoclip en este certamen realizado en la capital regional, recibiendo la distinci\u00f3n a Mejor Narrativa Audiovisual y Menci\u00f3n Honrosa en Identidad y Territorio.<\/em><\/p>\n<p style=\"text-align: justify;\"><em>Con esto tambi<\/em><em>\u00e9<\/em><em>n presenta su segundo single y videoclip, Viajes Cortos, grabado en la estepa nevada.<\/em><\/p>\n<p style=\"text-align: justify;\">Con mucha alegr\u00eda el m\u00fasico Rolando Form\u00f3n, recibi\u00f3 el resultado que entregaba el jurado del festival audiovisual ExpoSURE y que distingu\u00eda a dos de los videoclips de su reciente disco Delta Marr\u00f3n.<\/p>\n<p style=\"text-align: justify;\">Se trata de \u00abCasita de Barro\u00bb, primer single del disco que fue reconocido Mejor Videoclip en la categor\u00eda Mejor Narrativa Audiovisual y \u201cViajes Cortos\u201d, presentado recientemente como la segunda entrega de Form\u00f3n, obteniendo Menci\u00f3n Honrosa tambi\u00e9n en la categor\u00eda de Identidad y Territorio.<\/p>\n<p style=\"text-align: justify;\">Para el m\u00fasico de la Ciudad del Sol el principal objetivo es difundir el \u00e1lbum, mostrando el territorio, \u201cQueremos mostrar nuestra regi\u00f3n al mundo. Casita de Barro fue reconocido como mejor videoclip por su calidad narrativa y por las im\u00e1genes que pusimos en la mesa. Para mi es una buena mezcla entre el mundo campesino y el urbano, entre el mundo antiguo y el moderno. Este reconocimiento nos tiene muy contentos, porque hay mucho trabajo detr\u00e1s. Hay un gran equipo profesional que sostiene este trabajo, as\u00ed que estamos orgullosos de nuestros logros y seguimos con hambre de un pr\u00f3ximo trabajo audiovisual\u201d.<\/p>\n<p style=\"text-align: justify;\">Con este reconocimiento, Form\u00f3n destaca su nueva entrega llamada \u201cViajes Cortos\u201d, creaci\u00f3n que incluye sampleos de la naturaleza, melod\u00edas y beatbox del propio artista desarrollados con el productor musical Jorge Fortune, y el videoclip que ha sido producido por Chilechicano y dirigido por el audiovisualista Gabriel Asenie Urra.<\/p>\n<p style=\"text-align: justify;\">\u201cMusicalmente es muy fresca y c\u00e1lida, como una canci\u00f3n de primavera, y por eso decidimos lanzarla ahora. Est\u00e1 grabada en la nieve en pleno invierno patag\u00f3nico, pero quer\u00edamos que sea c\u00e1lido, ese era el desaf\u00edo, la estufa a le\u00f1a en mitad de la estepa nevada hizo lo suyo. La letra invita a poner atenci\u00f3n a los peque\u00f1os viajes que uno tiene todos los d\u00edas. Es una invitaci\u00f3n a encontrar magia en las cosas simples y cotidianas. Calentar el agua, que es como ir a la naturaleza, levantarte todos los d\u00edas, eso es la invitaci\u00f3n. C\u00e1lida, fresca y de primavera\u201d dice Rolando Form\u00f3n.<\/p>\n<p style=\"text-align: justify;\">AC\u00c1 PUEDES VER: <a href=\"https:\/\/youtu.be\/81QnpW8dm4A?si=Cq8RROw8L3ikRDzF\">ROLANDO FORMON &#8211; VIAJES CORTOS (Video Oficial)<\/a><\/p>\n<p style=\"text-align: justify;\"><strong>Sobre Casita de Barro<\/strong><\/p>\n<p style=\"text-align: justify;\">Para este trabajo es un doble reconocimiento, ya que primero cabe destacar que fue financiado a trav\u00e9s del Fondo de la M\u00fasica Nacional, convocatoria 2023 del Ministerio de las Culturas, las Artes y el Patrimonio, dirigido a la producci\u00f3n y difusi\u00f3n de videoclips, siendo la \u00fanica producci\u00f3n regional seleccionada en esta edici\u00f3n.<\/p>\n<p style=\"text-align: justify;\"><strong>\u00a0<\/strong>El director de este film es Jerson Bautista Cort\u00e9z, director de la productora Yungay Road, qui\u00e9n trabaj\u00f3 junto a la dise\u00f1adora Dalila Becerra, directora de arte del videoclip, y el apoyo del mismo Rolando Form\u00f3n como productor. Mario Gasc de End\u00e9mico Films en la direcci\u00f3n fotogr\u00e1fica, Gabriel Asenie en la asistencia de c\u00e1mara y Jorge Fortune en la producci\u00f3n musical completaron este equipo.<\/p>\n<p style=\"text-align: justify;\">AC\u00c1 PUEDES VER: <a href=\"https:\/\/youtu.be\/XtQ9pGifY6s?si=oqVVtjCTMz5_nZeg\">CASITA\u00a0 DE BARRO &#8211; ROLANDO FORMON | DELTA MARR\u00d3N<\/a><\/p>\n<p style=\"text-align: justify;\"><strong>Financiamiento para una trilog\u00ed<\/strong><strong>a de videoclips<\/strong><\/p>\n<p style=\"text-align: justify;\">Para Rolando Form\u00f3n el desaf\u00edo de presentar singles conlleva una propuesta audiovisual trabajada, que apunta a mostrar en tres videoclip distintos lugares de la zona de Chile Chico y la regi\u00f3n.<\/p>\n<p style=\"text-align: justify;\">Para ello pretende terminar con un nuevo film que ya est\u00e1 avanzando y con el que pondr\u00e1 el ritmo al verano patag\u00f3n.<\/p>\n<p style=\"text-align: justify;\">\u201cA trav\u00e9s de esta m\u00fasica, de este proyecto, queremos mostrar nuestro pueblo, nuestra regi\u00f3n, los atributos naturales que tenemos, culturales y de los que somos inmensamente orgullosos. Queremos que nos escuchen y que nos vean como chilechiquenses, como patagones, en todo el pa\u00eds. Y para eso en nuestro tercer videoclip queremos apuntar al financiamiento p\u00fablico y privado en sus distintas \u00e1reas. Este trabajo es muy representativo de este territorio y queremos mostrar este \u00edcono mundial. Esta canci\u00f3n ser\u00e1 una fiesta en la naturaleza, muy c\u00e1lida y la lanzaremos en el verano\u201d sentenci\u00f3 Form\u00f3n.<\/p>\n<p style=\"text-align: justify;\"><strong>Revisa las plataformas sociales de Rolando Form\u00f3n<\/strong><\/p>\n<p style=\"text-align: justify;\"><a href=\"https:\/\/www.instagram.com\/rolando_formon_\/profilecard\/?igsh=aWh6dmZjMWRneTV0\">Instagram<\/a><\/p>\n<p style=\"text-align: justify;\"><a href=\"https:\/\/open.spotify.com\/intl-es\/artist\/27fQWpOrYwGeKoQ4dbXwF5\">Spotify<\/a><\/p>\n<p style=\"text-align: justify;\"><a href=\"https:\/\/www.youtube.com\/channel\/UC7HRmwcTt2DIHzGSrAQQA6g\">Youtube<\/a><\/p>\n<p style=\"text-align: justify;\"><a href=\"https:\/\/music.apple.com\/cl\/artist\/rolando-formon\/1494052092\">Apple Music<\/a><\/p>\n<\/div><\/section><\/div><div  style='height:50px' class='hr hr-invisible   avia-builder-el-6  el_after_av_one_full  el_before_av_social_share '><span class='hr-inner ' ><span class='hr-inner-style'><\/span><\/span><\/div><\/p>\n<div  class='av-social-sharing-box  avia-builder-el-7  el_after_av_hr  el_before_av_hr  '><div class='av-share-box'><h5 class='av-share-link-description av-no-toc '>Compartir esta noticia<\/h5><ul class='av-share-box-list noLightbox'><li class='av-share-link av-social-link-facebook' ><a target=\"_blank\" aria-label=\"Compartir en Facebook\" href='https:\/\/www.facebook.com\/sharer.php?u=https:\/\/radiorevelacionfm.cl\/?p=47763&#038;t=Rolando%20Form%C3%B3n%20recibe%20doble%20reconocimiento%20en%20festival%20audiovisual%20ExpoSURE%3A%20%E2%80%9CHay%20entusiasmo%20y%20hambre%20de%20un%20pr%C3%B3ximo%20trabajo%20audiovisual%E2%80%9D' aria-hidden='false' data-av_icon='\ue8f3' data-av_iconfont='entypo-fontello' title='' data-avia-related-tooltip='Compartir en Facebook' rel=\"noopener\"><span class='avia_hidden_link_text'>Compartir en Facebook<\/span><\/a><\/li><li class='av-share-link av-social-link-twitter' ><a target=\"_blank\" aria-label=\"Compartir en Twitter\" href='https:\/\/twitter.com\/share?text=Rolando%20Form%C3%B3n%20recibe%20doble%20reconocimiento%20en%20festival%20audiovisual%20ExpoSURE%3A%20%E2%80%9CHay%20entusiasmo%20y%20hambre%20de%20un%20pr%C3%B3ximo%20trabajo%20audiovisual%E2%80%9D&#038;url=https:\/\/radiorevelacionfm.cl\/?p=47763' aria-hidden='false' data-av_icon='\ue8f1' data-av_iconfont='entypo-fontello' title='' data-avia-related-tooltip='Compartir en Twitter' rel=\"noopener\"><span class='avia_hidden_link_text'>Compartir en Twitter<\/span><\/a><\/li><li class='av-share-link av-social-link-whatsapp' ><a target=\"_blank\" aria-label=\"Compartir en Whatsapp\" href='https:\/\/api.whatsapp.com\/send?text=https:\/\/radiorevelacionfm.cl\/?p=47763' aria-hidden='false' data-av_icon='\uf232' data-av_iconfont='entypo-fontello' title='' data-avia-related-tooltip='Compartir en Whatsapp' rel=\"noopener\"><span class='avia_hidden_link_text'>Compartir en Whatsapp<\/span><\/a><\/li><li class='av-share-link av-social-link-linkedin' ><a target=\"_blank\" aria-label=\"Compartir en LinkedIn\" href='https:\/\/linkedin.com\/shareArticle?mini=true&#038;title=Rolando%20Form%C3%B3n%20recibe%20doble%20reconocimiento%20en%20festival%20audiovisual%20ExpoSURE%3A%20%E2%80%9CHay%20entusiasmo%20y%20hambre%20de%20un%20pr%C3%B3ximo%20trabajo%20audiovisual%E2%80%9D&#038;url=https:\/\/radiorevelacionfm.cl\/?p=47763' aria-hidden='false' data-av_icon='\ue8fc' data-av_iconfont='entypo-fontello' title='' data-avia-related-tooltip='Compartir en LinkedIn' rel=\"noopener\"><span class='avia_hidden_link_text'>Compartir en LinkedIn<\/span><\/a><\/li><li class='av-share-link av-social-link-mail' ><a  aria-label=\"Compartir por correo\" href='mailto:?subject=Rolando%20Form%C3%B3n%20recibe%20doble%20reconocimiento%20en%20festival%20audiovisual%20ExpoSURE%3A%20%E2%80%9CHay%20entusiasmo%20y%20hambre%20de%20un%20pr%C3%B3ximo%20trabajo%20audiovisual%E2%80%9D&#038;body=https:\/\/radiorevelacionfm.cl\/?p=47763' aria-hidden='false' data-av_icon='\ue805' data-av_iconfont='entypo-fontello' title='' data-avia-related-tooltip='Compartir por correo'><span class='avia_hidden_link_text'>Compartir por correo<\/span><\/a><\/li><\/ul><\/div><\/div>\n<div  style='height:50px' class='hr hr-invisible   avia-builder-el-8  el_after_av_social_share  el_before_av_comments_list '><span class='hr-inner ' ><span class='hr-inner-style'><\/span><\/span><\/div>\n<div  class='av-buildercomment  av-blog-meta-html-info-disabled av-blog-meta-tag-disabled  '><\/div>\n","protected":false},"excerpt":{"rendered":"","protected":false},"author":1,"featured_media":47764,"comment_status":"open","ping_status":"open","sticky":false,"template":"","format":"standard","meta":{"footnotes":""},"categories":[43],"tags":[],"class_list":["post-47763","post","type-post","status-publish","format-standard","has-post-thumbnail","hentry","category-musica"],"jetpack_featured_media_url":"https:\/\/radiorevelacionfm.cl\/wp-content\/uploads\/2024\/11\/FORMON-3-06-11-1-1.jpg","_links":{"self":[{"href":"https:\/\/radiorevelacionfm.cl\/index.php?rest_route=\/wp\/v2\/posts\/47763","targetHints":{"allow":["GET"]}}],"collection":[{"href":"https:\/\/radiorevelacionfm.cl\/index.php?rest_route=\/wp\/v2\/posts"}],"about":[{"href":"https:\/\/radiorevelacionfm.cl\/index.php?rest_route=\/wp\/v2\/types\/post"}],"author":[{"embeddable":true,"href":"https:\/\/radiorevelacionfm.cl\/index.php?rest_route=\/wp\/v2\/users\/1"}],"replies":[{"embeddable":true,"href":"https:\/\/radiorevelacionfm.cl\/index.php?rest_route=%2Fwp%2Fv2%2Fcomments&post=47763"}],"version-history":[{"count":1,"href":"https:\/\/radiorevelacionfm.cl\/index.php?rest_route=\/wp\/v2\/posts\/47763\/revisions"}],"predecessor-version":[{"id":47765,"href":"https:\/\/radiorevelacionfm.cl\/index.php?rest_route=\/wp\/v2\/posts\/47763\/revisions\/47765"}],"wp:featuredmedia":[{"embeddable":true,"href":"https:\/\/radiorevelacionfm.cl\/index.php?rest_route=\/wp\/v2\/media\/47764"}],"wp:attachment":[{"href":"https:\/\/radiorevelacionfm.cl\/index.php?rest_route=%2Fwp%2Fv2%2Fmedia&parent=47763"}],"wp:term":[{"taxonomy":"category","embeddable":true,"href":"https:\/\/radiorevelacionfm.cl\/index.php?rest_route=%2Fwp%2Fv2%2Fcategories&post=47763"},{"taxonomy":"post_tag","embeddable":true,"href":"https:\/\/radiorevelacionfm.cl\/index.php?rest_route=%2Fwp%2Fv2%2Ftags&post=47763"}],"curies":[{"name":"wp","href":"https:\/\/api.w.org\/{rel}","templated":true}]}}