{"id":47760,"date":"2024-11-06T17:35:36","date_gmt":"2024-11-06T20:35:36","guid":{"rendered":"https:\/\/radiorevelacionfm.cl\/?p=47760"},"modified":"2024-11-09T22:45:20","modified_gmt":"2024-11-10T01:45:20","slug":"diputado-calisto-valora-anuncio-del-gobierno-y-hace-llamado-a-participar-en-consulta-ciudadana-por-la-opcion-de-mantener-horario-de-verano-todo-el-ano","status":"publish","type":"post","link":"https:\/\/radiorevelacionfm.cl\/?p=47760","title":{"rendered":"Diputado Calisto valora anuncio del gobierno y hace llamado a participar en consulta ciudadana por la opci\u00f3n de mantener horario de verano todo el a\u00f1o"},"content":{"rendered":"<div class=\"flex_column av_one_full  flex_column_div av-zero-column-padding first  avia-builder-el-0  el_before_av_one_full  avia-builder-el-first  \" style='border-radius:0px; '><div  class='avia-image-container  av-styling-    avia-builder-el-1  avia-builder-el-no-sibling  avia-align-center '  itemprop=\"image\" itemscope=\"itemscope\" itemtype=\"https:\/\/schema.org\/ImageObject\"  ><div class='avia-image-container-inner'><div class='avia-image-overlay-wrap'><img decoding=\"async\" class='wp-image-47761 avia-img-lazy-loading-not-47761 avia_image' src=\"https:\/\/radiorevelacionfm.cl\/wp-content\/uploads\/2024\/11\/FOTO-CALISTO-NOV-2024-1-1.jpeg\" alt='' title='FOTO CALISTO NOV 2024 (1) (1)' height=\"600\" width=\"900\"  itemprop=\"thumbnailUrl\" srcset=\"https:\/\/radiorevelacionfm.cl\/wp-content\/uploads\/2024\/11\/FOTO-CALISTO-NOV-2024-1-1.jpeg 900w, https:\/\/radiorevelacionfm.cl\/wp-content\/uploads\/2024\/11\/FOTO-CALISTO-NOV-2024-1-1-300x200.jpeg 300w, https:\/\/radiorevelacionfm.cl\/wp-content\/uploads\/2024\/11\/FOTO-CALISTO-NOV-2024-1-1-768x512.jpeg 768w, https:\/\/radiorevelacionfm.cl\/wp-content\/uploads\/2024\/11\/FOTO-CALISTO-NOV-2024-1-1-705x470.jpeg 705w, https:\/\/radiorevelacionfm.cl\/wp-content\/uploads\/2024\/11\/FOTO-CALISTO-NOV-2024-1-1-450x300.jpeg 450w, https:\/\/radiorevelacionfm.cl\/wp-content\/uploads\/2024\/11\/FOTO-CALISTO-NOV-2024-1-1-600x400.jpeg 600w\" sizes=\"(max-width: 900px) 100vw, 900px\" \/><\/div><\/div><\/div><\/div><div class=\"flex_column av_one_full  flex_column_div av-zero-column-padding first  avia-builder-el-2  el_after_av_one_full  el_before_av_one_full  column-top-margin\" style='border-radius:0px; '><section class=\"av_textblock_section \"  itemscope=\"itemscope\" itemtype=\"https:\/\/schema.org\/BlogPosting\" itemprop=\"blogPost\" ><div class='avia_textblock  '   itemprop=\"text\" ><p style=\"text-align: center;\"><span style=\"font-size: 18pt;\"><b>Diputado Calisto valora anuncio del gobierno y hace llamado a participar en consulta ciudadana por la opci\u00f3n de mantener horario de verano todo el a\u00f1o<\/b><\/span><\/p>\n<div id=\"gtx-trans\" style=\"position: absolute; left: -50px; top: 4.31534px;\">\n<div class=\"gtx-trans-icon\"><\/div>\n<\/div>\n<\/div><\/section><\/div><div class=\"flex_column av_one_full  flex_column_div av-zero-column-padding first  avia-builder-el-4  el_after_av_one_full  el_before_av_hr  column-top-margin\" style='border-radius:0px; '><section class=\"av_textblock_section \"  itemscope=\"itemscope\" itemtype=\"https:\/\/schema.org\/BlogPosting\" itemprop=\"blogPost\" ><div class='avia_textblock  '   itemprop=\"text\" ><p style=\"font-weight: 400; text-align: justify;\">Junto con valorar el anuncio del gobierno sobre la realizaci\u00f3n de una consulta ciudadana por la opci\u00f3n de mantener el horario de verano durante todo el a\u00f1o en la regi\u00f3n de Ays\u00e9n, el diputado Miguel \u00c1ngel Calisto hizo un llamado a la gente a participar en este proceso consultivo virtual, asegurando que \u201ces muy importante que todos den su opini\u00f3n\u201d.<\/p>\n<p style=\"font-weight: 400; text-align: justify;\">Seg\u00fan el diputado Calisto, \u201cnosotros levantamos una campa\u00f1a que tuvo cerca de 10.000 adhesiones a trav\u00e9s de las redes sociales para permitir que mantengamos el horario de verano en todo el a\u00f1o. Esto genera finalmente que nuestros ni\u00f1os, que nuestras familias tengan una hora m\u00e1s de luz durante la tarde y de esa manera tambi\u00e9n garantizamos la seguridad de nuestros ni\u00f1os cuando regresan desde el colegio a su casa\u201d.<\/p>\n<p style=\"font-weight: 400; text-align: justify;\">\u201cHay hartas externalidades positivas con esto, como fomentar m\u00e1s la vida al aire al aire libre, e incluso es bueno para el comercio, por eso \u00a0yo destaco que el gobierno haya tomado esta propuesta y que hoy d\u00eda anuncien una consulta ciudadana que permitir\u00e1 sustentar la decisi\u00f3n para mantener el horario de verano\u201d, se\u00f1al\u00f3.<\/p>\n<p style=\"font-weight: 400; text-align: justify;\">Calisto afirm\u00f3 que \u201cyo invito toda la ciudadan\u00eda, a todos los vecinos y vecinas de nuestra regi\u00f3n a sumarse a esa campa\u00f1a y poder poner su voto, manifestar su posici\u00f3n respecto a mantener o no el horario de verano y de esa manera tener las mismas condiciones que tiene Magallanes. All\u00e1 se levant\u00f3 un estudio a trav\u00e9s de la Universidad de Magallanes para permitir que efectivamente tengan un horario distinto al resto de Chile tomando en cuenta su realidad, que es muy similar a la nuestra\u201d.<\/p>\n<p style=\"font-weight: 400; text-align: justify;\">Finalmente, el diputado miguel \u00c1ngel Calisto asegur\u00f3 que \u201cla decisi\u00f3n va a ser de cada uno de nosotros como Ayseninos. A mi parecer, para tener mejores condiciones durante el invierno es necesario mantener el horario de verano para poder disfrutar un poco m\u00e1s de sol durante las tardes\u201d.<\/p>\n<\/div><\/section><\/div><div  style='height:50px' class='hr hr-invisible   avia-builder-el-6  el_after_av_one_full  el_before_av_social_share '><span class='hr-inner ' ><span class='hr-inner-style'><\/span><\/span><\/div><\/p>\n<div  class='av-social-sharing-box  avia-builder-el-7  el_after_av_hr  el_before_av_hr  '><div class='av-share-box'><h5 class='av-share-link-description av-no-toc '>Compartir esta noticia<\/h5><ul class='av-share-box-list noLightbox'><li class='av-share-link av-social-link-facebook' ><a target=\"_blank\" aria-label=\"Compartir en Facebook\" href='https:\/\/www.facebook.com\/sharer.php?u=https:\/\/radiorevelacionfm.cl\/?p=47760&#038;t=Diputado%20Calisto%20valora%20anuncio%20del%20gobierno%20y%20hace%20llamado%20a%20participar%20en%20consulta%20ciudadana%20por%20la%20opci%C3%B3n%20de%20mantener%20horario%20de%20verano%20todo%20el%20a%C3%B1o' aria-hidden='false' data-av_icon='\ue8f3' data-av_iconfont='entypo-fontello' title='' data-avia-related-tooltip='Compartir en Facebook' rel=\"noopener\"><span class='avia_hidden_link_text'>Compartir en Facebook<\/span><\/a><\/li><li class='av-share-link av-social-link-twitter' ><a target=\"_blank\" aria-label=\"Compartir en Twitter\" href='https:\/\/twitter.com\/share?text=Diputado%20Calisto%20valora%20anuncio%20del%20gobierno%20y%20hace%20llamado%20a%20participar%20en%20consulta%20ciudadana%20por%20la%20opci%C3%B3n%20de%20mantener%20horario%20de%20verano%20todo%20el%20a%C3%B1o&#038;url=https:\/\/radiorevelacionfm.cl\/?p=47760' aria-hidden='false' data-av_icon='\ue8f1' data-av_iconfont='entypo-fontello' title='' data-avia-related-tooltip='Compartir en Twitter' rel=\"noopener\"><span class='avia_hidden_link_text'>Compartir en Twitter<\/span><\/a><\/li><li class='av-share-link av-social-link-whatsapp' ><a target=\"_blank\" aria-label=\"Compartir en Whatsapp\" href='https:\/\/api.whatsapp.com\/send?text=https:\/\/radiorevelacionfm.cl\/?p=47760' aria-hidden='false' data-av_icon='\uf232' data-av_iconfont='entypo-fontello' title='' data-avia-related-tooltip='Compartir en Whatsapp' rel=\"noopener\"><span class='avia_hidden_link_text'>Compartir en Whatsapp<\/span><\/a><\/li><li class='av-share-link av-social-link-linkedin' ><a target=\"_blank\" aria-label=\"Compartir en LinkedIn\" href='https:\/\/linkedin.com\/shareArticle?mini=true&#038;title=Diputado%20Calisto%20valora%20anuncio%20del%20gobierno%20y%20hace%20llamado%20a%20participar%20en%20consulta%20ciudadana%20por%20la%20opci%C3%B3n%20de%20mantener%20horario%20de%20verano%20todo%20el%20a%C3%B1o&#038;url=https:\/\/radiorevelacionfm.cl\/?p=47760' aria-hidden='false' data-av_icon='\ue8fc' data-av_iconfont='entypo-fontello' title='' data-avia-related-tooltip='Compartir en LinkedIn' rel=\"noopener\"><span class='avia_hidden_link_text'>Compartir en LinkedIn<\/span><\/a><\/li><li class='av-share-link av-social-link-mail' ><a  aria-label=\"Compartir por correo\" href='mailto:?subject=Diputado%20Calisto%20valora%20anuncio%20del%20gobierno%20y%20hace%20llamado%20a%20participar%20en%20consulta%20ciudadana%20por%20la%20opci%C3%B3n%20de%20mantener%20horario%20de%20verano%20todo%20el%20a%C3%B1o&#038;body=https:\/\/radiorevelacionfm.cl\/?p=47760' aria-hidden='false' data-av_icon='\ue805' data-av_iconfont='entypo-fontello' title='' data-avia-related-tooltip='Compartir por correo'><span class='avia_hidden_link_text'>Compartir por correo<\/span><\/a><\/li><\/ul><\/div><\/div>\n<div  style='height:50px' class='hr hr-invisible   avia-builder-el-8  el_after_av_social_share  el_before_av_comments_list '><span class='hr-inner ' ><span class='hr-inner-style'><\/span><\/span><\/div>\n<div  class='av-buildercomment  av-blog-meta-html-info-disabled av-blog-meta-tag-disabled  '><\/div>\n","protected":false},"excerpt":{"rendered":"","protected":false},"author":1,"featured_media":47761,"comment_status":"open","ping_status":"open","sticky":false,"template":"","format":"standard","meta":{"footnotes":""},"categories":[35],"tags":[],"class_list":["post-47760","post","type-post","status-publish","format-standard","has-post-thumbnail","hentry","category-politica"],"jetpack_featured_media_url":"https:\/\/radiorevelacionfm.cl\/wp-content\/uploads\/2024\/11\/FOTO-CALISTO-NOV-2024-1-1.jpeg","_links":{"self":[{"href":"https:\/\/radiorevelacionfm.cl\/index.php?rest_route=\/wp\/v2\/posts\/47760","targetHints":{"allow":["GET"]}}],"collection":[{"href":"https:\/\/radiorevelacionfm.cl\/index.php?rest_route=\/wp\/v2\/posts"}],"about":[{"href":"https:\/\/radiorevelacionfm.cl\/index.php?rest_route=\/wp\/v2\/types\/post"}],"author":[{"embeddable":true,"href":"https:\/\/radiorevelacionfm.cl\/index.php?rest_route=\/wp\/v2\/users\/1"}],"replies":[{"embeddable":true,"href":"https:\/\/radiorevelacionfm.cl\/index.php?rest_route=%2Fwp%2Fv2%2Fcomments&post=47760"}],"version-history":[{"count":1,"href":"https:\/\/radiorevelacionfm.cl\/index.php?rest_route=\/wp\/v2\/posts\/47760\/revisions"}],"predecessor-version":[{"id":47762,"href":"https:\/\/radiorevelacionfm.cl\/index.php?rest_route=\/wp\/v2\/posts\/47760\/revisions\/47762"}],"wp:featuredmedia":[{"embeddable":true,"href":"https:\/\/radiorevelacionfm.cl\/index.php?rest_route=\/wp\/v2\/media\/47761"}],"wp:attachment":[{"href":"https:\/\/radiorevelacionfm.cl\/index.php?rest_route=%2Fwp%2Fv2%2Fmedia&parent=47760"}],"wp:term":[{"taxonomy":"category","embeddable":true,"href":"https:\/\/radiorevelacionfm.cl\/index.php?rest_route=%2Fwp%2Fv2%2Fcategories&post=47760"},{"taxonomy":"post_tag","embeddable":true,"href":"https:\/\/radiorevelacionfm.cl\/index.php?rest_route=%2Fwp%2Fv2%2Ftags&post=47760"}],"curies":[{"name":"wp","href":"https:\/\/api.w.org\/{rel}","templated":true}]}}