{"id":47757,"date":"2024-11-06T16:51:32","date_gmt":"2024-11-06T19:51:32","guid":{"rendered":"https:\/\/radiorevelacionfm.cl\/?p=47757"},"modified":"2024-11-06T16:51:32","modified_gmt":"2024-11-06T19:51:32","slug":"coyhaique-fiscalia-logra-14-anos-de-condena-para-autor-de-homicidio-ocurrido-en-enero-del-ano-2023","status":"publish","type":"post","link":"https:\/\/radiorevelacionfm.cl\/?p=47757","title":{"rendered":"Coyhaique: Fiscal\u00eda logra 14 a\u00f1os de condena para autor de homicidio ocurrido en enero del a\u00f1o 2023"},"content":{"rendered":"<div class=\"flex_column av_one_full  flex_column_div av-zero-column-padding first  avia-builder-el-0  el_before_av_one_full  avia-builder-el-first  \" style='border-radius:0px; '><div  class='avia-image-container  av-styling-    avia-builder-el-1  avia-builder-el-no-sibling  avia-align-center '  itemprop=\"image\" itemscope=\"itemscope\" itemtype=\"https:\/\/schema.org\/ImageObject\"  ><div class='avia-image-container-inner'><div class='avia-image-overlay-wrap'><img decoding=\"async\" class='wp-image-38114 avia-img-lazy-loading-not-38114 avia_image' src=\"https:\/\/radiorevelacionfm.cl\/wp-content\/uploads\/2023\/12\/Fiscalia3-1-1.jpeg\" alt='' title='Fiscalia3 (1) (1)' height=\"600\" width=\"942\"  itemprop=\"thumbnailUrl\" srcset=\"https:\/\/radiorevelacionfm.cl\/wp-content\/uploads\/2023\/12\/Fiscalia3-1-1.jpeg 942w, https:\/\/radiorevelacionfm.cl\/wp-content\/uploads\/2023\/12\/Fiscalia3-1-1-300x191.jpeg 300w, https:\/\/radiorevelacionfm.cl\/wp-content\/uploads\/2023\/12\/Fiscalia3-1-1-768x489.jpeg 768w, https:\/\/radiorevelacionfm.cl\/wp-content\/uploads\/2023\/12\/Fiscalia3-1-1-705x449.jpeg 705w, https:\/\/radiorevelacionfm.cl\/wp-content\/uploads\/2023\/12\/Fiscalia3-1-1-450x287.jpeg 450w, https:\/\/radiorevelacionfm.cl\/wp-content\/uploads\/2023\/12\/Fiscalia3-1-1-600x382.jpeg 600w\" sizes=\"(max-width: 942px) 100vw, 942px\" \/><\/div><\/div><\/div><\/div><div class=\"flex_column av_one_full  flex_column_div av-zero-column-padding first  avia-builder-el-2  el_after_av_one_full  el_before_av_one_full  column-top-margin\" style='border-radius:0px; '><section class=\"av_textblock_section \"  itemscope=\"itemscope\" itemtype=\"https:\/\/schema.org\/BlogPosting\" itemprop=\"blogPost\" ><div class='avia_textblock  '   itemprop=\"text\" ><p style=\"text-align: center;\"><strong><span style=\"font-size: 18pt;\">Coyhaique: Fiscal\u00eda logra 14 a\u00f1os de condena para autor de homicidio ocurrido en enero del a\u00f1o 2023<\/span><\/strong><\/p>\n<div id=\"gtx-trans\" style=\"position: absolute; left: -50px; top: 4.31534px;\">\n<div class=\"gtx-trans-icon\"><\/div>\n<\/div>\n<\/div><\/section><\/div><div class=\"flex_column av_one_full  flex_column_div av-zero-column-padding first  avia-builder-el-4  el_after_av_one_full  el_before_av_hr  column-top-margin\" style='border-radius:0px; '><section class=\"av_textblock_section \"  itemscope=\"itemscope\" itemtype=\"https:\/\/schema.org\/BlogPosting\" itemprop=\"blogPost\" ><div class='avia_textblock  '   itemprop=\"text\" ><p style=\"text-align: justify;\">El Ministerio P\u00fablico obtuvo una condena de 14 a\u00f1os de presidio mayor en su grado medio en contra de un imputado de 31 a\u00f1os por el delito de homicidio simple perpetrado en contra de una v\u00edctima de 19 a\u00f1os.<\/p>\n<p style=\"text-align: justify;\">Los hechos de este caso ocurrieron alrededor de las 02:00 de la ma\u00f1ana del 29 de enero del a\u00f1o 2023 en un servicentro de calle Ogana de Coyhaique, entre integrantes de bandas rivales dedicadas al tr\u00e1fico de drogas.<\/p>\n<p style=\"text-align: justify;\">El imputado percut\u00f3 al menos tres disparos a una distancia cercana, impactando a la v\u00edctima con una de las balas, quien falleci\u00f3 a consecuencia de la herida provocada.<\/p>\n<p style=\"text-align: justify;\">JUICIO<\/p>\n<p style=\"text-align: justify;\">Seg\u00fan explic\u00f3 el fiscal Alex Olivero N\u00fa\u00f1ez, \u201cse llev\u00f3 a cabo ante el Tribunal de Juicio Oral en Lo Penal de Coyhaique, el juicio oral por un delito de homicidio que hab\u00eda ocurrido en la Copec de calle Ogana.<\/p>\n<p style=\"text-align: justify;\">El persecutor penal agreg\u00f3 que \u201cse rindi\u00f3 la prueba pertinente, con las diligencias realizadas por funcionarios de la Polic\u00eda de Investigaciones, Servicio M\u00e9dico Legal, peritos y en definitiva, el Tribunal dio por acreditado el hecho punible y la participaci\u00f3n del imputado\u201d.<\/p>\n<p style=\"text-align: justify;\">Alex Olivero a\u00f1adi\u00f3 que el Tribunal conden\u00f3 al autor de este hecho, \u201cel que hab\u00eda efectuado disparos contra la v\u00edctima que le provocaron la muerte, a la pena de 14 a\u00f1os de presidio mayor en su grado medio que debe cumplir de forma efectiva\u201d.<\/p>\n<p style=\"text-align: justify;\">La sentencia de esta causa, la cual fue investigada a trav\u00e9s del Fiscal Jos\u00e9 Moris con diligencias de la Brigada de Homicidios de la PDI, fue dictada por los jueces Florentina Rezuc, Ana Mar\u00eda Barr\u00eda y Pablo Freire Gavil\u00e1n.<\/p>\n<\/div><\/section><\/div><div  style='height:50px' class='hr hr-invisible   avia-builder-el-6  el_after_av_one_full  el_before_av_social_share '><span class='hr-inner ' ><span class='hr-inner-style'><\/span><\/span><\/div><\/p>\n<div  class='av-social-sharing-box  avia-builder-el-7  el_after_av_hr  el_before_av_hr  '><div class='av-share-box'><h5 class='av-share-link-description av-no-toc '>Compartir esta noticia<\/h5><ul class='av-share-box-list noLightbox'><li class='av-share-link av-social-link-facebook' ><a target=\"_blank\" aria-label=\"Compartir en Facebook\" href='https:\/\/www.facebook.com\/sharer.php?u=https:\/\/radiorevelacionfm.cl\/?p=47757&#038;t=Coyhaique%3A%20Fiscal%C3%ADa%20logra%2014%20a%C3%B1os%20de%20condena%20para%20autor%20de%20homicidio%20ocurrido%20en%20enero%20del%20a%C3%B1o%202023' aria-hidden='false' data-av_icon='\ue8f3' data-av_iconfont='entypo-fontello' title='' data-avia-related-tooltip='Compartir en Facebook' rel=\"noopener\"><span class='avia_hidden_link_text'>Compartir en Facebook<\/span><\/a><\/li><li class='av-share-link av-social-link-twitter' ><a target=\"_blank\" aria-label=\"Compartir en Twitter\" href='https:\/\/twitter.com\/share?text=Coyhaique%3A%20Fiscal%C3%ADa%20logra%2014%20a%C3%B1os%20de%20condena%20para%20autor%20de%20homicidio%20ocurrido%20en%20enero%20del%20a%C3%B1o%202023&#038;url=https:\/\/radiorevelacionfm.cl\/?p=47757' aria-hidden='false' data-av_icon='\ue8f1' data-av_iconfont='entypo-fontello' title='' data-avia-related-tooltip='Compartir en Twitter' rel=\"noopener\"><span class='avia_hidden_link_text'>Compartir en Twitter<\/span><\/a><\/li><li class='av-share-link av-social-link-whatsapp' ><a target=\"_blank\" aria-label=\"Compartir en Whatsapp\" href='https:\/\/api.whatsapp.com\/send?text=https:\/\/radiorevelacionfm.cl\/?p=47757' aria-hidden='false' data-av_icon='\uf232' data-av_iconfont='entypo-fontello' title='' data-avia-related-tooltip='Compartir en Whatsapp' rel=\"noopener\"><span class='avia_hidden_link_text'>Compartir en Whatsapp<\/span><\/a><\/li><li class='av-share-link av-social-link-linkedin' ><a target=\"_blank\" aria-label=\"Compartir en LinkedIn\" href='https:\/\/linkedin.com\/shareArticle?mini=true&#038;title=Coyhaique%3A%20Fiscal%C3%ADa%20logra%2014%20a%C3%B1os%20de%20condena%20para%20autor%20de%20homicidio%20ocurrido%20en%20enero%20del%20a%C3%B1o%202023&#038;url=https:\/\/radiorevelacionfm.cl\/?p=47757' aria-hidden='false' data-av_icon='\ue8fc' data-av_iconfont='entypo-fontello' title='' data-avia-related-tooltip='Compartir en LinkedIn' rel=\"noopener\"><span class='avia_hidden_link_text'>Compartir en LinkedIn<\/span><\/a><\/li><li class='av-share-link av-social-link-mail' ><a  aria-label=\"Compartir por correo\" href='mailto:?subject=Coyhaique%3A%20Fiscal%C3%ADa%20logra%2014%20a%C3%B1os%20de%20condena%20para%20autor%20de%20homicidio%20ocurrido%20en%20enero%20del%20a%C3%B1o%202023&#038;body=https:\/\/radiorevelacionfm.cl\/?p=47757' aria-hidden='false' data-av_icon='\ue805' data-av_iconfont='entypo-fontello' title='' data-avia-related-tooltip='Compartir por correo'><span class='avia_hidden_link_text'>Compartir por correo<\/span><\/a><\/li><\/ul><\/div><\/div>\n<div  style='height:50px' class='hr hr-invisible   avia-builder-el-8  el_after_av_social_share  el_before_av_comments_list '><span class='hr-inner ' ><span class='hr-inner-style'><\/span><\/span><\/div>\n<div  class='av-buildercomment  av-blog-meta-html-info-disabled av-blog-meta-tag-disabled  '><\/div>\n","protected":false},"excerpt":{"rendered":"","protected":false},"author":1,"featured_media":38114,"comment_status":"open","ping_status":"open","sticky":false,"template":"","format":"standard","meta":{"footnotes":""},"categories":[55],"tags":[],"class_list":["post-47757","post","type-post","status-publish","format-standard","has-post-thumbnail","hentry","category-justicia"],"jetpack_featured_media_url":"https:\/\/radiorevelacionfm.cl\/wp-content\/uploads\/2023\/12\/Fiscalia3-1-1.jpeg","_links":{"self":[{"href":"https:\/\/radiorevelacionfm.cl\/index.php?rest_route=\/wp\/v2\/posts\/47757","targetHints":{"allow":["GET"]}}],"collection":[{"href":"https:\/\/radiorevelacionfm.cl\/index.php?rest_route=\/wp\/v2\/posts"}],"about":[{"href":"https:\/\/radiorevelacionfm.cl\/index.php?rest_route=\/wp\/v2\/types\/post"}],"author":[{"embeddable":true,"href":"https:\/\/radiorevelacionfm.cl\/index.php?rest_route=\/wp\/v2\/users\/1"}],"replies":[{"embeddable":true,"href":"https:\/\/radiorevelacionfm.cl\/index.php?rest_route=%2Fwp%2Fv2%2Fcomments&post=47757"}],"version-history":[{"count":1,"href":"https:\/\/radiorevelacionfm.cl\/index.php?rest_route=\/wp\/v2\/posts\/47757\/revisions"}],"predecessor-version":[{"id":47758,"href":"https:\/\/radiorevelacionfm.cl\/index.php?rest_route=\/wp\/v2\/posts\/47757\/revisions\/47758"}],"wp:featuredmedia":[{"embeddable":true,"href":"https:\/\/radiorevelacionfm.cl\/index.php?rest_route=\/wp\/v2\/media\/38114"}],"wp:attachment":[{"href":"https:\/\/radiorevelacionfm.cl\/index.php?rest_route=%2Fwp%2Fv2%2Fmedia&parent=47757"}],"wp:term":[{"taxonomy":"category","embeddable":true,"href":"https:\/\/radiorevelacionfm.cl\/index.php?rest_route=%2Fwp%2Fv2%2Fcategories&post=47757"},{"taxonomy":"post_tag","embeddable":true,"href":"https:\/\/radiorevelacionfm.cl\/index.php?rest_route=%2Fwp%2Fv2%2Ftags&post=47757"}],"curies":[{"name":"wp","href":"https:\/\/api.w.org\/{rel}","templated":true}]}}