{"id":47754,"date":"2024-11-06T10:10:01","date_gmt":"2024-11-06T13:10:01","guid":{"rendered":"https:\/\/radiorevelacionfm.cl\/?p=47754"},"modified":"2024-11-06T10:10:01","modified_gmt":"2024-11-06T13:10:01","slug":"diputada-raphael-solicita-acciones-concretas-al-gobierno-ante-brechas-en-atencion-del-cancer-de-mama-entre-sector-publico-y-privado","status":"publish","type":"post","link":"https:\/\/radiorevelacionfm.cl\/?p=47754","title":{"rendered":"Diputada Raphael solicita acciones concretas al Gobierno ante brechas en atenci\u00f3n del c\u00e1ncer de mama entre sector p\u00fablico y privado"},"content":{"rendered":"<div class=\"flex_column av_one_full  flex_column_div av-zero-column-padding first  avia-builder-el-0  el_before_av_one_full  avia-builder-el-first  \" style='border-radius:0px; '><div  class='avia-image-container  av-styling-    avia-builder-el-1  avia-builder-el-no-sibling  avia-align-center '  itemprop=\"image\" itemscope=\"itemscope\" itemtype=\"https:\/\/schema.org\/ImageObject\"  ><div class='avia-image-container-inner'><div class='avia-image-overlay-wrap'><img decoding=\"async\" class='wp-image-47755 avia-img-lazy-loading-not-47755 avia_image' src=\"https:\/\/radiorevelacionfm.cl\/wp-content\/uploads\/2024\/11\/Diputada-Marcia-Raphael-3-2-2.jpeg\" alt='' title='Diputada Marcia Raphael (3)-2-2' height=\"710\" width=\"806\"  itemprop=\"thumbnailUrl\" srcset=\"https:\/\/radiorevelacionfm.cl\/wp-content\/uploads\/2024\/11\/Diputada-Marcia-Raphael-3-2-2.jpeg 806w, https:\/\/radiorevelacionfm.cl\/wp-content\/uploads\/2024\/11\/Diputada-Marcia-Raphael-3-2-2-300x264.jpeg 300w, https:\/\/radiorevelacionfm.cl\/wp-content\/uploads\/2024\/11\/Diputada-Marcia-Raphael-3-2-2-768x677.jpeg 768w, https:\/\/radiorevelacionfm.cl\/wp-content\/uploads\/2024\/11\/Diputada-Marcia-Raphael-3-2-2-705x621.jpeg 705w, https:\/\/radiorevelacionfm.cl\/wp-content\/uploads\/2024\/11\/Diputada-Marcia-Raphael-3-2-2-450x396.jpeg 450w, https:\/\/radiorevelacionfm.cl\/wp-content\/uploads\/2024\/11\/Diputada-Marcia-Raphael-3-2-2-600x529.jpeg 600w\" sizes=\"(max-width: 806px) 100vw, 806px\" \/><\/div><\/div><\/div><\/div><div class=\"flex_column av_one_full  flex_column_div av-zero-column-padding first  avia-builder-el-2  el_after_av_one_full  el_before_av_one_full  column-top-margin\" style='border-radius:0px; '><section class=\"av_textblock_section \"  itemscope=\"itemscope\" itemtype=\"https:\/\/schema.org\/BlogPosting\" itemprop=\"blogPost\" ><div class='avia_textblock  '   itemprop=\"text\" ><p style=\"text-align: center;\"><span style=\"font-size: 18pt;\"><strong>Diputada Raphael solicita acciones concretas al Gobierno ante brechas en atenci\u00f3n del c\u00e1ncer de mama entre sector p\u00fablico y privado<\/strong><\/span><\/p>\n<div id=\"gtx-trans\" style=\"position: absolute; left: -50px; top: 4.31534px;\">\n<div class=\"gtx-trans-icon\"><\/div>\n<\/div>\n<\/div><\/section><\/div><div class=\"flex_column av_one_full  flex_column_div av-zero-column-padding first  avia-builder-el-4  el_after_av_one_full  el_before_av_hr  column-top-margin\" style='border-radius:0px; '><section class=\"av_textblock_section \"  itemscope=\"itemscope\" itemtype=\"https:\/\/schema.org\/BlogPosting\" itemprop=\"blogPost\" ><div class='avia_textblock  '   itemprop=\"text\" ><p style=\"text-align: justify;\">La legisladora por la Regi\u00f3n de Ays\u00e9n, Marcia Raphael Mora ha denunciado las enormes diferencias en la atenci\u00f3n y el acceso a tratamientos oportunos a mujeres que est\u00e1n cursando c\u00e1ncer de mama, dependiendo esto de la previsi\u00f3n de salud que tengan las mujeres.<\/p>\n<p style=\"text-align: justify;\">De acuerdo a informaci\u00f3n recabada seg\u00fan datos de diversos centros de estudios, las mujeres que pertenecen a FONASA, tienen mayores tiempos de espera y un acceso limitado a tratamientos innovadores, en contraste con la realidad que se vive en el sistema privado, en donde existe una mejor capacidad de respuesta y acceso a mejores tratamientos.<\/p>\n<p style=\"text-align: justify;\">Seg\u00fan datos publicados por el Ministerio de la Mujer y Equidad de G\u00e9nero, 2.263 mujeres fallecieron durante 2023 a causa del c\u00e1ncer de mama, que corresponde a la cifra m\u00e1s alta que se tenga registro en la historia de Chile, lo que se suma a los m\u00e1s de 7.500 casos detectados dentro del a\u00f1o mencionado.<\/p>\n<p style=\"text-align: justify;\">Por la anterior, la legisladora por la Regi\u00f3n de Ays\u00e9n, ha oficiado al Ministerio de Salud para que rinda cuenta sobre las gestiones a nivel nacional y regional,\u00a0 que busquen\u00a0 promover la educaci\u00f3n sobre factores de riesgo del c\u00e1ncer de mama entre las mujeres j\u00f3venes; campa\u00f1as de concientizaci\u00f3n en escuelas; protocolos para la detecci\u00f3n precoz; cifras de incidencia; acceso a estudios gen\u00e9ticos; mejora en la cobertura de chequeos y tratamientos; recursos destinados a investigaci\u00f3n; y medidas de apoyo espec\u00edficas para mujeres j\u00f3venes diagnosticadas.<\/p>\n<p style=\"text-align: justify;\">El c\u00e1ncer de mama sigue siendo la primera causa de muerte dentro de las mujeres en nuestro pa\u00eds. Por lo que resulta urgente avanzar en una mayor cobertura, que permita poder detectar a tiempo los casos, lo que sin duda aportar\u00e1 a tener mayor esperanza de vida para las mujeres. Lo que se suma a la relevancia de tener un sistema de salud justo, que no siga haciendo diferencias entre mujeres que pertenecen a Fonasa y las que se encuentran en ISAPRE. Ac\u00e1 estamos hablando de resguardar la vida de la poblaci\u00f3n y lamentablemente las listas de espera siguen aumentando\u201d, sentenci\u00f3 Raphael.<\/p>\n<\/div><\/section><\/div><div  style='height:50px' class='hr hr-invisible   avia-builder-el-6  el_after_av_one_full  el_before_av_social_share '><span class='hr-inner ' ><span class='hr-inner-style'><\/span><\/span><\/div><\/p>\n<div  class='av-social-sharing-box  avia-builder-el-7  el_after_av_hr  el_before_av_hr  '><div class='av-share-box'><h5 class='av-share-link-description av-no-toc '>Compartir esta noticia<\/h5><ul class='av-share-box-list noLightbox'><li class='av-share-link av-social-link-facebook' ><a target=\"_blank\" aria-label=\"Compartir en Facebook\" href='https:\/\/www.facebook.com\/sharer.php?u=https:\/\/radiorevelacionfm.cl\/?p=47754&#038;t=Diputada%20Raphael%20solicita%20acciones%20concretas%20al%20Gobierno%20ante%20brechas%20en%20atenci%C3%B3n%20del%20c%C3%A1ncer%20de%20mama%20entre%20sector%20p%C3%BAblico%20y%20privado' aria-hidden='false' data-av_icon='\ue8f3' data-av_iconfont='entypo-fontello' title='' data-avia-related-tooltip='Compartir en Facebook' rel=\"noopener\"><span class='avia_hidden_link_text'>Compartir en Facebook<\/span><\/a><\/li><li class='av-share-link av-social-link-twitter' ><a target=\"_blank\" aria-label=\"Compartir en Twitter\" href='https:\/\/twitter.com\/share?text=Diputada%20Raphael%20solicita%20acciones%20concretas%20al%20Gobierno%20ante%20brechas%20en%20atenci%C3%B3n%20del%20c%C3%A1ncer%20de%20mama%20entre%20sector%20p%C3%BAblico%20y%20privado&#038;url=https:\/\/radiorevelacionfm.cl\/?p=47754' aria-hidden='false' data-av_icon='\ue8f1' data-av_iconfont='entypo-fontello' title='' data-avia-related-tooltip='Compartir en Twitter' rel=\"noopener\"><span class='avia_hidden_link_text'>Compartir en Twitter<\/span><\/a><\/li><li class='av-share-link av-social-link-whatsapp' ><a target=\"_blank\" aria-label=\"Compartir en Whatsapp\" href='https:\/\/api.whatsapp.com\/send?text=https:\/\/radiorevelacionfm.cl\/?p=47754' aria-hidden='false' data-av_icon='\uf232' data-av_iconfont='entypo-fontello' title='' data-avia-related-tooltip='Compartir en Whatsapp' rel=\"noopener\"><span class='avia_hidden_link_text'>Compartir en Whatsapp<\/span><\/a><\/li><li class='av-share-link av-social-link-linkedin' ><a target=\"_blank\" aria-label=\"Compartir en LinkedIn\" href='https:\/\/linkedin.com\/shareArticle?mini=true&#038;title=Diputada%20Raphael%20solicita%20acciones%20concretas%20al%20Gobierno%20ante%20brechas%20en%20atenci%C3%B3n%20del%20c%C3%A1ncer%20de%20mama%20entre%20sector%20p%C3%BAblico%20y%20privado&#038;url=https:\/\/radiorevelacionfm.cl\/?p=47754' aria-hidden='false' data-av_icon='\ue8fc' data-av_iconfont='entypo-fontello' title='' data-avia-related-tooltip='Compartir en LinkedIn' rel=\"noopener\"><span class='avia_hidden_link_text'>Compartir en LinkedIn<\/span><\/a><\/li><li class='av-share-link av-social-link-mail' ><a  aria-label=\"Compartir por correo\" href='mailto:?subject=Diputada%20Raphael%20solicita%20acciones%20concretas%20al%20Gobierno%20ante%20brechas%20en%20atenci%C3%B3n%20del%20c%C3%A1ncer%20de%20mama%20entre%20sector%20p%C3%BAblico%20y%20privado&#038;body=https:\/\/radiorevelacionfm.cl\/?p=47754' aria-hidden='false' data-av_icon='\ue805' data-av_iconfont='entypo-fontello' title='' data-avia-related-tooltip='Compartir por correo'><span class='avia_hidden_link_text'>Compartir por correo<\/span><\/a><\/li><\/ul><\/div><\/div>\n<div  style='height:50px' class='hr hr-invisible   avia-builder-el-8  el_after_av_social_share  el_before_av_comments_list '><span class='hr-inner ' ><span class='hr-inner-style'><\/span><\/span><\/div>\n<div  class='av-buildercomment  av-blog-meta-html-info-disabled av-blog-meta-tag-disabled  '><\/div>\n","protected":false},"excerpt":{"rendered":"","protected":false},"author":1,"featured_media":47755,"comment_status":"open","ping_status":"open","sticky":false,"template":"","format":"standard","meta":{"footnotes":""},"categories":[38],"tags":[],"class_list":["post-47754","post","type-post","status-publish","format-standard","has-post-thumbnail","hentry","category-regional"],"jetpack_featured_media_url":"https:\/\/radiorevelacionfm.cl\/wp-content\/uploads\/2024\/11\/Diputada-Marcia-Raphael-3-2-2.jpeg","_links":{"self":[{"href":"https:\/\/radiorevelacionfm.cl\/index.php?rest_route=\/wp\/v2\/posts\/47754","targetHints":{"allow":["GET"]}}],"collection":[{"href":"https:\/\/radiorevelacionfm.cl\/index.php?rest_route=\/wp\/v2\/posts"}],"about":[{"href":"https:\/\/radiorevelacionfm.cl\/index.php?rest_route=\/wp\/v2\/types\/post"}],"author":[{"embeddable":true,"href":"https:\/\/radiorevelacionfm.cl\/index.php?rest_route=\/wp\/v2\/users\/1"}],"replies":[{"embeddable":true,"href":"https:\/\/radiorevelacionfm.cl\/index.php?rest_route=%2Fwp%2Fv2%2Fcomments&post=47754"}],"version-history":[{"count":1,"href":"https:\/\/radiorevelacionfm.cl\/index.php?rest_route=\/wp\/v2\/posts\/47754\/revisions"}],"predecessor-version":[{"id":47756,"href":"https:\/\/radiorevelacionfm.cl\/index.php?rest_route=\/wp\/v2\/posts\/47754\/revisions\/47756"}],"wp:featuredmedia":[{"embeddable":true,"href":"https:\/\/radiorevelacionfm.cl\/index.php?rest_route=\/wp\/v2\/media\/47755"}],"wp:attachment":[{"href":"https:\/\/radiorevelacionfm.cl\/index.php?rest_route=%2Fwp%2Fv2%2Fmedia&parent=47754"}],"wp:term":[{"taxonomy":"category","embeddable":true,"href":"https:\/\/radiorevelacionfm.cl\/index.php?rest_route=%2Fwp%2Fv2%2Fcategories&post=47754"},{"taxonomy":"post_tag","embeddable":true,"href":"https:\/\/radiorevelacionfm.cl\/index.php?rest_route=%2Fwp%2Fv2%2Ftags&post=47754"}],"curies":[{"name":"wp","href":"https:\/\/api.w.org\/{rel}","templated":true}]}}