{"id":47751,"date":"2024-11-06T13:17:49","date_gmt":"2024-11-06T16:17:49","guid":{"rendered":"https:\/\/radiorevelacionfm.cl\/?p=47751"},"modified":"2024-11-06T13:17:49","modified_gmt":"2024-11-06T16:17:49","slug":"proyecto-ita-pone-en-valor-la-innovacion-en-el-turismo-de-aysen","status":"publish","type":"post","link":"https:\/\/radiorevelacionfm.cl\/?p=47751","title":{"rendered":"Proyecto ITA pone en valor la innovaci\u00f3n en el turismo de Ays\u00e9n"},"content":{"rendered":"<div class=\"flex_column av_one_full  flex_column_div av-zero-column-padding first  avia-builder-el-0  el_before_av_one_full  avia-builder-el-first  \" style='border-radius:0px; '><div  class='avia-image-container  av-styling-    avia-builder-el-1  avia-builder-el-no-sibling  avia-align-center '  itemprop=\"image\" itemscope=\"itemscope\" itemtype=\"https:\/\/schema.org\/ImageObject\"  ><div class='avia-image-container-inner'><div class='avia-image-overlay-wrap'><img decoding=\"async\" class='wp-image-47752 avia-img-lazy-loading-not-47752 avia_image' src=\"https:\/\/radiorevelacionfm.cl\/wp-content\/uploads\/2024\/11\/02-ITA-Aysen-1-1.jpeg\" alt='' title='02 ITA Ays\u00e9n (1) (1)' height=\"600\" width=\"800\"  itemprop=\"thumbnailUrl\" srcset=\"https:\/\/radiorevelacionfm.cl\/wp-content\/uploads\/2024\/11\/02-ITA-Aysen-1-1.jpeg 800w, https:\/\/radiorevelacionfm.cl\/wp-content\/uploads\/2024\/11\/02-ITA-Aysen-1-1-300x225.jpeg 300w, https:\/\/radiorevelacionfm.cl\/wp-content\/uploads\/2024\/11\/02-ITA-Aysen-1-1-768x576.jpeg 768w, https:\/\/radiorevelacionfm.cl\/wp-content\/uploads\/2024\/11\/02-ITA-Aysen-1-1-705x529.jpeg 705w, https:\/\/radiorevelacionfm.cl\/wp-content\/uploads\/2024\/11\/02-ITA-Aysen-1-1-450x338.jpeg 450w, https:\/\/radiorevelacionfm.cl\/wp-content\/uploads\/2024\/11\/02-ITA-Aysen-1-1-600x450.jpeg 600w\" sizes=\"(max-width: 800px) 100vw, 800px\" \/><\/div><\/div><\/div><\/div><div class=\"flex_column av_one_full  flex_column_div av-zero-column-padding first  avia-builder-el-2  el_after_av_one_full  el_before_av_one_full  column-top-margin\" style='border-radius:0px; '><section class=\"av_textblock_section \"  itemscope=\"itemscope\" itemtype=\"https:\/\/schema.org\/BlogPosting\" itemprop=\"blogPost\" ><div class='avia_textblock  '   itemprop=\"text\" ><p style=\"text-align: center;\"><span style=\"font-size: 18pt;\"><b>Proyecto ITA pone en valor la innovaci\u00f3n en el turismo de Ays\u00e9n<\/b><\/span><\/p>\n<div id=\"gtx-trans\" style=\"position: absolute; left: -50px; top: 4.31534px;\">\n<div class=\"gtx-trans-icon\"><\/div>\n<\/div>\n<\/div><\/section><\/div><div class=\"flex_column av_one_full  flex_column_div av-zero-column-padding first  avia-builder-el-4  el_after_av_one_full  el_before_av_hr  column-top-margin\" style='border-radius:0px; '><section class=\"av_textblock_section \"  itemscope=\"itemscope\" itemtype=\"https:\/\/schema.org\/BlogPosting\" itemprop=\"blogPost\" ><div class='avia_textblock  '   itemprop=\"text\" ><p style=\"font-weight: 400; text-align: justify;\"><em>Treinta emprendedores locales presentaron sus proyectos en el cierre del programa Viraliza de Corfo Turismo ITA, impulsando el desarrollo sostenible en la regi\u00f3n.<\/em><\/p>\n<p style=\"font-weight: 400; text-align: justify;\">Con un evento cargado de entusiasmo y creatividad, el proyecto ITA &#8211; Innova Turismo Ays\u00e9n, cofinanciado por Corfo y la empresa aysenina Geogama y ejecutado por Ecoterr\u00e1neo Cowork, culmin\u00f3 con un exitoso Demo Day, un hito en el desarrollo del turismo local.<\/p>\n<p style=\"font-weight: 400; text-align: justify;\">En el evento, 30 emprendedores de la regi\u00f3n presentaron sus modelos de negocio a trav\u00e9s de pitches de 90 segundos ante un jurado especializado compuesto por \u00c1lvaro Salin, gerente de PER Turismo Ays\u00e9n; Diego C\u00e1rcamo, representante de Sernatur; y Marcela Vidal, gerente de Ecoterr\u00e1neo. Los tres proyectos con mejor evaluaci\u00f3n fueron seleccionados para participar en la feria Aysentido, organizada por Sernatur y que se llevar\u00e1 a cabo el 5 y 6 de noviembre en Coyhaique.<\/p>\n<p style=\"font-weight: 400; text-align: justify;\">La jornada comenz\u00f3 con una presentaci\u00f3n del programa ITA, en la que se ofrecieron charlas inspiradoras sobre sostenibilidad, turismo de aventura y bienestar. A continuaci\u00f3n, se desarroll\u00f3 una sesi\u00f3n de formaci\u00f3n dise\u00f1ada para fortalecer sus habilidades en la identificaci\u00f3n de necesidades, la creaci\u00f3n de propuestas de valor y el desarrollo de modelos de negocio.<\/p>\n<p style=\"font-weight: 400; text-align: justify;\">Humberto Mar\u00edn Leiva, director de Corfo Ays\u00e9n, destac\u00f3 el impacto del proyecto ITA en el territorio. \u201c\u201cEs una iniciativa destinada a fortalecer el emprendimiento y la innovaci\u00f3n en un sector clave para la regi\u00f3n: el turismo. Hoy, ITA nos convoca para que los distintos emprendimientos muestren sus resultados, y para Corfo es fundamental, ya que se alinea con nuestros ejes transversales en uno de los sectores m\u00e1s competitivos de nuestra regi\u00f3n\u201d.<\/p>\n<p style=\"font-weight: 400; text-align: justify;\">Por su parte, el Seremi de Econom\u00eda, Felipe Rojas, reafirm\u00f3 el compromiso regional con el turismo y su rol en el desarrollo local. \u201cSabemos que una de las vocaciones productivas de la regi\u00f3n de Ays\u00e9n es el turismo. Las comunidades, apoyadas por Corfo y Ecoterr\u00e1neo, tienen una gran oportunidad de avanzar hacia un mejor desarrollo regional.\u201d<\/p>\n<p style=\"font-weight: 400; text-align: justify;\">Los testimonios de los emprendedores reflejaron el impacto positivo del programa. Pedro Vial Cosmelli, participante del Demo Day, coment\u00f3: \u201cUna hermosa experiencia conocer a todos aquellos que est\u00e1n proponiendo ideas nuevas. Los contenidos del programa me ayudaron a estructurar y fortalecer mi proyecto, lo cual valoro enormemente.\u201d<\/p>\n<p style=\"font-weight: 400; text-align: justify;\">Sandra C\u00e1rcamo, quien obtuvo el segundo lugar con su proyecto Bicitour, tambi\u00e9n comparti\u00f3 su experiencia. \u201cEsta es la segunda incubadora en la que participo\u00a0y puedo decir con orgullo que aqu\u00ed en Ecoterr\u00e1neo naci\u00f3 nuestra idea. En menos de un a\u00f1o, nuestro negocio se ha materializado y hoy Bicitour es una realidad. Estoy muy agradecida por la calidad y profesionalismo del equipo de Ecoterr\u00e1neo.\u201d<\/p>\n<p style=\"font-weight: 400; text-align: justify;\">La culminaci\u00f3n de Viraliza Turismo ITA representa un avance importante en el fortalecimiento del turismo en Ays\u00e9n, impulsando la innovaci\u00f3n y posicionando a los emprendedores locales como actores clave del desarrollo sostenible en la regi\u00f3n.<\/p>\n<\/div><\/section><\/div><div  style='height:50px' class='hr hr-invisible   avia-builder-el-6  el_after_av_one_full  el_before_av_social_share '><span class='hr-inner ' ><span class='hr-inner-style'><\/span><\/span><\/div><\/p>\n<div  class='av-social-sharing-box  avia-builder-el-7  el_after_av_hr  el_before_av_hr  '><div class='av-share-box'><h5 class='av-share-link-description av-no-toc '>Compartir esta noticia<\/h5><ul class='av-share-box-list noLightbox'><li class='av-share-link av-social-link-facebook' ><a target=\"_blank\" aria-label=\"Compartir en Facebook\" href='https:\/\/www.facebook.com\/sharer.php?u=https:\/\/radiorevelacionfm.cl\/?p=47751&#038;t=Proyecto%20ITA%20pone%20en%20valor%20la%20innovaci%C3%B3n%20en%20el%20turismo%20de%20Ays%C3%A9n' aria-hidden='false' data-av_icon='\ue8f3' data-av_iconfont='entypo-fontello' title='' data-avia-related-tooltip='Compartir en Facebook' rel=\"noopener\"><span class='avia_hidden_link_text'>Compartir en Facebook<\/span><\/a><\/li><li class='av-share-link av-social-link-twitter' ><a target=\"_blank\" aria-label=\"Compartir en Twitter\" href='https:\/\/twitter.com\/share?text=Proyecto%20ITA%20pone%20en%20valor%20la%20innovaci%C3%B3n%20en%20el%20turismo%20de%20Ays%C3%A9n&#038;url=https:\/\/radiorevelacionfm.cl\/?p=47751' aria-hidden='false' data-av_icon='\ue8f1' data-av_iconfont='entypo-fontello' title='' data-avia-related-tooltip='Compartir en Twitter' rel=\"noopener\"><span class='avia_hidden_link_text'>Compartir en Twitter<\/span><\/a><\/li><li class='av-share-link av-social-link-whatsapp' ><a target=\"_blank\" aria-label=\"Compartir en Whatsapp\" href='https:\/\/api.whatsapp.com\/send?text=https:\/\/radiorevelacionfm.cl\/?p=47751' aria-hidden='false' data-av_icon='\uf232' data-av_iconfont='entypo-fontello' title='' data-avia-related-tooltip='Compartir en Whatsapp' rel=\"noopener\"><span class='avia_hidden_link_text'>Compartir en Whatsapp<\/span><\/a><\/li><li class='av-share-link av-social-link-linkedin' ><a target=\"_blank\" aria-label=\"Compartir en LinkedIn\" href='https:\/\/linkedin.com\/shareArticle?mini=true&#038;title=Proyecto%20ITA%20pone%20en%20valor%20la%20innovaci%C3%B3n%20en%20el%20turismo%20de%20Ays%C3%A9n&#038;url=https:\/\/radiorevelacionfm.cl\/?p=47751' aria-hidden='false' data-av_icon='\ue8fc' data-av_iconfont='entypo-fontello' title='' data-avia-related-tooltip='Compartir en LinkedIn' rel=\"noopener\"><span class='avia_hidden_link_text'>Compartir en LinkedIn<\/span><\/a><\/li><li class='av-share-link av-social-link-mail' ><a  aria-label=\"Compartir por correo\" href='mailto:?subject=Proyecto%20ITA%20pone%20en%20valor%20la%20innovaci%C3%B3n%20en%20el%20turismo%20de%20Ays%C3%A9n&#038;body=https:\/\/radiorevelacionfm.cl\/?p=47751' aria-hidden='false' data-av_icon='\ue805' data-av_iconfont='entypo-fontello' title='' data-avia-related-tooltip='Compartir por correo'><span class='avia_hidden_link_text'>Compartir por correo<\/span><\/a><\/li><\/ul><\/div><\/div>\n<div  style='height:50px' class='hr hr-invisible   avia-builder-el-8  el_after_av_social_share  el_before_av_comments_list '><span class='hr-inner ' ><span class='hr-inner-style'><\/span><\/span><\/div>\n<div  class='av-buildercomment  av-blog-meta-html-info-disabled av-blog-meta-tag-disabled  '><\/div>\n","protected":false},"excerpt":{"rendered":"","protected":false},"author":1,"featured_media":47752,"comment_status":"open","ping_status":"open","sticky":false,"template":"","format":"standard","meta":{"footnotes":""},"categories":[54],"tags":[],"class_list":["post-47751","post","type-post","status-publish","format-standard","has-post-thumbnail","hentry","category-turismo"],"jetpack_featured_media_url":"https:\/\/radiorevelacionfm.cl\/wp-content\/uploads\/2024\/11\/02-ITA-Aysen-1-1.jpeg","_links":{"self":[{"href":"https:\/\/radiorevelacionfm.cl\/index.php?rest_route=\/wp\/v2\/posts\/47751","targetHints":{"allow":["GET"]}}],"collection":[{"href":"https:\/\/radiorevelacionfm.cl\/index.php?rest_route=\/wp\/v2\/posts"}],"about":[{"href":"https:\/\/radiorevelacionfm.cl\/index.php?rest_route=\/wp\/v2\/types\/post"}],"author":[{"embeddable":true,"href":"https:\/\/radiorevelacionfm.cl\/index.php?rest_route=\/wp\/v2\/users\/1"}],"replies":[{"embeddable":true,"href":"https:\/\/radiorevelacionfm.cl\/index.php?rest_route=%2Fwp%2Fv2%2Fcomments&post=47751"}],"version-history":[{"count":1,"href":"https:\/\/radiorevelacionfm.cl\/index.php?rest_route=\/wp\/v2\/posts\/47751\/revisions"}],"predecessor-version":[{"id":47753,"href":"https:\/\/radiorevelacionfm.cl\/index.php?rest_route=\/wp\/v2\/posts\/47751\/revisions\/47753"}],"wp:featuredmedia":[{"embeddable":true,"href":"https:\/\/radiorevelacionfm.cl\/index.php?rest_route=\/wp\/v2\/media\/47752"}],"wp:attachment":[{"href":"https:\/\/radiorevelacionfm.cl\/index.php?rest_route=%2Fwp%2Fv2%2Fmedia&parent=47751"}],"wp:term":[{"taxonomy":"category","embeddable":true,"href":"https:\/\/radiorevelacionfm.cl\/index.php?rest_route=%2Fwp%2Fv2%2Fcategories&post=47751"},{"taxonomy":"post_tag","embeddable":true,"href":"https:\/\/radiorevelacionfm.cl\/index.php?rest_route=%2Fwp%2Fv2%2Ftags&post=47751"}],"curies":[{"name":"wp","href":"https:\/\/api.w.org\/{rel}","templated":true}]}}