{"id":47745,"date":"2024-11-06T12:55:21","date_gmt":"2024-11-06T15:55:21","guid":{"rendered":"https:\/\/radiorevelacionfm.cl\/?p=47745"},"modified":"2024-11-06T13:05:21","modified_gmt":"2024-11-06T16:05:21","slug":"aysen-revelado-cruza-el-continente-y-lleva-la-fotografia-analoga-a-comodoro-rivadavia","status":"publish","type":"post","link":"https:\/\/radiorevelacionfm.cl\/?p=47745","title":{"rendered":"Ays\u00e9n Revelado cruza el continente y lleva la fotograf\u00eda an\u00e1loga a Comodoro Rivadavia"},"content":{"rendered":"<div class=\"flex_column av_one_full  flex_column_div av-zero-column-padding first  avia-builder-el-0  el_before_av_one_full  avia-builder-el-first  \" style='border-radius:0px; '><div  class='avia-image-container  av-styling-    avia-builder-el-1  avia-builder-el-no-sibling  avia-align-center '  itemprop=\"image\" itemscope=\"itemscope\" itemtype=\"https:\/\/schema.org\/ImageObject\"  ><div class='avia-image-container-inner'><div class='avia-image-overlay-wrap'><img decoding=\"async\" class='wp-image-47746 avia-img-lazy-loading-not-47746 avia_image' src=\"https:\/\/radiorevelacionfm.cl\/wp-content\/uploads\/2024\/11\/digitales-taller_comodoro22-1-1.jpg\" alt='' title='digitales taller_comodoro22 (1) (1)' height=\"600\" width=\"900\"  itemprop=\"thumbnailUrl\" srcset=\"https:\/\/radiorevelacionfm.cl\/wp-content\/uploads\/2024\/11\/digitales-taller_comodoro22-1-1.jpg 900w, https:\/\/radiorevelacionfm.cl\/wp-content\/uploads\/2024\/11\/digitales-taller_comodoro22-1-1-300x200.jpg 300w, https:\/\/radiorevelacionfm.cl\/wp-content\/uploads\/2024\/11\/digitales-taller_comodoro22-1-1-768x512.jpg 768w, https:\/\/radiorevelacionfm.cl\/wp-content\/uploads\/2024\/11\/digitales-taller_comodoro22-1-1-705x470.jpg 705w, https:\/\/radiorevelacionfm.cl\/wp-content\/uploads\/2024\/11\/digitales-taller_comodoro22-1-1-450x300.jpg 450w, https:\/\/radiorevelacionfm.cl\/wp-content\/uploads\/2024\/11\/digitales-taller_comodoro22-1-1-600x400.jpg 600w\" sizes=\"(max-width: 900px) 100vw, 900px\" \/><\/div><\/div><\/div><\/div><div class=\"flex_column av_one_full  flex_column_div av-zero-column-padding first  avia-builder-el-2  el_after_av_one_full  el_before_av_one_full  column-top-margin\" style='border-radius:0px; '><section class=\"av_textblock_section \"  itemscope=\"itemscope\" itemtype=\"https:\/\/schema.org\/BlogPosting\" itemprop=\"blogPost\" ><div class='avia_textblock  '   itemprop=\"text\" ><p style=\"text-align: center;\"><span style=\"font-size: 18pt;\"><b>Ays\u00e9n Revelado cruza el continente y lleva la fotograf\u00eda an\u00e1loga a Comodoro Rivadavia<\/b><\/span><\/p>\n<div id=\"gtx-trans\" style=\"position: absolute; left: -50px; top: 4.31534px;\">\n<div class=\"gtx-trans-icon\"><\/div>\n<\/div>\n<\/div><\/section><\/div><div class=\"flex_column av_one_full  flex_column_div av-zero-column-padding first  avia-builder-el-4  el_after_av_one_full  el_before_av_hr  column-top-margin\" style='border-radius:0px; '><section class=\"av_textblock_section \"  itemscope=\"itemscope\" itemtype=\"https:\/\/schema.org\/BlogPosting\" itemprop=\"blogPost\" ><div class='avia_textblock  '   itemprop=\"text\" ><p style=\"text-align: justify;\">Durante 3 d\u00edas de trabajo, el periodista Rodrigo Campusano y la fonoaudi\u00f3loga Marisol S\u00e1nchez desarrollaron un taller de formaci\u00f3n en narrativa y fotograf\u00eda an\u00e1loga que titularon \u201cRevel\u00e1 tu propia historia: Taller de Fotonovela An\u00e1loga\u201d.<\/p>\n<p style=\"text-align: justify;\">Para dicha tarea, cargaron el laboratorio que el colectivo Ays\u00e9n Revelado tiene en Ogana y lo llevaron completo al puerto argentino de Comodoro Rivadavia en la Patagonia atl\u00e1ntica, a 440 kil\u00f3metros de Coyhaique.<\/p>\n<p style=\"text-align: justify;\">Rodrigo Campusano cuenta que \u201cnos invitaron desde la Secretar\u00eda de Cultura de Comodoro Rivadavia para ser parte de la programaci\u00f3n del 17\u00ba Festival de Cortometrajes Corto Rodado y nos embarcamos con nuestros qu\u00edmicos en esta aventura patagona. Venimos trabajando hace alg\u00fan tiempo para estrechar los v\u00ednculos y generar un corredor cultural entre ambas ciudades, algo que para m\u00ed suena natural por la cercan\u00eda f\u00edsica, pero tambi\u00e9n de identidad patagona y de la gran cantidad de chilenos viviendo all\u00e1 y de argentinos que habitan la Regi\u00f3n de Ays\u00e9n\u201d.<\/p>\n<p style=\"text-align: justify;\">Las 10 estudiantes que participaron pudieron no solo aprender t\u00e9cnicas narrativas, sino vivir la experiencia completa de tomar las fotograf\u00edas de la historia, revelar las pel\u00edculas y luego copiar los positivos con la antigua ampliadora checa Meopta Opemus 6 con la que trabaja Campusano desde 1999.<\/p>\n<p style=\"text-align: justify;\">Marisol S\u00e1nchez estuvo a cargo de la introducci\u00f3n a la narrativa y de la organizaci\u00f3n en terreno: \u201cPor primera vez llevamos a Comodoro Rivadavia un Taller de Fotonovela An\u00e1loga. Fue una experiencia inolvidable donde hubo mucha participaci\u00f3n de gente de todas las edades y de distintas \u00e1reas, donde tambi\u00e9n pudieron hacer un trabajo colectivo. En este proyecto hicimos una muestra final con 14 fotos an\u00e1logas en el Centro Cultural de Comodoro Rivadavia, acompa\u00f1ados de la narrativa que fuimos guiando paso a paso. Fueron las asistentes con sus familias y amigos, y estuvo muy bonito. Estoy muy agradecida de haber podido participar\u201d.<\/p>\n<p style=\"text-align: justify;\">Trinidad es estudiante de Tecnicatura Multimedios: \u201cMe interes\u00f3 much\u00edsimo todo lo que tenga que ver con estos qu\u00edmicos para poder revelar\u201d. Sara es fot\u00f3grafa de conciertos y quiso conocer de cerca los procesos an\u00e1logos: \u201cFue muy hermoso, me introduje desde muy chica en la fotograf\u00eda. Y nunca hab\u00eda rebelado fotograf\u00edas, es una cosa de otro mundo, algo muy m\u00e1gico\u201d.<\/p>\n<p style=\"text-align: justify;\">Ays\u00e9n Revelado desarrolla talleres de fotograf\u00eda an\u00e1loga gratuitos en sectores urbanos y rurales de la Regi\u00f3n de Ays\u00e9n, y pretenden regresar a Comodoro con nuevos cursos de formaci\u00f3n en 2025, tras el \u201ctremendo inter\u00e9s que despert\u00f3 la imagen qu\u00edmica\u201d, cierra Rodrigo.<\/p>\n<\/div><\/section><\/div><div  style='height:50px' class='hr hr-invisible   avia-builder-el-6  el_after_av_one_full  el_before_av_social_share '><span class='hr-inner ' ><span class='hr-inner-style'><\/span><\/span><\/div><\/p>\n<div  class='av-social-sharing-box  avia-builder-el-7  el_after_av_hr  el_before_av_hr  '><div class='av-share-box'><h5 class='av-share-link-description av-no-toc '>Compartir esta noticia<\/h5><ul class='av-share-box-list noLightbox'><li class='av-share-link av-social-link-facebook' ><a target=\"_blank\" aria-label=\"Compartir en Facebook\" href='https:\/\/www.facebook.com\/sharer.php?u=https:\/\/radiorevelacionfm.cl\/?p=47745&#038;t=Ays%C3%A9n%20Revelado%20cruza%20el%20continente%20y%20lleva%20la%20fotograf%C3%ADa%20an%C3%A1loga%20a%20Comodoro%20Rivadavia' aria-hidden='false' data-av_icon='\ue8f3' data-av_iconfont='entypo-fontello' title='' data-avia-related-tooltip='Compartir en Facebook' rel=\"noopener\"><span class='avia_hidden_link_text'>Compartir en Facebook<\/span><\/a><\/li><li class='av-share-link av-social-link-twitter' ><a target=\"_blank\" aria-label=\"Compartir en Twitter\" href='https:\/\/twitter.com\/share?text=Ays%C3%A9n%20Revelado%20cruza%20el%20continente%20y%20lleva%20la%20fotograf%C3%ADa%20an%C3%A1loga%20a%20Comodoro%20Rivadavia&#038;url=https:\/\/radiorevelacionfm.cl\/?p=47745' aria-hidden='false' data-av_icon='\ue8f1' data-av_iconfont='entypo-fontello' title='' data-avia-related-tooltip='Compartir en Twitter' rel=\"noopener\"><span class='avia_hidden_link_text'>Compartir en Twitter<\/span><\/a><\/li><li class='av-share-link av-social-link-whatsapp' ><a target=\"_blank\" aria-label=\"Compartir en Whatsapp\" href='https:\/\/api.whatsapp.com\/send?text=https:\/\/radiorevelacionfm.cl\/?p=47745' aria-hidden='false' data-av_icon='\uf232' data-av_iconfont='entypo-fontello' title='' data-avia-related-tooltip='Compartir en Whatsapp' rel=\"noopener\"><span class='avia_hidden_link_text'>Compartir en Whatsapp<\/span><\/a><\/li><li class='av-share-link av-social-link-linkedin' ><a target=\"_blank\" aria-label=\"Compartir en LinkedIn\" href='https:\/\/linkedin.com\/shareArticle?mini=true&#038;title=Ays%C3%A9n%20Revelado%20cruza%20el%20continente%20y%20lleva%20la%20fotograf%C3%ADa%20an%C3%A1loga%20a%20Comodoro%20Rivadavia&#038;url=https:\/\/radiorevelacionfm.cl\/?p=47745' aria-hidden='false' data-av_icon='\ue8fc' data-av_iconfont='entypo-fontello' title='' data-avia-related-tooltip='Compartir en LinkedIn' rel=\"noopener\"><span class='avia_hidden_link_text'>Compartir en LinkedIn<\/span><\/a><\/li><li class='av-share-link av-social-link-mail' ><a  aria-label=\"Compartir por correo\" href='mailto:?subject=Ays%C3%A9n%20Revelado%20cruza%20el%20continente%20y%20lleva%20la%20fotograf%C3%ADa%20an%C3%A1loga%20a%20Comodoro%20Rivadavia&#038;body=https:\/\/radiorevelacionfm.cl\/?p=47745' aria-hidden='false' data-av_icon='\ue805' data-av_iconfont='entypo-fontello' title='' data-avia-related-tooltip='Compartir por correo'><span class='avia_hidden_link_text'>Compartir por correo<\/span><\/a><\/li><\/ul><\/div><\/div>\n<div  style='height:50px' class='hr hr-invisible   avia-builder-el-8  el_after_av_social_share  el_before_av_comments_list '><span class='hr-inner ' ><span class='hr-inner-style'><\/span><\/span><\/div>\n<div  class='av-buildercomment  av-blog-meta-html-info-disabled av-blog-meta-tag-disabled  '><\/div>\n","protected":false},"excerpt":{"rendered":"","protected":false},"author":1,"featured_media":47746,"comment_status":"open","ping_status":"open","sticky":false,"template":"","format":"standard","meta":{"footnotes":""},"categories":[52],"tags":[],"class_list":["post-47745","post","type-post","status-publish","format-standard","has-post-thumbnail","hentry","category-cultura"],"jetpack_featured_media_url":"https:\/\/radiorevelacionfm.cl\/wp-content\/uploads\/2024\/11\/digitales-taller_comodoro22-1-1.jpg","_links":{"self":[{"href":"https:\/\/radiorevelacionfm.cl\/index.php?rest_route=\/wp\/v2\/posts\/47745","targetHints":{"allow":["GET"]}}],"collection":[{"href":"https:\/\/radiorevelacionfm.cl\/index.php?rest_route=\/wp\/v2\/posts"}],"about":[{"href":"https:\/\/radiorevelacionfm.cl\/index.php?rest_route=\/wp\/v2\/types\/post"}],"author":[{"embeddable":true,"href":"https:\/\/radiorevelacionfm.cl\/index.php?rest_route=\/wp\/v2\/users\/1"}],"replies":[{"embeddable":true,"href":"https:\/\/radiorevelacionfm.cl\/index.php?rest_route=%2Fwp%2Fv2%2Fcomments&post=47745"}],"version-history":[{"count":1,"href":"https:\/\/radiorevelacionfm.cl\/index.php?rest_route=\/wp\/v2\/posts\/47745\/revisions"}],"predecessor-version":[{"id":47747,"href":"https:\/\/radiorevelacionfm.cl\/index.php?rest_route=\/wp\/v2\/posts\/47745\/revisions\/47747"}],"wp:featuredmedia":[{"embeddable":true,"href":"https:\/\/radiorevelacionfm.cl\/index.php?rest_route=\/wp\/v2\/media\/47746"}],"wp:attachment":[{"href":"https:\/\/radiorevelacionfm.cl\/index.php?rest_route=%2Fwp%2Fv2%2Fmedia&parent=47745"}],"wp:term":[{"taxonomy":"category","embeddable":true,"href":"https:\/\/radiorevelacionfm.cl\/index.php?rest_route=%2Fwp%2Fv2%2Fcategories&post=47745"},{"taxonomy":"post_tag","embeddable":true,"href":"https:\/\/radiorevelacionfm.cl\/index.php?rest_route=%2Fwp%2Fv2%2Ftags&post=47745"}],"curies":[{"name":"wp","href":"https:\/\/api.w.org\/{rel}","templated":true}]}}