{"id":47742,"date":"2024-11-06T09:48:44","date_gmt":"2024-11-06T12:48:44","guid":{"rendered":"https:\/\/radiorevelacionfm.cl\/?p=47742"},"modified":"2024-11-06T13:06:01","modified_gmt":"2024-11-06T16:06:01","slug":"colocan-sello-chile-cuida-en-banco-estado-para-dar-atencion-preferente-a-personas-cuidadoras-de-la-region-de-aysen","status":"publish","type":"post","link":"https:\/\/radiorevelacionfm.cl\/?p=47742","title":{"rendered":"Colocan sello Chile Cuida en Banco Estado para dar atenci\u00f3n preferente a personas cuidadoras de la Regi\u00f3n de Ays\u00e9n"},"content":{"rendered":"<div class=\"flex_column av_one_full  flex_column_div av-zero-column-padding first  avia-builder-el-0  el_before_av_one_full  avia-builder-el-first  \" style='border-radius:0px; '><div  class='avia-image-container  av-styling-    avia-builder-el-1  avia-builder-el-no-sibling  avia-align-center '  itemprop=\"image\" itemscope=\"itemscope\" itemtype=\"https:\/\/schema.org\/ImageObject\"  ><div class='avia-image-container-inner'><div class='avia-image-overlay-wrap'><img decoding=\"async\" class='wp-image-47743 avia-img-lazy-loading-not-47743 avia_image' src=\"https:\/\/radiorevelacionfm.cl\/wp-content\/uploads\/2024\/11\/Fotogtrafia-1-1-1.jpeg\" alt='' title='Fotogtraf\u00eda 1 (1) (1)' height=\"600\" width=\"759\"  itemprop=\"thumbnailUrl\" srcset=\"https:\/\/radiorevelacionfm.cl\/wp-content\/uploads\/2024\/11\/Fotogtrafia-1-1-1.jpeg 759w, https:\/\/radiorevelacionfm.cl\/wp-content\/uploads\/2024\/11\/Fotogtrafia-1-1-1-300x237.jpeg 300w, https:\/\/radiorevelacionfm.cl\/wp-content\/uploads\/2024\/11\/Fotogtrafia-1-1-1-705x557.jpeg 705w, https:\/\/radiorevelacionfm.cl\/wp-content\/uploads\/2024\/11\/Fotogtrafia-1-1-1-450x356.jpeg 450w, https:\/\/radiorevelacionfm.cl\/wp-content\/uploads\/2024\/11\/Fotogtrafia-1-1-1-600x474.jpeg 600w\" sizes=\"(max-width: 759px) 100vw, 759px\" \/><\/div><\/div><\/div><\/div><div class=\"flex_column av_one_full  flex_column_div av-zero-column-padding first  avia-builder-el-2  el_after_av_one_full  el_before_av_one_full  column-top-margin\" style='border-radius:0px; '><section class=\"av_textblock_section \"  itemscope=\"itemscope\" itemtype=\"https:\/\/schema.org\/BlogPosting\" itemprop=\"blogPost\" ><div class='avia_textblock  '   itemprop=\"text\" ><p style=\"text-align: center;\"><span style=\"font-size: 18pt;\"><strong>Colocan sello Chile Cuida en Banco Estado para dar atenci\u00f3n preferente a personas cuidadoras de la Regi\u00f3n de Ays\u00e9n<\/strong><\/span><\/p>\n<div id=\"gtx-trans\" style=\"position: absolute; left: -50px; top: 4.31534px;\">\n<div class=\"gtx-trans-icon\"><\/div>\n<\/div>\n<\/div><\/section><\/div><div class=\"flex_column av_one_full  flex_column_div av-zero-column-padding first  avia-builder-el-4  el_after_av_one_full  el_before_av_hr  column-top-margin\" style='border-radius:0px; '><section class=\"av_textblock_section \"  itemscope=\"itemscope\" itemtype=\"https:\/\/schema.org\/BlogPosting\" itemprop=\"blogPost\" ><div class='avia_textblock  '   itemprop=\"text\" ><p><em>La Seremi de Desarrollo Social y Familia hizo hincapi\u00e9 en que el sello Chile Cuida, visibiliza y concientiza las labores de cuidados en la regi\u00f3n de Ays\u00e9n, destacando la labor del Instituto de Previsi\u00f3n Social en la entrega de la credencial y certificado que permite la atenci\u00f3n preferente en diferentes servicios del Estado.<\/em><\/p>\n<p style=\"text-align: justify;\">En el marco del 5 de noviembre, D\u00eda Internacional de las Personas Cuidadoras y cumpliendo con el compromiso de llegar con m\u00e1s beneficios a quienes ejercen esta labor, la Seremi de Desarrollo Social y Familia Karina Acevedo acompa\u00f1ada del director regional del Instituto de Previsi\u00f3n Social Rodrigo D\u00edaz entregaron el sello \u00abChile Cuida\u00bb al Banco Estado de Coyhaique.<\/p>\n<p style=\"text-align: justify;\">Este reconocimiento se otorga a las instituciones\u00a0que priorizan la atenci\u00f3n de personas cuidadoras y quienes requieren cuidados, con solo presentar su credencial. Para dar el vamos, estuvieron presentes Margot Barriga Subgerente regional de Banco Estado y Pablo Hern\u00e1ndez, Jefe de Plataforma de Personas.<\/p>\n<p style=\"text-align: justify;\">La atenci\u00f3n preferencial para personas cuidadoras que porten su credencial, es en las instituciones asociadas a la red Chile Cuida, as\u00ed detall\u00f3 la Seremi Karina Acevedo Auad \u201ccomo ya tenemos una pol\u00edtica de Apoyos y Cuidados, Chile Cuida que se instala en el pa\u00eds con mucha fuerza y nace de una demanda ciudadana, estamos promoviendo nuestra credencial que se obtiene en el registro social de hogares, dando sus datos en el m\u00f3dulo de cuidados y puede retirarse en el IPS. Y una excelente noticia es que Banco Estado se suma a las instituciones que colaboran entregando una atenci\u00f3n preferente a quienes cumplen el\u00a0rol de cuidadores, es por ello que estamos colocando este sello y nuestro llamado es a registrarse para acceder a los distintos beneficios destinados a quienes ejercen este rol de cuidados\u201d.<\/p>\n<p style=\"text-align: justify;\">Para Margot Barriga, Subgerente Regional Ays\u00e9n de Banco Estado, el poder formar parte como empresa del Estado de un sistema tan importante como Chile Cuida es un orgullo, m\u00e1s a\u00fan estar desde los inicios y contar con este sello que permite generar beneficios para un segmento tan importante de la sociedad. \u201cContarles que hemos participado de las mesas t\u00e9cnicas regionales y nacionales desde donde nace un protocolo que implica que las personas que cuenten con la credencial de cuidadoras y cuidadores se pueden acercar a nuestros vigilantes o anfitriones de cada una de nuestras oficinas, \u00a0quienes las van a recibir y llevar a los espacios de atenci\u00f3n de manera preferencial tanto en cajas, servicios atenci\u00f3n al cliente o a nuestras plataformas comerciales\u201d.<\/p>\n<p style=\"text-align: justify;\">A trav\u00e9s de un convenio de colaboraci\u00f3n entre el Instituto de Previsi\u00f3n Social con la red Chile Atiende y el Ministerio de Desarrollo Social y Familia, han podido acercar este requerimiento con la entrega de certificado y credencial para quienes cuidan a lo largo del territorio.<\/p>\n<p style=\"text-align: justify;\">As\u00ed lo destac\u00f3 el director regional Rodrigo D\u00edaz Cordaro, quien enfatiz\u00f3 en el despliegue que tienen en la regi\u00f3n de Ays\u00e9n \u201cNosotros ponemos a disposici\u00f3n las 5 sucursales que tenemos en Chile Chico, Cochrane, Puerto Cisnes, Puerto Ays\u00e9n y Coyhaique. Adem\u00e1s tenemos los puntos de Atenci\u00f3n Virtual Municipal\u00a0en Melinka, Puerto R\u00edo Tranquilo, Tortel, Villa O&#8217;Higgins, Villa La Tapera y Puyuhuapi.\u00a0Para que las personas que se registraron como personas cuidadoras en el Registro Social de Hogares puedan obtener el certificado que las acredita, como Instituto de Previsi\u00f3n Social somos quienes entregamos esta credencial y es muy importante poder seguir acercando el Estado a la gente\u201d.<\/p>\n<p style=\"text-align: justify;\">Es relevante mencionar que contar\u00e1n con el sello Chile Cuida las instituciones que son parte de esta red y que ofrecen atenci\u00f3n preferente tales como Correos de Chile, Banco Estado, Fonasa, Serviu, Senama, Chile Atiende \u2013 IPS, Registro Civil, Senadis y oficinas del Registro Social de Hogares en municipalidades, donde se debe presentar la credencial de persona cuidadora, la que se obtiene a trav\u00e9s de la inscripci\u00f3n en el Registro Social de Hogares en\u00a0<a href=\"http:\/\/www.registrosocial.gob.cl\/\">www.registrosocial.gob.cl<\/a>.<\/p>\n<\/div><\/section><\/div><div  style='height:50px' class='hr hr-invisible   avia-builder-el-6  el_after_av_one_full  el_before_av_social_share '><span class='hr-inner ' ><span class='hr-inner-style'><\/span><\/span><\/div><\/p>\n<div  class='av-social-sharing-box  avia-builder-el-7  el_after_av_hr  el_before_av_hr  '><div class='av-share-box'><h5 class='av-share-link-description av-no-toc '>Compartir esta noticia<\/h5><ul class='av-share-box-list noLightbox'><li class='av-share-link av-social-link-facebook' ><a target=\"_blank\" aria-label=\"Compartir en Facebook\" href='https:\/\/www.facebook.com\/sharer.php?u=https:\/\/radiorevelacionfm.cl\/?p=47742&#038;t=Colocan%20sello%20Chile%20Cuida%20en%20Banco%20Estado%20para%20dar%20atenci%C3%B3n%20preferente%20a%20personas%20cuidadoras%20de%20la%20Regi%C3%B3n%20de%20Ays%C3%A9n' aria-hidden='false' data-av_icon='\ue8f3' data-av_iconfont='entypo-fontello' title='' data-avia-related-tooltip='Compartir en Facebook' rel=\"noopener\"><span class='avia_hidden_link_text'>Compartir en Facebook<\/span><\/a><\/li><li class='av-share-link av-social-link-twitter' ><a target=\"_blank\" aria-label=\"Compartir en Twitter\" href='https:\/\/twitter.com\/share?text=Colocan%20sello%20Chile%20Cuida%20en%20Banco%20Estado%20para%20dar%20atenci%C3%B3n%20preferente%20a%20personas%20cuidadoras%20de%20la%20Regi%C3%B3n%20de%20Ays%C3%A9n&#038;url=https:\/\/radiorevelacionfm.cl\/?p=47742' aria-hidden='false' data-av_icon='\ue8f1' data-av_iconfont='entypo-fontello' title='' data-avia-related-tooltip='Compartir en Twitter' rel=\"noopener\"><span class='avia_hidden_link_text'>Compartir en Twitter<\/span><\/a><\/li><li class='av-share-link av-social-link-whatsapp' ><a target=\"_blank\" aria-label=\"Compartir en Whatsapp\" href='https:\/\/api.whatsapp.com\/send?text=https:\/\/radiorevelacionfm.cl\/?p=47742' aria-hidden='false' data-av_icon='\uf232' data-av_iconfont='entypo-fontello' title='' data-avia-related-tooltip='Compartir en Whatsapp' rel=\"noopener\"><span class='avia_hidden_link_text'>Compartir en Whatsapp<\/span><\/a><\/li><li class='av-share-link av-social-link-linkedin' ><a target=\"_blank\" aria-label=\"Compartir en LinkedIn\" href='https:\/\/linkedin.com\/shareArticle?mini=true&#038;title=Colocan%20sello%20Chile%20Cuida%20en%20Banco%20Estado%20para%20dar%20atenci%C3%B3n%20preferente%20a%20personas%20cuidadoras%20de%20la%20Regi%C3%B3n%20de%20Ays%C3%A9n&#038;url=https:\/\/radiorevelacionfm.cl\/?p=47742' aria-hidden='false' data-av_icon='\ue8fc' data-av_iconfont='entypo-fontello' title='' data-avia-related-tooltip='Compartir en LinkedIn' rel=\"noopener\"><span class='avia_hidden_link_text'>Compartir en LinkedIn<\/span><\/a><\/li><li class='av-share-link av-social-link-mail' ><a  aria-label=\"Compartir por correo\" href='mailto:?subject=Colocan%20sello%20Chile%20Cuida%20en%20Banco%20Estado%20para%20dar%20atenci%C3%B3n%20preferente%20a%20personas%20cuidadoras%20de%20la%20Regi%C3%B3n%20de%20Ays%C3%A9n&#038;body=https:\/\/radiorevelacionfm.cl\/?p=47742' aria-hidden='false' data-av_icon='\ue805' data-av_iconfont='entypo-fontello' title='' data-avia-related-tooltip='Compartir por correo'><span class='avia_hidden_link_text'>Compartir por correo<\/span><\/a><\/li><\/ul><\/div><\/div>\n<div  style='height:50px' class='hr hr-invisible   avia-builder-el-8  el_after_av_social_share  el_before_av_comments_list '><span class='hr-inner ' ><span class='hr-inner-style'><\/span><\/span><\/div>\n<div  class='av-buildercomment  av-blog-meta-html-info-disabled av-blog-meta-tag-disabled  '><\/div>\n","protected":false},"excerpt":{"rendered":"","protected":false},"author":1,"featured_media":47743,"comment_status":"open","ping_status":"open","sticky":false,"template":"","format":"standard","meta":{"footnotes":""},"categories":[38],"tags":[],"class_list":["post-47742","post","type-post","status-publish","format-standard","has-post-thumbnail","hentry","category-regional"],"jetpack_featured_media_url":"https:\/\/radiorevelacionfm.cl\/wp-content\/uploads\/2024\/11\/Fotogtrafia-1-1-1.jpeg","_links":{"self":[{"href":"https:\/\/radiorevelacionfm.cl\/index.php?rest_route=\/wp\/v2\/posts\/47742","targetHints":{"allow":["GET"]}}],"collection":[{"href":"https:\/\/radiorevelacionfm.cl\/index.php?rest_route=\/wp\/v2\/posts"}],"about":[{"href":"https:\/\/radiorevelacionfm.cl\/index.php?rest_route=\/wp\/v2\/types\/post"}],"author":[{"embeddable":true,"href":"https:\/\/radiorevelacionfm.cl\/index.php?rest_route=\/wp\/v2\/users\/1"}],"replies":[{"embeddable":true,"href":"https:\/\/radiorevelacionfm.cl\/index.php?rest_route=%2Fwp%2Fv2%2Fcomments&post=47742"}],"version-history":[{"count":1,"href":"https:\/\/radiorevelacionfm.cl\/index.php?rest_route=\/wp\/v2\/posts\/47742\/revisions"}],"predecessor-version":[{"id":47744,"href":"https:\/\/radiorevelacionfm.cl\/index.php?rest_route=\/wp\/v2\/posts\/47742\/revisions\/47744"}],"wp:featuredmedia":[{"embeddable":true,"href":"https:\/\/radiorevelacionfm.cl\/index.php?rest_route=\/wp\/v2\/media\/47743"}],"wp:attachment":[{"href":"https:\/\/radiorevelacionfm.cl\/index.php?rest_route=%2Fwp%2Fv2%2Fmedia&parent=47742"}],"wp:term":[{"taxonomy":"category","embeddable":true,"href":"https:\/\/radiorevelacionfm.cl\/index.php?rest_route=%2Fwp%2Fv2%2Fcategories&post=47742"},{"taxonomy":"post_tag","embeddable":true,"href":"https:\/\/radiorevelacionfm.cl\/index.php?rest_route=%2Fwp%2Fv2%2Ftags&post=47742"}],"curies":[{"name":"wp","href":"https:\/\/api.w.org\/{rel}","templated":true}]}}