{"id":47739,"date":"2024-11-05T22:56:44","date_gmt":"2024-11-06T01:56:44","guid":{"rendered":"https:\/\/radiorevelacionfm.cl\/?p=47739"},"modified":"2024-11-05T22:56:44","modified_gmt":"2024-11-06T01:56:44","slug":"la-agrupacion-de-jineteadas-y-tradiciones-de-la-patagonia-expresa-su-desilusion-y-enojo-por-el-incumplimiento-de-promesas-de-financiamiento","status":"publish","type":"post","link":"https:\/\/radiorevelacionfm.cl\/?p=47739","title":{"rendered":"La Agrupaci\u00f3n de Jineteadas y Tradiciones de la Patagonia expresa su desilusi\u00f3n y enojo por el incumplimiento de promesas de financiamiento"},"content":{"rendered":"<div class=\"flex_column av_one_full  flex_column_div av-zero-column-padding first  avia-builder-el-0  el_before_av_one_full  avia-builder-el-first  \" style='border-radius:0px; '><div  class='avia-image-container  av-styling-    avia-builder-el-1  avia-builder-el-no-sibling  avia-align-center '  itemprop=\"image\" itemscope=\"itemscope\" itemtype=\"https:\/\/schema.org\/ImageObject\"  ><div class='avia-image-container-inner'><div class='avia-image-overlay-wrap'><img decoding=\"async\" class='wp-image-47740 avia-img-lazy-loading-not-47740 avia_image' src=\"https:\/\/radiorevelacionfm.cl\/wp-content\/uploads\/2024\/11\/img-02-2_optimized.jpeg\" alt='' title='img-02-2_optimized' height=\"600\" width=\"807\"  itemprop=\"thumbnailUrl\" srcset=\"https:\/\/radiorevelacionfm.cl\/wp-content\/uploads\/2024\/11\/img-02-2_optimized.jpeg 807w, https:\/\/radiorevelacionfm.cl\/wp-content\/uploads\/2024\/11\/img-02-2_optimized-300x223.jpeg 300w, https:\/\/radiorevelacionfm.cl\/wp-content\/uploads\/2024\/11\/img-02-2_optimized-768x571.jpeg 768w, https:\/\/radiorevelacionfm.cl\/wp-content\/uploads\/2024\/11\/img-02-2_optimized-705x524.jpeg 705w, https:\/\/radiorevelacionfm.cl\/wp-content\/uploads\/2024\/11\/img-02-2_optimized-450x335.jpeg 450w, https:\/\/radiorevelacionfm.cl\/wp-content\/uploads\/2024\/11\/img-02-2_optimized-600x446.jpeg 600w\" sizes=\"(max-width: 807px) 100vw, 807px\" \/><\/div><\/div><\/div><\/div><div class=\"flex_column av_one_full  flex_column_div av-zero-column-padding first  avia-builder-el-2  el_after_av_one_full  el_before_av_one_full  column-top-margin\" style='border-radius:0px; '><section class=\"av_textblock_section \"  itemscope=\"itemscope\" itemtype=\"https:\/\/schema.org\/BlogPosting\" itemprop=\"blogPost\" ><div class='avia_textblock  '   itemprop=\"text\" ><p style=\"text-align: center;\"><strong><span style=\"font-size: 18pt;\">La Agrupaci\u00f3n de Jineteadas y Tradiciones de la Patagonia expresa su desilusi\u00f3n y enojo por el incumplimiento de promesas de financiamiento<\/span><\/strong><\/p>\n<div id=\"gtx-trans\" style=\"position: absolute; left: -50px; top: 4.31534px;\">\n<div class=\"gtx-trans-icon\"><\/div>\n<\/div>\n<\/div><\/section><\/div><div class=\"flex_column av_one_full  flex_column_div av-zero-column-padding first  avia-builder-el-4  el_after_av_one_full  el_before_av_hr  column-top-margin\" style='border-radius:0px; '><section class=\"av_textblock_section \"  itemscope=\"itemscope\" itemtype=\"https:\/\/schema.org\/BlogPosting\" itemprop=\"blogPost\" ><div class='avia_textblock  '   itemprop=\"text\" ><p dir=\"ltr\" style=\"text-align: justify;\">Ren\u00e1n Catal\u00e1n, presidente de la agrupaci\u00f3n, denuncia que la Gobernadora no ha cumplido con el compromiso de apoyo para los eventos culturales de la regi\u00f3n, poniendo en riesgo la continuidad de las tradicionales jineteadas de Iba\u00f1ez y otros festivales. Adem\u00e1s, se\u00f1ala la falta de coordinaci\u00f3n e inter\u00e9s por parte de la Municipalidad de R\u00edo Iba\u00f1ez y de instituciones clave como Sernatur y el Seremi de Cultura.<\/p>\n<p dir=\"ltr\" style=\"text-align: justify;\">La Agrupaci\u00f3n de Jineteadas y Tradiciones de la Patagonia, a trav\u00e9s de su presidente Ren\u00e1n Catal\u00e1n, expresa su profunda preocupaci\u00f3n y desilusi\u00f3n ante el incumplimiento de los compromisos adquiridos por la Gobernadora durante una reuni\u00f3n mantenida en el mes de julio pasado. En esa oportunidad, se nos asegur\u00f3 que contar\u00edamos con el respaldo de una l\u00ednea de financiamiento a trav\u00e9s del programa de fomento productivo, con el objetivo de garantizar la realizaci\u00f3n de los eventos culturales previstos para los meses de enero y febrero del pr\u00f3ximo a\u00f1o.<\/p>\n<p dir=\"ltr\" style=\"text-align: justify;\">A pesar de las promesas realizadas, a la fecha no se ha recibido ninguna confirmaci\u00f3n ni se ha avanzado en la gesti\u00f3n del financiamiento necesario para la realizaci\u00f3n de los eventos, entre los cuales se destacan las tradicionales jineteadas de Iba\u00f1ez. Este retraso no solo pone en riesgo la continuidad de esta emblem\u00e1tica fiesta, sino que tambi\u00e9n afecta a otros festivales y actividades culturales que se realizan en distintas localidades de la regi\u00f3n, fundamentales para el desarrollo social y econ\u00f3mico de nuestras comunidades.<\/p>\n<p dir=\"ltr\" style=\"text-align: justify;\">Falta de coordinaci\u00f3n y desinter\u00e9s institucional<\/p>\n<p dir=\"ltr\" style=\"text-align: justify;\">Lo que m\u00e1s preocupa a la Agrupaci\u00f3n es la falta de coordinaci\u00f3n y el desinter\u00e9s por parte de diversas instituciones clave que deber\u00edan estar apoyando de manera directa la promoci\u00f3n del turismo y la cultura. En particular, se ha evidenciado una desconexi\u00f3n constante con Sernatur, el servicio encargado de promover el turismo, y el Seremi de Cultura, cuyas funciones son vitales para la preservaci\u00f3n y promoci\u00f3n de las tradiciones culturales locales. Esta falta de apoyo institucional se agrava a\u00fan m\u00e1s con la ausencia de colaboraci\u00f3n por parte de la Municipalidad de R\u00edo Iba\u00f1ez, cuyo rol deber\u00eda ser fundamental en la organizaci\u00f3n y promoci\u00f3n de un evento de tal magnitud.<\/p>\n<p dir=\"ltr\" style=\"text-align: justify;\">\u00abEs alarmante la falta de comunicaci\u00f3n y apoyo de instituciones clave. Sernatur, que deber\u00eda estar a la vanguardia en la promoci\u00f3n de eventos tur\u00edsticos, no ha tomado un rol activo en este proceso, y el Seremi de Cultura parece estar ausente. Lo m\u00e1s grave es que la Municipalidad de R\u00edo Iba\u00f1ez, que es la que deber\u00eda liderar el apoyo log\u00edstico y organizativo de las jineteadas y otros eventos culturales, tambi\u00e9n se ha mostrado desinteresada. La cultura y el turismo est\u00e1n directamente relacionados, y la falta de alineaci\u00f3n entre estas instituciones y el gobierno regional est\u00e1 afectando gravemente a nuestra regi\u00f3n\u00bb, se\u00f1al\u00f3 Ren\u00e1n Catal\u00e1n.<\/p>\n<p dir=\"ltr\" style=\"text-align: justify;\">Una situaci\u00f3n cr\u00edtica para la econom\u00eda regional<\/p>\n<p dir=\"ltr\" style=\"text-align: justify;\">El presidente de la Agrupaci\u00f3n, junto a la comisi\u00f3n organizadora del festival, expres\u00f3 su malestar y el de todos los miembros de la comunidad que dependen de estos eventos para su sustento. \u00abNos sentimos enga\u00f1ados por las autoridades regionales. En julio nos aseguraron que el programa de fomento productivo era una realidad, pero hoy, a pocos meses de los eventos, no hay se\u00f1ales de apoyo. Esto no solo afecta a las jineteadas de Iba\u00f1ez, sino a una gran cantidad de eventos culturales que, cada a\u00f1o, movilizan la econom\u00eda local\u00bb, se\u00f1al\u00f3 Catal\u00e1n.<\/p>\n<p dir=\"ltr\" style=\"text-align: justify;\">Las jineteadas de Iba\u00f1ez son solo una parte de una agenda de actividades que incluyen m\u00fasica, danza, gastronom\u00eda y otras tradiciones, las cuales atraen a miles de turistas, artistas y trabajadores de diferentes rubros, como el transporte, la hoteler\u00eda, la gastronom\u00eda y el comercio local. Todos estos sectores se ven directamente impactados por la falta de financiamiento y la incertidumbre sobre la realizaci\u00f3n de los eventos. \u00abEstas festividades no son solo un espect\u00e1culo, son un motor econ\u00f3mico para nuestras localidades. Sin ellas, muchas familias que dependen de la organizaci\u00f3n de estos eventos quedar\u00edan sin sustento\u00bb, agreg\u00f3 el presidente.<\/p>\n<p dir=\"ltr\" style=\"text-align: justify;\">El compromiso con la cultura y el desarrollo econ\u00f3mico<\/p>\n<p dir=\"ltr\" style=\"text-align: justify;\">La Agrupaci\u00f3n de Jineteadas y Tradiciones de la Patagonia ha trabajado durante a\u00f1os para mantener vivas las tradiciones y promover el desarrollo cultural y econ\u00f3mico de la regi\u00f3n. Las jineteadas de Iba\u00f1ez son uno de los eventos m\u00e1s esperados por la comunidad y los turistas, y se han convertido en un s\u00edmbolo de la identidad cultural patag\u00f3nica. Sin embargo, la falta de apoyo por parte del gobierno regional y la descoordinaci\u00f3n entre las instituciones locales ponen en peligro la continuidad de estas actividades.<\/p>\n<p dir=\"ltr\" style=\"text-align: justify;\">\u00abLo que buscamos no es solo un financiamiento puntual, sino el reconocimiento de la importancia que estos eventos tienen para las comunidades. Son un motor de desarrollo, no solo en t\u00e9rminos econ\u00f3micos, sino tambi\u00e9n como un espacio de encuentro, identidad y orgullo para todos los habitantes de la regi\u00f3n\u00bb, se\u00f1al\u00f3 Catal\u00e1n<\/p>\n<p dir=\"ltr\" style=\"text-align: justify;\">El rol clave del apoyo privado<\/p>\n<p dir=\"ltr\" style=\"text-align: justify;\">Dada la situaci\u00f3n de incertidumbre y falta de respaldo por parte de las autoridades, la Agrupaci\u00f3n destaca la importancia del apoyo de los sectores privados para garantizar la realizaci\u00f3n de estos eventos. Las empresas y emprendedores locales tienen un rol fundamental en el financiamiento y la organizaci\u00f3n de las festividades, y la Agrupaci\u00f3n espera poder contar con su colaboraci\u00f3n para asegurar la continuidad de las tradicionales jineteadas de Iba\u00f1ez y otros festivales.<\/p>\n<p dir=\"ltr\" style=\"text-align: justify;\">\u00abEs clave que los privados se sumen a este esfuerzo. Este tipo de actividades no solo benefician a la comunidad de R\u00edo Iba\u00f1ez y la regi\u00f3n, sino que tambi\u00e9n ofrecen oportunidades de negocio y promoci\u00f3n para los empresarios que apoyen estos eventos. Esperamos contar con su apoyo para seguir llevando adelante estas fiestas, que son parte fundamental de nuestra identidad y motor econ\u00f3mico\u00bb, expres\u00f3 Ren\u00e1n Catal\u00e1n.<\/p>\n<p dir=\"ltr\" style=\"text-align: justify;\">Un llamado urgente a la Gobernadora, autoridades provinciales y la Municipalidad de R\u00edo Iba\u00f1ez<\/p>\n<p dir=\"ltr\" style=\"text-align: justify;\">Ante esta situaci\u00f3n, la Agrupaci\u00f3n de Jineteadas y Tradiciones de la Patagonia hace un llamado urgente a la Gobernadora, a las autoridades regionales y a la Municipalidad de R\u00edo Iba\u00f1ez para que cumplan con el compromiso adquirido y se resuelva de manera inmediata la asignaci\u00f3n de los fondos necesarios para llevar a cabo los eventos programados. \u00abEs fundamental que el gobierno entienda que nuestra regi\u00f3n no puede seguir esperando. La planificaci\u00f3n de estos eventos requiere tiempo y recursos, y necesitamos una respuesta concreta antes de que sea demasiado tarde\u00bb, concluy\u00f3 Catal\u00e1n.<\/p>\n<p dir=\"ltr\" style=\"text-align: justify;\">La agrupaci\u00f3n, junto con la comisi\u00f3n organizadora, se compromete a seguir trabajando para que las festividades y las tradiciones de la Patagonia sigan vivas, pero exige que el gobierno y las autoridades locales cumplan con su palabra para no dejar a la comunidad en la incertidumbre y el abandono.<\/p>\n<div class=\"yj6qo\" style=\"text-align: justify;\"><\/div>\n<\/div><\/section><\/div><div  style='height:50px' class='hr hr-invisible   avia-builder-el-6  el_after_av_one_full  el_before_av_social_share '><span class='hr-inner ' ><span class='hr-inner-style'><\/span><\/span><\/div><\/p>\n<div  class='av-social-sharing-box  avia-builder-el-7  el_after_av_hr  el_before_av_hr  '><div class='av-share-box'><h5 class='av-share-link-description av-no-toc '>Compartir esta noticia<\/h5><ul class='av-share-box-list noLightbox'><li class='av-share-link av-social-link-facebook' ><a target=\"_blank\" aria-label=\"Compartir en Facebook\" href='https:\/\/www.facebook.com\/sharer.php?u=https:\/\/radiorevelacionfm.cl\/?p=47739&#038;t=La%20Agrupaci%C3%B3n%20de%20Jineteadas%20y%20Tradiciones%20de%20la%20Patagonia%20expresa%20su%20desilusi%C3%B3n%20y%20enojo%20por%20el%20incumplimiento%20de%20promesas%20de%20financiamiento' aria-hidden='false' data-av_icon='\ue8f3' data-av_iconfont='entypo-fontello' title='' data-avia-related-tooltip='Compartir en Facebook' rel=\"noopener\"><span class='avia_hidden_link_text'>Compartir en Facebook<\/span><\/a><\/li><li class='av-share-link av-social-link-twitter' ><a target=\"_blank\" aria-label=\"Compartir en Twitter\" href='https:\/\/twitter.com\/share?text=La%20Agrupaci%C3%B3n%20de%20Jineteadas%20y%20Tradiciones%20de%20la%20Patagonia%20expresa%20su%20desilusi%C3%B3n%20y%20enojo%20por%20el%20incumplimiento%20de%20promesas%20de%20financiamiento&#038;url=https:\/\/radiorevelacionfm.cl\/?p=47739' aria-hidden='false' data-av_icon='\ue8f1' data-av_iconfont='entypo-fontello' title='' data-avia-related-tooltip='Compartir en Twitter' rel=\"noopener\"><span class='avia_hidden_link_text'>Compartir en Twitter<\/span><\/a><\/li><li class='av-share-link av-social-link-whatsapp' ><a target=\"_blank\" aria-label=\"Compartir en Whatsapp\" href='https:\/\/api.whatsapp.com\/send?text=https:\/\/radiorevelacionfm.cl\/?p=47739' aria-hidden='false' data-av_icon='\uf232' data-av_iconfont='entypo-fontello' title='' data-avia-related-tooltip='Compartir en Whatsapp' rel=\"noopener\"><span class='avia_hidden_link_text'>Compartir en Whatsapp<\/span><\/a><\/li><li class='av-share-link av-social-link-linkedin' ><a target=\"_blank\" aria-label=\"Compartir en LinkedIn\" href='https:\/\/linkedin.com\/shareArticle?mini=true&#038;title=La%20Agrupaci%C3%B3n%20de%20Jineteadas%20y%20Tradiciones%20de%20la%20Patagonia%20expresa%20su%20desilusi%C3%B3n%20y%20enojo%20por%20el%20incumplimiento%20de%20promesas%20de%20financiamiento&#038;url=https:\/\/radiorevelacionfm.cl\/?p=47739' aria-hidden='false' data-av_icon='\ue8fc' data-av_iconfont='entypo-fontello' title='' data-avia-related-tooltip='Compartir en LinkedIn' rel=\"noopener\"><span class='avia_hidden_link_text'>Compartir en LinkedIn<\/span><\/a><\/li><li class='av-share-link av-social-link-mail' ><a  aria-label=\"Compartir por correo\" href='mailto:?subject=La%20Agrupaci%C3%B3n%20de%20Jineteadas%20y%20Tradiciones%20de%20la%20Patagonia%20expresa%20su%20desilusi%C3%B3n%20y%20enojo%20por%20el%20incumplimiento%20de%20promesas%20de%20financiamiento&#038;body=https:\/\/radiorevelacionfm.cl\/?p=47739' aria-hidden='false' data-av_icon='\ue805' data-av_iconfont='entypo-fontello' title='' data-avia-related-tooltip='Compartir por correo'><span class='avia_hidden_link_text'>Compartir por correo<\/span><\/a><\/li><\/ul><\/div><\/div>\n<div  style='height:50px' class='hr hr-invisible   avia-builder-el-8  el_after_av_social_share  el_before_av_comments_list '><span class='hr-inner ' ><span class='hr-inner-style'><\/span><\/span><\/div>\n<div  class='av-buildercomment  av-blog-meta-html-info-disabled av-blog-meta-tag-disabled  '><\/div>\n","protected":false},"excerpt":{"rendered":"","protected":false},"author":1,"featured_media":47740,"comment_status":"open","ping_status":"open","sticky":false,"template":"","format":"standard","meta":{"footnotes":""},"categories":[38],"tags":[],"class_list":["post-47739","post","type-post","status-publish","format-standard","has-post-thumbnail","hentry","category-regional"],"jetpack_featured_media_url":"https:\/\/radiorevelacionfm.cl\/wp-content\/uploads\/2024\/11\/img-02-2_optimized.jpeg","_links":{"self":[{"href":"https:\/\/radiorevelacionfm.cl\/index.php?rest_route=\/wp\/v2\/posts\/47739","targetHints":{"allow":["GET"]}}],"collection":[{"href":"https:\/\/radiorevelacionfm.cl\/index.php?rest_route=\/wp\/v2\/posts"}],"about":[{"href":"https:\/\/radiorevelacionfm.cl\/index.php?rest_route=\/wp\/v2\/types\/post"}],"author":[{"embeddable":true,"href":"https:\/\/radiorevelacionfm.cl\/index.php?rest_route=\/wp\/v2\/users\/1"}],"replies":[{"embeddable":true,"href":"https:\/\/radiorevelacionfm.cl\/index.php?rest_route=%2Fwp%2Fv2%2Fcomments&post=47739"}],"version-history":[{"count":1,"href":"https:\/\/radiorevelacionfm.cl\/index.php?rest_route=\/wp\/v2\/posts\/47739\/revisions"}],"predecessor-version":[{"id":47741,"href":"https:\/\/radiorevelacionfm.cl\/index.php?rest_route=\/wp\/v2\/posts\/47739\/revisions\/47741"}],"wp:featuredmedia":[{"embeddable":true,"href":"https:\/\/radiorevelacionfm.cl\/index.php?rest_route=\/wp\/v2\/media\/47740"}],"wp:attachment":[{"href":"https:\/\/radiorevelacionfm.cl\/index.php?rest_route=%2Fwp%2Fv2%2Fmedia&parent=47739"}],"wp:term":[{"taxonomy":"category","embeddable":true,"href":"https:\/\/radiorevelacionfm.cl\/index.php?rest_route=%2Fwp%2Fv2%2Fcategories&post=47739"},{"taxonomy":"post_tag","embeddable":true,"href":"https:\/\/radiorevelacionfm.cl\/index.php?rest_route=%2Fwp%2Fv2%2Ftags&post=47739"}],"curies":[{"name":"wp","href":"https:\/\/api.w.org\/{rel}","templated":true}]}}