{"id":47735,"date":"2024-11-05T23:10:01","date_gmt":"2024-11-06T02:10:01","guid":{"rendered":"https:\/\/radiorevelacionfm.cl\/?p=47735"},"modified":"2024-11-06T13:07:15","modified_gmt":"2024-11-06T16:07:15","slug":"minagri-aysen-celebra-dia-de-la-mujer-rural-con-especial-programa-para-campesinas-regionales","status":"publish","type":"post","link":"https:\/\/radiorevelacionfm.cl\/?p=47735","title":{"rendered":"Minagri Ays\u00e9n celebra D\u00eda de la Mujer Rural con especial programa para campesinas regionales"},"content":{"rendered":"<div class=\"flex_column av_one_full  flex_column_div av-zero-column-padding first  avia-builder-el-0  el_before_av_one_full  avia-builder-el-first  \" style='border-radius:0px; '><div  class='avia-image-container  av-styling-    avia-builder-el-1  avia-builder-el-no-sibling  avia-align-center '  itemprop=\"image\" itemscope=\"itemscope\" itemtype=\"https:\/\/schema.org\/ImageObject\"  ><div class='avia-image-container-inner'><div class='avia-image-overlay-wrap'><img decoding=\"async\" class='wp-image-47736 avia-img-lazy-loading-not-47736 avia_image' src=\"https:\/\/radiorevelacionfm.cl\/wp-content\/uploads\/2024\/11\/Foto-encuentro-05-1-1.jpeg\" alt='' title='Foto encuentro 05 (1) (1)' height=\"600\" width=\"800\"  itemprop=\"thumbnailUrl\" srcset=\"https:\/\/radiorevelacionfm.cl\/wp-content\/uploads\/2024\/11\/Foto-encuentro-05-1-1.jpeg 800w, https:\/\/radiorevelacionfm.cl\/wp-content\/uploads\/2024\/11\/Foto-encuentro-05-1-1-300x225.jpeg 300w, https:\/\/radiorevelacionfm.cl\/wp-content\/uploads\/2024\/11\/Foto-encuentro-05-1-1-768x576.jpeg 768w, https:\/\/radiorevelacionfm.cl\/wp-content\/uploads\/2024\/11\/Foto-encuentro-05-1-1-705x529.jpeg 705w, https:\/\/radiorevelacionfm.cl\/wp-content\/uploads\/2024\/11\/Foto-encuentro-05-1-1-450x338.jpeg 450w, https:\/\/radiorevelacionfm.cl\/wp-content\/uploads\/2024\/11\/Foto-encuentro-05-1-1-600x450.jpeg 600w\" sizes=\"(max-width: 800px) 100vw, 800px\" \/><\/div><\/div><\/div><\/div><div class=\"flex_column av_one_full  flex_column_div av-zero-column-padding first  avia-builder-el-2  el_after_av_one_full  el_before_av_one_full  column-top-margin\" style='border-radius:0px; '><section class=\"av_textblock_section \"  itemscope=\"itemscope\" itemtype=\"https:\/\/schema.org\/BlogPosting\" itemprop=\"blogPost\" ><div class='avia_textblock  '   itemprop=\"text\" ><p style=\"text-align: center;\"><span style=\"font-size: 18pt;\"><b>Minagri Ays\u00e9n celebra D\u00eda de la Mujer Rural con especial programa para campesinas regionales<\/b><\/span><\/p>\n<div id=\"gtx-trans\" style=\"position: absolute; left: -50px; top: 4.31534px;\">\n<div class=\"gtx-trans-icon\"><\/div>\n<\/div>\n<\/div><\/section><\/div><div class=\"flex_column av_one_full  flex_column_div av-zero-column-padding first  avia-builder-el-4  el_after_av_one_full  el_before_av_hr  column-top-margin\" style='border-radius:0px; '><section class=\"av_textblock_section \"  itemscope=\"itemscope\" itemtype=\"https:\/\/schema.org\/BlogPosting\" itemprop=\"blogPost\" ><div class='avia_textblock  '   itemprop=\"text\" ><p><i>Medio centenar de mujeres campesinas de la regi\u00f3n asistieron al encuentro en la Reserva Nacional Rio Simpson.<\/i><\/p>\n<div style=\"text-align: justify;\">El seremi de Agricultura, Eugenio Ruiz, junto a la gobernadora regional de Ays\u00e9n, Andrea Mac\u00edas, encabez\u00f3 el pasado mi\u00e9rcoles el desarrollo del FNDR 8% \u201cSembrando autocuidado en las mujeres campesinas de Ays\u00e9n\u201d, adjudicado en junio pasado. Un total de 50 mujeres campesinas de las provincias de Ays\u00e9n, Coyhaique, Capit\u00e1n Prat y General Carrera asistieron al encuentro.<\/div>\n<div style=\"text-align: justify;\">El delegado presidencial provincial de Ays\u00e9n, Jorge D\u00edaz; la seremi de la Mujer y Equidad de G\u00e9nero, Isidora Gacit\u00faa; las directoras de INIA, INDAP, Sernameg y PRODEMU, el director de SAG, y representantes regionales de FIA y CNR, estuvieron presentes acompa\u00f1ando la jornada que se enmarc\u00f3 en la celebraci\u00f3n regional del D\u00eda Internacional de las Mujeres Rurales.<\/div>\n<div style=\"text-align: justify;\">Con el objetivo de generar espacios de autocuidado y esparcimiento que permitan desarrollar instancias diferentes a su quehacer diario, la instancia se form\u00f3 con un extenso d\u00eda de talleres de din\u00e1micas grupales al aire libre, charlas de prevenci\u00f3n contra la violencia hacia las mujeres, talleres de meditaci\u00f3n y respiraci\u00f3n guiada, caminatas e intercambio de semillas y saberes, entre otras.<\/div>\n<div style=\"text-align: justify;\">Canalizado a trav\u00e9s del financiamiento del Fondo Nacional de Desarrollo Regional, la gobernadora Andrea Mac\u00edas puntualiz\u00f3 que este proyecto \u201cviene a poner en valor todo el trabajo y aprendizaje que desarrollan las mujeres rurales, adem\u00e1s de brindar un espacio de autocuidado en un entorno natural y aprovechando las \u00c1reas Silvestres Protegidas en la regi\u00f3n. Distintos sectores del agro se han coordinado y sumado para tener este gran d\u00eda de actividades que han permitido instalar capacidades y conocimientos\u201d.<\/div>\n<div style=\"text-align: justify;\">Por otro lado, fueron 7 mujeres pertenecientes a las 7 agrupaciones campesinas que conforman la Mesa de la Mujer Rural de la regi\u00f3n que durante la celebraci\u00f3n recibieron un especial reconocimiento a su labor dirigencial y aporte al sector silvoagropecuario local. \u201cEl Ministerio de Agricultura est\u00e1 comprometido en visibilizar el aporte territorial de las mujeres rurales a la agricultura familiar campesina y en Ays\u00e9n avanzamos en esa directriz\u201d, indic\u00f3 el seremi Eugenio Ruiz.<\/div>\n<div style=\"text-align: justify;\">\u201cEsta ha sido una jornada muy provechosa desde la Reserva Nacional Rio Simpson donde han participado en distintas actividades. A trav\u00e9s de la sana convivencia entre ellas, se ha privilegiado el autocuidado y se ha evidenciado el inter\u00e9s en entregar los conocimientos adquiridos en sus comunidades y grupos cercanos\u201d, finaliz\u00f3 la autoridad regional del agro.<\/div>\n<div style=\"text-align: justify;\">En este sentido, la presidenta de la Agrupaci\u00f3n Cultural y Artesanal Manos Amigas El Blanco, Carmen Fierro Mu\u00f1oz, quien adem\u00e1s recibi\u00f3 este reconocimiento, destac\u00f3 que \u201cme quedo con la actividad hermosa que se hizo del autocuidado, durante ma\u00f1ana y tarde, donde pudimos disfrutar y compartir con nuestras compa\u00f1eras de labores porque aqu\u00ed somos todas campesinas\u201d.<\/div>\n<\/div><\/section><\/div><div  style='height:50px' class='hr hr-invisible   avia-builder-el-6  el_after_av_one_full  el_before_av_social_share '><span class='hr-inner ' ><span class='hr-inner-style'><\/span><\/span><\/div><\/p>\n<div  class='av-social-sharing-box  avia-builder-el-7  el_after_av_hr  el_before_av_hr  '><div class='av-share-box'><h5 class='av-share-link-description av-no-toc '>Compartir esta noticia<\/h5><ul class='av-share-box-list noLightbox'><li class='av-share-link av-social-link-facebook' ><a target=\"_blank\" aria-label=\"Compartir en Facebook\" href='https:\/\/www.facebook.com\/sharer.php?u=https:\/\/radiorevelacionfm.cl\/?p=47735&#038;t=Minagri%20Ays%C3%A9n%20celebra%20D%C3%ADa%20de%20la%20Mujer%20Rural%20con%20especial%20programa%20para%20campesinas%20regionales' aria-hidden='false' data-av_icon='\ue8f3' data-av_iconfont='entypo-fontello' title='' data-avia-related-tooltip='Compartir en Facebook' rel=\"noopener\"><span class='avia_hidden_link_text'>Compartir en Facebook<\/span><\/a><\/li><li class='av-share-link av-social-link-twitter' ><a target=\"_blank\" aria-label=\"Compartir en Twitter\" href='https:\/\/twitter.com\/share?text=Minagri%20Ays%C3%A9n%20celebra%20D%C3%ADa%20de%20la%20Mujer%20Rural%20con%20especial%20programa%20para%20campesinas%20regionales&#038;url=https:\/\/radiorevelacionfm.cl\/?p=47735' aria-hidden='false' data-av_icon='\ue8f1' data-av_iconfont='entypo-fontello' title='' data-avia-related-tooltip='Compartir en Twitter' rel=\"noopener\"><span class='avia_hidden_link_text'>Compartir en Twitter<\/span><\/a><\/li><li class='av-share-link av-social-link-whatsapp' ><a target=\"_blank\" aria-label=\"Compartir en Whatsapp\" href='https:\/\/api.whatsapp.com\/send?text=https:\/\/radiorevelacionfm.cl\/?p=47735' aria-hidden='false' data-av_icon='\uf232' data-av_iconfont='entypo-fontello' title='' data-avia-related-tooltip='Compartir en Whatsapp' rel=\"noopener\"><span class='avia_hidden_link_text'>Compartir en Whatsapp<\/span><\/a><\/li><li class='av-share-link av-social-link-linkedin' ><a target=\"_blank\" aria-label=\"Compartir en LinkedIn\" href='https:\/\/linkedin.com\/shareArticle?mini=true&#038;title=Minagri%20Ays%C3%A9n%20celebra%20D%C3%ADa%20de%20la%20Mujer%20Rural%20con%20especial%20programa%20para%20campesinas%20regionales&#038;url=https:\/\/radiorevelacionfm.cl\/?p=47735' aria-hidden='false' data-av_icon='\ue8fc' data-av_iconfont='entypo-fontello' title='' data-avia-related-tooltip='Compartir en LinkedIn' rel=\"noopener\"><span class='avia_hidden_link_text'>Compartir en LinkedIn<\/span><\/a><\/li><li class='av-share-link av-social-link-mail' ><a  aria-label=\"Compartir por correo\" href='mailto:?subject=Minagri%20Ays%C3%A9n%20celebra%20D%C3%ADa%20de%20la%20Mujer%20Rural%20con%20especial%20programa%20para%20campesinas%20regionales&#038;body=https:\/\/radiorevelacionfm.cl\/?p=47735' aria-hidden='false' data-av_icon='\ue805' data-av_iconfont='entypo-fontello' title='' data-avia-related-tooltip='Compartir por correo'><span class='avia_hidden_link_text'>Compartir por correo<\/span><\/a><\/li><\/ul><\/div><\/div>\n<div  style='height:50px' class='hr hr-invisible   avia-builder-el-8  el_after_av_social_share  el_before_av_comments_list '><span class='hr-inner ' ><span class='hr-inner-style'><\/span><\/span><\/div>\n<div  class='av-buildercomment  av-blog-meta-html-info-disabled av-blog-meta-tag-disabled  '><\/div>\n","protected":false},"excerpt":{"rendered":"","protected":false},"author":1,"featured_media":47736,"comment_status":"open","ping_status":"open","sticky":false,"template":"","format":"standard","meta":{"footnotes":""},"categories":[58],"tags":[],"class_list":["post-47735","post","type-post","status-publish","format-standard","has-post-thumbnail","hentry","category-agricultura"],"jetpack_featured_media_url":"https:\/\/radiorevelacionfm.cl\/wp-content\/uploads\/2024\/11\/Foto-encuentro-05-1-1.jpeg","_links":{"self":[{"href":"https:\/\/radiorevelacionfm.cl\/index.php?rest_route=\/wp\/v2\/posts\/47735","targetHints":{"allow":["GET"]}}],"collection":[{"href":"https:\/\/radiorevelacionfm.cl\/index.php?rest_route=\/wp\/v2\/posts"}],"about":[{"href":"https:\/\/radiorevelacionfm.cl\/index.php?rest_route=\/wp\/v2\/types\/post"}],"author":[{"embeddable":true,"href":"https:\/\/radiorevelacionfm.cl\/index.php?rest_route=\/wp\/v2\/users\/1"}],"replies":[{"embeddable":true,"href":"https:\/\/radiorevelacionfm.cl\/index.php?rest_route=%2Fwp%2Fv2%2Fcomments&post=47735"}],"version-history":[{"count":1,"href":"https:\/\/radiorevelacionfm.cl\/index.php?rest_route=\/wp\/v2\/posts\/47735\/revisions"}],"predecessor-version":[{"id":47737,"href":"https:\/\/radiorevelacionfm.cl\/index.php?rest_route=\/wp\/v2\/posts\/47735\/revisions\/47737"}],"wp:featuredmedia":[{"embeddable":true,"href":"https:\/\/radiorevelacionfm.cl\/index.php?rest_route=\/wp\/v2\/media\/47736"}],"wp:attachment":[{"href":"https:\/\/radiorevelacionfm.cl\/index.php?rest_route=%2Fwp%2Fv2%2Fmedia&parent=47735"}],"wp:term":[{"taxonomy":"category","embeddable":true,"href":"https:\/\/radiorevelacionfm.cl\/index.php?rest_route=%2Fwp%2Fv2%2Fcategories&post=47735"},{"taxonomy":"post_tag","embeddable":true,"href":"https:\/\/radiorevelacionfm.cl\/index.php?rest_route=%2Fwp%2Fv2%2Ftags&post=47735"}],"curies":[{"name":"wp","href":"https:\/\/api.w.org\/{rel}","templated":true}]}}